{"id":442817,"date":"2025-10-06T12:04:19","date_gmt":"2025-10-06T12:04:19","guid":{"rendered":"https:\/\/www.europesays.com\/fr\/442817\/"},"modified":"2025-10-06T12:04:19","modified_gmt":"2025-10-06T12:04:19","slug":"hilarie-burton-sophia-bush-james-lafferty-le-casting-reunit-presque-au-complet-a-paris-photos","status":"publish","type":"post","link":"https:\/\/www.europesays.com\/fr\/442817\/","title":{"rendered":"Hilarie Burton, Sophia Bush, James Lafferty\u2026 Le casting r\u00e9unit presque au complet \u00e0 Paris (PHOTOS)"},"content":{"rendered":"<p>Une partie du casting des Fr\u00e8res Scott s\u2019est retrouv\u00e9 \u00e0 Paris pour aller \u00e0 la rencontre des fans de la s\u00e9rie. La quasi totalit\u00e9 des acteurs \u00e9taient pr\u00e9sents pour ce week-end sp\u00e9cial au coeur de la capitale fran\u00e7aise.<\/p>\n<p>Voil\u00e0 maintenant 13 ans que la s\u00e9rie Les Fr\u00e8res Scott s&rsquo;est termin\u00e9e. Malgr\u00e9 les ann\u00e9es qui passent, elle est toujours autant aim\u00e9e par les fans. R\u00e9guli\u00e8rement rediffus\u00e9e \u00e0 la t\u00e9l\u00e9vision, la s\u00e9rie est \u00e9galement disponible sur la plateforme de streaming Prime Video. Les acteurs continuent d&rsquo;ailleurs d&rsquo;entretenir cette nostalgie en parlant tr\u00e8s souvent des Fr\u00e8res Scott dans les m\u00e9dias. Une com\u00e9dienne a, par exemple, \u00e9voqu\u00e9 les sc\u00e9narios de la s\u00e9rie<a href=\"https:\/\/www.programme-tv.net\/news\/series-tv\/382974-les-freres-scott-je-ne-suis-pas-a-laise-en-maillot-de-bain-cette-actrice-a-ete-tres-genee-en-decouvrant-les-scenarios-de-la-serie\/\" data-api-deeplink=\"teleloisirs:\/\/news\/382974\" target=\"_blank\" rel=\"noopener\"> en expliquant ne pas avoir \u00e9t\u00e9 \u00e0 l&rsquo;aise lors du tournage d&rsquo;une sc\u00e8ne en maillot de bain.<\/a> De son c\u00f4t\u00e9,<a href=\"https:\/\/www.programme-tv.net\/news\/series-tv\/377268-les-freres-scott-c-est-toujours-un-peu-embarrassant-austin-nichols-julian-balance-sur-cette-habitude-genante-des-fans\/\" data-api-deeplink=\"teleloisirs:\/\/news\/377268\" target=\"_blank\" rel=\"noopener\"> Austin Nichols a point\u00e9 du doigt une habitude assez embarrassante des fans des Fr\u00e8res Scott.<\/a><\/p>\n<p>Les acteurs des Fr\u00e8res Scott r\u00e9unis \u00e0 Paris pour rencontrer leurs fans<\/p>\n<p>Il y a quelques semaines, <a href=\"https:\/\/www.programme-tv.net\/news\/series-tv\/386113-les-freres-scott-je-suis-tellement-excitee-sophia-bush-annonce-une-grande-nouvelle-aux-fans-francais\/\" data-api-deeplink=\"teleloisirs:\/\/news\/386113\" target=\"_blank\" rel=\"noopener\">Sophia Bush a annonc\u00e9 une bonne nouvelle aux fans fran\u00e7ais<\/a>, puisqu&rsquo;une r\u00e9union du casting des Fr\u00e8res Scott \u00e9tait programm\u00e9e. \u00ab\u00a0Union Conventions remet le couvert pour Tree Hill is your home 2 et je ne vais pas manquer \u00e7a. On se retrouve le 4 et 5 octobre ! J\u2019ai trop h\u00e2te !\u00a0\u00bb, a-t-elle d\u00e9clar\u00e9, avant d&rsquo;ajouter : \u00ab\u00a0Paris, je t\u2019aime ! Et j\u2019ai h\u00e2te de revenir pour des c\u00e2lins, des rires, des baguettes, des escargots, des mus\u00e9es, des balades nocturnes et mes amis.\u00a0\u00bb Ce week-end, de nombreux fans se sont donc rendus sur place pour rencontrer leurs acteurs pr\u00e9f\u00e9r\u00e9s.<\/p>\n<p>                        \u00ab\u00a0Deux beaux jours avec vous tous \u00e0 Paris\u00a0\u00bb : Jana Kramer poste des photos avec ses partenaires des Fr\u00e8res Scott<\/p>\n<p>Parmi eux, il y avait notamment Hilarie Burton, Sophia Bush, James Laffert et bien d&rsquo;autres. Une r\u00e9union immortalis\u00e9e par les com\u00e9diens via les r\u00e9seaux sociaux. <a href=\"https:\/\/www.programme-tv.net\/biographie\/183595-kramer-jana\/\" data-link-people=\"f92a8dfb-317a-41ea-99ff-96d6217f8607\" target=\"_blank\" rel=\"noopener\">Jana Kramer<\/a> (Alex Dupre) a post\u00e9 plusieurs photos sur Instagram avec en commentaire : \u00ab\u00a0Deux beaux jours avec vous tous \u00e0 Paris pour la convention OTH. <b>Merci \u00e0 tous ceux qui sont venus passer du temps avec nous. <\/b>Nous nous sommes tous sentis si accueillis et aim\u00e9s. \u00c0 la prochaine.\u00a0\u00bb<\/p>\n<p>Les acteurs des Fr\u00e8res Scott touch\u00e9s par l&rsquo;amour des fans<\/p>\n<p>De son c\u00f4t\u00e9, Barbara Woods (Deb) a publi\u00e9 une photo avec Sophia Bush (Brooke Davis), Antwon Tanner (Skills) et bien d&rsquo;autres avec des fans. Un moment de joie et de bonheur pour tout le monde. De son c\u00f4t\u00e9, Antwon Tanner a adress\u00e9 un message de remerciement en d\u00e9clarant :<b> \u00ab\u00a0Merci \u00e0 Paris pour tout l&rsquo;amour que vous m&rsquo;avez montr\u00e9 ce week-end. J&rsquo;appr\u00e9cie et j&rsquo;aime vraiment tous mes fans. Merci pour l&rsquo;invitation.\u00a0\u00bb<\/b><\/p>\n<blockquote class=\"instagram-media\" data-instgrm-captioned=\"\" data-instgrm-permalink=\"https:\/\/www.instagram.com\/p\/DPcBUXOEefu\/?utm_source=ig_embed&amp;utm_campaign=loading\" data-instgrm-version=\"14\" style=\" background:#FFF; border:0; border-radius:3px; box-shadow:0 0 1px 0 rgba(0,0,0,0.5),0 1px 10px 0 rgba(0,0,0,0.15); margin: 1px; max-width:658px; min-width:326px; padding:0; width:99.375%; width:-webkit-calc(100% - 2px); width:calc(100% - 2px);\"\/>\n<blockquote class=\"instagram-media\" data-instgrm-captioned=\"\" data-instgrm-permalink=\"https:\/\/www.instagram.com\/p\/DPbzqO0EWQz\/?utm_source=ig_embed&amp;utm_campaign=loading\" data-instgrm-version=\"14\" style=\" background:#FFF; border:0; border-radius:3px; box-shadow:0 0 1px 0 rgba(0,0,0,0.5),0 1px 10px 0 rgba(0,0,0,0.15); margin: 1px; max-width:658px; min-width:326px; padding:0; width:99.375%; width:-webkit-calc(100% - 2px); width:calc(100% - 2px);\"\/>\n<blockquote class=\"instagram-media\" data-instgrm-captioned=\"\" data-instgrm-permalink=\"https:\/\/www.instagram.com\/reel\/DPdKsS-iNBA\/?utm_source=ig_embed&amp;utm_campaign=loading\" data-instgrm-version=\"14\" style=\" background:#FFF; border:0; border-radius:3px; box-shadow:0 0 1px 0 rgba(0,0,0,0.5),0 1px 10px 0 rgba(0,0,0,0.15); margin: 1px; max-width:658px; min-width:326px; padding:0; width:99.375%; width:-webkit-calc(100% - 2px); width:calc(100% - 2px);\"\/>\n<p>Article \u00e9crit avec la collaboration de 6m\u00e9dias.<\/p>\n<p>        <script async src=\"\/\/www.instagram.com\/embed.js\"><\/script><\/p>\n","protected":false},"excerpt":{"rendered":"Une partie du casting des Fr\u00e8res Scott s\u2019est retrouv\u00e9 \u00e0 Paris pour aller \u00e0 la rencontre des fans&hellip;\n","protected":false},"author":2,"featured_media":442818,"comment_status":"","ping_status":"","sticky":false,"template":"","format":"standard","meta":{"footnotes":""},"categories":[1888],"tags":[1111,1928,11,1927,4225,244,1777,674,1011,27,56913,19013,12,1926,626,1925,4224,25,19010,10396,4496,129],"class_list":{"0":"post-442817","1":"post","2":"type-post","3":"status-publish","4":"format-standard","5":"has-post-thumbnail","7":"category-paris","8":"tag-actu","9":"tag-actu-paris","10":"tag-actualites","11":"tag-actualites-paris","12":"tag-amazon-prime-vidu00e9o","13":"tag-commentaire","14":"tag-eu","15":"tag-europe","16":"tag-fr","17":"tag-france","18":"tag-hilarie-burton","19":"tag-les-fru00e8res-scott","20":"tag-news","21":"tag-news-paris","22":"tag-paris","23":"tag-paris-news","24":"tag-pub-streaming-prime-video","25":"tag-republique-francaise","26":"tag-sophia-bush","27":"tag-su00e9ries-nostalgie","28":"tag-superstream","29":"tag-svod"},"share_on_mastodon":{"url":"https:\/\/pubeurope.com\/@fr\/115327130950028033","error":""},"_links":{"self":[{"href":"https:\/\/www.europesays.com\/fr\/wp-json\/wp\/v2\/posts\/442817","targetHints":{"allow":["GET"]}}],"collection":[{"href":"https:\/\/www.europesays.com\/fr\/wp-json\/wp\/v2\/posts"}],"about":[{"href":"https:\/\/www.europesays.com\/fr\/wp-json\/wp\/v2\/types\/post"}],"author":[{"embeddable":true,"href":"https:\/\/www.europesays.com\/fr\/wp-json\/wp\/v2\/users\/2"}],"replies":[{"embeddable":true,"href":"https:\/\/www.europesays.com\/fr\/wp-json\/wp\/v2\/comments?post=442817"}],"version-history":[{"count":0,"href":"https:\/\/www.europesays.com\/fr\/wp-json\/wp\/v2\/posts\/442817\/revisions"}],"wp:featuredmedia":[{"embeddable":true,"href":"https:\/\/www.europesays.com\/fr\/wp-json\/wp\/v2\/media\/442818"}],"wp:attachment":[{"href":"https:\/\/www.europesays.com\/fr\/wp-json\/wp\/v2\/media?parent=442817"}],"wp:term":[{"taxonomy":"category","embeddable":true,"href":"https:\/\/www.europesays.com\/fr\/wp-json\/wp\/v2\/categories?post=442817"},{"taxonomy":"post_tag","embeddable":true,"href":"https:\/\/www.europesays.com\/fr\/wp-json\/wp\/v2\/tags?post=442817"}],"curies":[{"name":"wp","href":"https:\/\/api.w.org\/{rel}","templated":true}]}}