{"id":442823,"date":"2025-10-06T12:07:11","date_gmt":"2025-10-06T12:07:11","guid":{"rendered":"https:\/\/www.europesays.com\/fr\/442823\/"},"modified":"2025-10-06T12:07:11","modified_gmt":"2025-10-06T12:07:11","slug":"zelensky-denonce-lusage-de-technologies-etrangeres-dans-larmement-russe","status":"publish","type":"post","link":"https:\/\/www.europesays.com\/fr\/442823\/","title":{"rendered":"Zelensky d\u00e9nonce l&rsquo;usage de technologies \u00e9trang\u00e8res dans l&rsquo;armement russe"},"content":{"rendered":"<p class=\"ap-StoryElement ap-StoryElement--mb ap-StoryText\">\u00ab\u00a0Lors des frappes massives dans la nuit du 5 octobre (de samedi \u00e0 dimanche), la Russie a utilis\u00e9 549 syst\u00e8mes d&rsquo;armes contenant 102.785 composants de fabrication \u00e9trang\u00e8re\u00a0\u00bb, a affirm\u00e9 M. Zelensky sur les r\u00e9seaux sociaux.<\/p>\n<p class=\"ap-StoryElement ap-StoryElement--mb ap-StoryText\">Il a cit\u00e9 les Etats-Unis, la Chine, Ta\u00efwan, le Royaume-Uni, l&rsquo;Allemagne, la Suisse, le Japon, la Cor\u00e9e du Sud et les Pays-Bas, en les accusant de ne pas emp\u00eacher ces approvisionnements.<\/p>\n<p class=\"ap-StoryElement ap-StoryElement--mb ap-StoryText\">Ces entreprises \u00e9trang\u00e8res fournissent entre autres des syst\u00e8mes informatiques, microprocesseurs, capteurs ou convertisseurs de l&rsquo;analogique vers le num\u00e9rique, permettant le fonctionnement des missiles et drones, selon le pr\u00e9sident ukrainien.<\/p>\n<p><a href=\"https:\/\/www.lalibre.be\/international\/europe\/guerre-ukraine-russie\/2025\/10\/02\/grace-a-trump-lukraine-pourrait-paralyser-leconomie-de-guerre-russe-MJHJBPSB4BFFVBBUCMYZN5SZXY\/\" target=\"_blank\" rel=\"noopener noreferrer\" class=\"ap-StoryInterstitialLink ap-StoryElement ap-StoryElement--mb\">Donald Trump est pr\u00eat \u00e0 partager des informations ultra-secr\u00e8tes avec l&rsquo;Ukraine, qui pourraient mettre \u00e0 mal les plans de Vladimir Poutine<\/a><\/p>\n<p class=\"ap-StoryElement ap-StoryElement--mb ap-StoryText\">Les missiles balistiques russes comme l&rsquo;Iskander ou le Kinjal utilisent des technologies import\u00e9es des Etats-Unis, a-t-il relev\u00e9.<\/p>\n<p class=\"ap-StoryElement ap-StoryElement--mb ap-StoryText\">Par ailleurs \u00ab\u00a0les microcontr\u00f4leurs des drones sont fabriqu\u00e9s en Suisse, tandis que les micro-ordinateurs pour le contr\u00f4le des vols (de ces engins) sont produits au Royaume-Uni\u00a0\u00bb, a d\u00e9taill\u00e9 Volodymyr Zelensky.<\/p>\n<p class=\"ap-StoryElement ap-StoryElement--mb ap-StoryText\">\u00ab\u00a0Nous avons communiqu\u00e9 des propositions visant \u00e0 r\u00e9duire ces habitudes d&rsquo;approvisionnement. Nos partenaires disposent d\u00e9j\u00e0 de donn\u00e9es d\u00e9taill\u00e9es sur quelle entreprise et quel produit cibler et comment r\u00e9agir\u00a0\u00bb, a-t-il d\u00e9clar\u00e9.<\/p>\n<p class=\"ap-StoryElement ap-StoryElement--mb ap-StoryText\">La Russie intensifie actuellement ses attaques a\u00e9riennes nocturnes contre l&rsquo;Ukraine, visant notamment son r\u00e9seau \u00e9lectrique et provoquant des coupures de courant.<\/p>\n<p><a href=\"https:\/\/www.lalibre.be\/international\/europe\/guerre-ukraine-russie\/2025\/10\/02\/la-russie-aurait-planifie-plusieurs-attaques-en-europe-avec-des-conserves-remplies-dexplosifs-un-individu-arrete-en-pologne-WQANMXOL5NAELJURXDWBHLIVEA\/\" target=\"_blank\" rel=\"noopener noreferrer\" class=\"ap-StoryInterstitialLink ap-StoryElement ap-StoryElement--mb\">La Russie aurait planifi\u00e9 plusieurs attaques en Europe avec des conserves remplies d&rsquo;explosifs: un individu arr\u00eat\u00e9 en Pologne<\/a><\/p>\n<p class=\"text-left ap-StoryElement ap-StoryElement--mb ap-StoryText\">Dans la nuit de samedi \u00e0 dimanche, <a href=\"https:\/\/www.lalibre.be\/international\/europe\/guerre-ukraine-russie\/2025\/10\/06\/russie-attaque-ukrainienne-massive-avec-plus-de-250-drones-interceptes-selon-moscou-YCEMQTDMQBHBZFH4TD3KR3LPJE\/\" target=\"_self\" rel=\"noopener\">pr\u00e8s de 500 drones et plus de 50 missiles ont frapp\u00e9 le pays<\/a>, tuant quatre personnes dans la ville de Lviv (ouest) et une autre dans celle de Zaporijjia (sud).<\/p>\n<p class=\"ap-StoryElement ap-StoryElement--mb ap-StoryText\">Il s&rsquo;agissait de la plus grande attaque contre la r\u00e9gion de Lviv depuis le d\u00e9but de l&rsquo;invasion russe \u00e0 grande \u00e9chelle en 2022, selon son gouverneur Maksym Kozytsky.<\/p>\n<p class=\"ap-StoryElement ap-StoryElement--mb ap-StoryText\">Le pr\u00e9sident ukrainien a par ailleurs indiqu\u00e9 lundi lors d&rsquo;un forum international des industries de la d\u00e9fense \u00e0 Kiev que depuis 2022, \u00ab\u00a0les capacit\u00e9s de l&rsquo;industrie ukrainienne de la d\u00e9fense ont \u00e9t\u00e9 multipli\u00e9es par dix\u00a0\u00bb.<\/p>\n<p class=\"ap-StoryElement ap-StoryElement--mb ap-StoryText\">\u00ab\u00a0Plus de 40% des armes utilis\u00e9es au front sont soit fabriqu\u00e9es en Ukraine, soit produites avec l&rsquo;Ukraine\u00a0\u00bb, a-t-il assur\u00e9.<\/p>\n","protected":false},"excerpt":{"rendered":"\u00ab\u00a0Lors des frappes massives dans la nuit du 5 octobre (de samedi \u00e0 dimanche), la Russie a utilis\u00e9&hellip;\n","protected":false},"author":2,"featured_media":442824,"comment_status":"","ping_status":"","sticky":false,"template":"","format":"standard","meta":{"footnotes":""},"categories":[1591],"tags":[11,6376,2120,1887,12,1885,1886,132,220,134],"class_list":{"0":"post-442823","1":"post","2":"type-post","3":"status-publish","4":"format-standard","5":"has-post-thumbnail","7":"category-russie","8":"tag-actualites","9":"tag-armes","10":"tag-conflit","11":"tag-federation-de-russie","12":"tag-news","13":"tag-russia","14":"tag-russian-federation","15":"tag-russie","16":"tag-ukraine","17":"tag-volodymyr-zelensky"},"share_on_mastodon":{"url":"https:\/\/pubeurope.com\/@fr\/115327143311574846","error":""},"_links":{"self":[{"href":"https:\/\/www.europesays.com\/fr\/wp-json\/wp\/v2\/posts\/442823","targetHints":{"allow":["GET"]}}],"collection":[{"href":"https:\/\/www.europesays.com\/fr\/wp-json\/wp\/v2\/posts"}],"about":[{"href":"https:\/\/www.europesays.com\/fr\/wp-json\/wp\/v2\/types\/post"}],"author":[{"embeddable":true,"href":"https:\/\/www.europesays.com\/fr\/wp-json\/wp\/v2\/users\/2"}],"replies":[{"embeddable":true,"href":"https:\/\/www.europesays.com\/fr\/wp-json\/wp\/v2\/comments?post=442823"}],"version-history":[{"count":0,"href":"https:\/\/www.europesays.com\/fr\/wp-json\/wp\/v2\/posts\/442823\/revisions"}],"wp:featuredmedia":[{"embeddable":true,"href":"https:\/\/www.europesays.com\/fr\/wp-json\/wp\/v2\/media\/442824"}],"wp:attachment":[{"href":"https:\/\/www.europesays.com\/fr\/wp-json\/wp\/v2\/media?parent=442823"}],"wp:term":[{"taxonomy":"category","embeddable":true,"href":"https:\/\/www.europesays.com\/fr\/wp-json\/wp\/v2\/categories?post=442823"},{"taxonomy":"post_tag","embeddable":true,"href":"https:\/\/www.europesays.com\/fr\/wp-json\/wp\/v2\/tags?post=442823"}],"curies":[{"name":"wp","href":"https:\/\/api.w.org\/{rel}","templated":true}]}}