{"id":442836,"date":"2025-10-06T12:14:16","date_gmt":"2025-10-06T12:14:16","guid":{"rendered":"https:\/\/www.europesays.com\/fr\/442836\/"},"modified":"2025-10-06T12:14:16","modified_gmt":"2025-10-06T12:14:16","slug":"trump-annonce-la-premiere-vague-de-licenciements-apres-cinq-jours-de-shutdown","status":"publish","type":"post","link":"https:\/\/www.europesays.com\/fr\/442836\/","title":{"rendered":"Trump annonce la premi\u00e8re vague de licenciements apr\u00e8s cinq jours de \u00ab\u00a0shutdown\u00a0\u00bb"},"content":{"rendered":"<p>        <img decoding=\"async\" loading=\"lazy\" src=\"https:\/\/www.europesays.com\/fr\/wp-content\/uploads\/2025\/10\/effe918_upload-1-jocrzcmf8y88-afp-20251005-77rh8ck-v1-midres-uspoliticstrump.jpg\"  width=\"728\" height=\"410\" alt=\"Donald Trump a annonc\u00e9, ce dimanche 5\u00a0octobre, le d\u00e9but des licenciements dans les services f\u00e9d\u00e9raux, li\u00e9s au \u00ab\u00a0shutdown\u00a0\u00bb.\"\/>  <\/p>\n<p>ANDREW CABALLERO-REYNOLDS \/ AFP<\/p>\n<p>Donald Trump a annonc\u00e9, ce dimanche 5\u00a0octobre, le d\u00e9but des licenciements dans les services f\u00e9d\u00e9raux, li\u00e9s au \u00ab\u00a0shutdown\u00a0\u00bb.<\/p>\n<p class=\"asset asset-text\">\u00c9TATS-UNIS &#8211; Le pr\u00e9sident am\u00e9ricain a mis <a href=\"https:\/\/www.huffingtonpost.fr\/international\/article\/pourquoi-le-shutdown-aux-etats-unis-s-annonce-plus-inquietant-que-les-precedents_255458.html\" target=\"_blank\" rel=\"noopener\">ses menaces <\/a>\u00e0 ex\u00e9cution. Cinq jours apr\u00e8s le d\u00e9but du<a href=\"https:\/\/www.huffingtonpost.fr\/international\/video\/les-etats-unis-de-trump-en-situation-de-shutdown-faute-d-accord-budgetaire-une-premiere-depuis-2018_255446.html\" target=\"_blank\" rel=\"noopener\"> <\/a><a href=\"https:\/\/www.huffingtonpost.fr\/international\/video\/les-etats-unis-de-trump-en-situation-de-shutdown-faute-d-accord-budgetaire-une-premiere-depuis-2018_255446.html\" target=\"_blank\" rel=\"noopener\">22e \u00ab\u00a0shutdown\u00a0\u00bb<\/a> aux \u00c9tats-Unis, <a href=\"https:\/\/www.huffingtonpost.fr\/tech-futurs\/video\/on-vous-presente-larry-ellison-le-multimilliardaire-conservateur-a-qui-donald-trump-confie-tiktok-clx1_255383.html\" target=\"_blank\" rel=\"noopener\">Donald Trump <\/a>a annonc\u00e9, ce dimanche 5\u00a0octobre dans la soir\u00e9e, le d\u00e9but des licenciements dans les services f\u00e9d\u00e9raux.<\/p>\n<p class=\"asset asset-text\">\u00ab\u00a0C\u2019est en cours en ce moment m\u00eame\u00a0\u00bb, a d\u00e9clar\u00e9 Donald Trump devant des journalistes \u00e0 la Maison Blanche \u00e0 propos de ces licenciements d\u00e9finitifs. Alors que le r\u00e9publicain pr\u00e9voit des \u00ab\u00a0milliers\u00a0\u00bb de mises \u00e0 pied, des centaines de milliers de fonctionnaires sont, en parall\u00e8le, au ch\u00f4mage technique.<\/p>\n<p class=\"asset asset-text\">Le conflit entre d\u00e9mocrates et r\u00e9publicains au sujet de ce blocage budg\u00e9taire, qui a commenc\u00e9 le 1er\u00a0octobre, ne montre aucun signe d\u2019apaisement et Donald Trump a de nouveau bl\u00e2m\u00e9 les d\u00e9mocrates dimanche.<\/p>\n<p>    Pas touche aux salaires des militaires    <\/p>\n<p class=\"asset asset-text\">\u00ab\u00a0Tout \u00e7a, c\u2019est la faute des d\u00e9mocrates. Les d\u00e9mocrates provoquent la perte de beaucoup d\u2019emplois\u00a0\u00bb, a ainsi d\u00e9cr\u00e9t\u00e9 le pr\u00e9sident am\u00e9ricain devant les journalistes, avant de brutalement changer de sujet pour inaugurer une nouvelle galerie de portraits pr\u00e9sidentiels aux encadrements dor\u00e9s.<\/p>\n<p> La lecture de ce contenu est susceptible d\u2019entra\u00eener un d\u00e9p\u00f4t de cookies de la part de l\u2019op\u00e9rateur tiers qui l\u2019h\u00e9berge. Compte-tenu des choix que vous avez exprim\u00e9s en mati\u00e8re de d\u00e9p\u00f4t de cookies, nous avons bloqu\u00e9 l\u2019affichage de ce contenu. Si vous souhaitez y acc\u00e9der, vous devez accepter la cat\u00e9gorie de cookies \u201cContenus tiers\u201d en cliquant sur le bouton ci-dessous. <\/p>\n<p> Lire la Vid\u00e9o        <\/p>\n<p class=\"asset asset-text\">Donald Trump menace aussi de supprimer des agences f\u00e9d\u00e9rales, qu\u2019il qualifie d\u2019\u00ab\u00a0ARNAQUE politique\u00a0\u00bb. \u00ab\u00a0Je n\u2019arrive pas \u00e0 croire que les d\u00e9mocrates extr\u00e9mistes de gauche m\u2019ont donn\u00e9 cette opportunit\u00e9 sans pr\u00e9c\u00e9dent\u00a0\u00bb, s\u2019\u00e9tait-il r\u00e9joui jeudi \u00e0 ce propos.<\/p>\n<p class=\"asset asset-text\">Ce dimanche, le locataire de la Maison Blanche a en revanche voulu rassurer les soldats de la Marine, lors de la c\u00e9r\u00e9monie du 250e anniversaire de la Navy\u00a0: \u00ab\u00a0Je veux que vous sachiez que malgr\u00e9 la paralysie budg\u00e9taire actuelle provoqu\u00e9e par les d\u00e9mocrates, nous verserons jusqu\u2019au dernier centime \u00e0 nos militaires. Ne vous inqui\u00e9tez pas.\u00a0\u00bb<\/p>\n<p>    Dans l\u2019impasse    <\/p>\n<p class=\"asset asset-text\">Au-del\u00e0 des menaces, la majorit\u00e9 pr\u00e9sidentielle esp\u00e8re qu\u2019un nombre suffisant de s\u00e9nateurs d\u00e9mocrates finira par c\u00e9der et voter en faveur du texte budg\u00e9taire r\u00e9publicain.<\/p>\n<p class=\"asset asset-text\">Mais aucune discussion n\u2019a eu lieu entre les principaux dirigeants du Congr\u00e8s depuis leur r\u00e9union infructueuse lundi dernier \u00e0 la Maison Blanche, selon un haut responsable d\u00e9mocrate. Son camp refuse de c\u00e9der sur la question cruciale des subventions \u00e0 l\u2019assurance sant\u00e9.<\/p>\n<p class=\"asset asset-text\">Le chef de la majorit\u00e9 r\u00e9publicaine au S\u00e9nat, John Thune, a reconnu que les deux camps se trouvaient toujours \u00ab\u00a0dans l\u2019impasse\u00a0\u00bb et laiss\u00e9 entendre que davantage de travailleurs am\u00e9ricains allaient en payer le prix. \u00ab\u00a0Cela va devenir g\u00eanant\u00a0\u00bb, a-t-il sous-entendu sur Fox News, tout en confirmant que des discussions en coulisses se poursuivaient sur une possible prolongation des subventions \u00e0 l\u2019\u00ab\u00a0Obamacare\u00a0\u00bb, le programme d\u2019assurance sant\u00e9 pour les classes populaires.<\/p>\n<p class=\"asset asset-text\">Combien de temps le blocage, in\u00e9dit depuis sept ans, peut-il se prolonger\u00a0? \u00ab\u00a0Aussi longtemps que les d\u00e9mocrates le voudront\u00a0\u00bb, a r\u00e9pondu John Thune.<\/p>\n<p>                     \u00ab\u00a0 Augmentation spectaculaire\u00a0\u00bb des co\u00fbts pour la sant\u00e9    <\/p>\n<p class=\"asset asset-text\">En mars, lorsqu\u2019une menace de \u00ab\u00a0shutdown\u00a0\u00bb planait d\u00e9j\u00e0, les d\u00e9mocrates avaient c\u00e9d\u00e9 les premiers, une minorit\u00e9 d\u2019entre eux acceptant de voter une r\u00e9solution r\u00e9publicaine maintenant ces subventions pour six mois seulement.<\/p>\n<p class=\"asset asset-text\">\u00ab\u00a0Si les r\u00e9publicains continuent de refuser de prolonger les aides fiscales\u00a0\u00bb de l\u2019Obamacare, \u00ab\u00a0des dizaines de millions de contribuables vont subir une augmentation spectaculaire\u00a0\u00bb des co\u00fbts pour leur sant\u00e9, a d\u00e9clar\u00e9 sur NBC Hakeem Jeffries, chef de la minorit\u00e9 d\u00e9mocrate \u00e0 la Chambre des repr\u00e9sentants.<\/p>\n<p class=\"asset asset-text\">Ces p\u00e9riodes de blocage f\u00e9d\u00e9ral sont tr\u00e8s impopulaires parmi les Am\u00e9ricains. 80\u00a0% des personnes interrog\u00e9es se sont dites tr\u00e8s ou plut\u00f4t pr\u00e9occup\u00e9es par l\u2019impact sur l\u2019\u00e9conomie, selon un sondage YouGov men\u00e9 sur un panel repr\u00e9sentatif d\u2019environ 2\u00a0400 citoyens. Le pr\u00e9c\u00e9dent \u00e9pisode, provoqu\u00e9 en d\u00e9cembre\u00a02018 lors du premier mandat de Donald Trump, avait dur\u00e9 35 jours et co\u00fbt\u00e9 environ 11\u00a0milliards de dollars \u00e0 l\u2019\u00e9conomie am\u00e9ricaine, selon un rapport non-partisan du Congr\u00e8s.<\/p>\n","protected":false},"excerpt":{"rendered":"ANDREW CABALLERO-REYNOLDS \/ AFP Donald Trump a annonc\u00e9, ce dimanche 5\u00a0octobre, le d\u00e9but des licenciements dans les services&hellip;\n","protected":false},"author":2,"featured_media":442837,"comment_status":"","ping_status":"","sticky":false,"template":"","format":"standard","meta":{"footnotes":""},"categories":[2],"tags":[55322,11,75,73,1011,27,14,12,25],"class_list":{"0":"post-442836","1":"post","2":"type-post","3":"status-publish","4":"format-standard","5":"has-post-thumbnail","7":"category-actualites","8":"tag-shutdown","9":"tag-actualites","10":"tag-donald-trump","11":"tag-etats-unis","12":"tag-fr","13":"tag-france","14":"tag-international","15":"tag-news","16":"tag-republique-francaise"},"share_on_mastodon":{"url":"https:\/\/pubeurope.com\/@fr\/115327170936601733","error":""},"_links":{"self":[{"href":"https:\/\/www.europesays.com\/fr\/wp-json\/wp\/v2\/posts\/442836","targetHints":{"allow":["GET"]}}],"collection":[{"href":"https:\/\/www.europesays.com\/fr\/wp-json\/wp\/v2\/posts"}],"about":[{"href":"https:\/\/www.europesays.com\/fr\/wp-json\/wp\/v2\/types\/post"}],"author":[{"embeddable":true,"href":"https:\/\/www.europesays.com\/fr\/wp-json\/wp\/v2\/users\/2"}],"replies":[{"embeddable":true,"href":"https:\/\/www.europesays.com\/fr\/wp-json\/wp\/v2\/comments?post=442836"}],"version-history":[{"count":0,"href":"https:\/\/www.europesays.com\/fr\/wp-json\/wp\/v2\/posts\/442836\/revisions"}],"wp:featuredmedia":[{"embeddable":true,"href":"https:\/\/www.europesays.com\/fr\/wp-json\/wp\/v2\/media\/442837"}],"wp:attachment":[{"href":"https:\/\/www.europesays.com\/fr\/wp-json\/wp\/v2\/media?parent=442836"}],"wp:term":[{"taxonomy":"category","embeddable":true,"href":"https:\/\/www.europesays.com\/fr\/wp-json\/wp\/v2\/categories?post=442836"},{"taxonomy":"post_tag","embeddable":true,"href":"https:\/\/www.europesays.com\/fr\/wp-json\/wp\/v2\/tags?post=442836"}],"curies":[{"name":"wp","href":"https:\/\/api.w.org\/{rel}","templated":true}]}}