{"id":442862,"date":"2025-10-06T12:38:30","date_gmt":"2025-10-06T12:38:30","guid":{"rendered":"https:\/\/www.europesays.com\/fr\/442862\/"},"modified":"2025-10-06T12:38:30","modified_gmt":"2025-10-06T12:38:30","slug":"voici-la-voiture-electrique-la-moins-chere-de-france","status":"publish","type":"post","link":"https:\/\/www.europesays.com\/fr\/442862\/","title":{"rendered":"voici la voiture \u00e9lectrique la moins ch\u00e8re de France"},"content":{"rendered":"<p>Voici la nouvelle Dacia Spring : un tr\u00e8s l\u00e9ger restylage, des nouveaux moteurs, une nouvelle batterie. Et un prix inchang\u00e9, qui fait d\u2019elle la voiture \u00e9lectrique la moins ch\u00e8re de France.<\/p>\n<p><a href=\"https:\/\/images.frandroid.com\/wp-content\/uploads\/2025\/10\/dacia-spring-2026-00002.jpeg\" target=\"_blank\" class=\"article-content__figure\" rel=\"noopener\"><img fetchpriority=\"high\" decoding=\"async\" loading=\"eager\" width=\"1200\" height=\"675\" src=\"https:\/\/www.europesays.com\/fr\/wp-content\/uploads\/2025\/10\/dacia-spring-2026-00002.jpeg\" alt=\"\" class=\"wp-image-2819009 wp-image wp-image\"  \/><\/a>Dacia Spring 2026<\/p>\n<p><a href=\"https:\/\/www.frandroid.com\/produits\/dacia\" target=\"_blank\" rel=\"noopener\">Dacia<\/a> l\u2019avait promis : la <a href=\"https:\/\/www.frandroid.com\/produits\/voitures\/dacia\/1940772-dacia-spring-2024\" target=\"_blank\" rel=\"noopener\">Spring \u00e9lectrique<\/a> continuerait d\u2019\u00e9voluer sans jamais trahir sa vocation d\u2019accessibilit\u00e9. En 2026, elle entame une nouvelle phase de sa (jeune) carri\u00e8re avec des modifications profondes sous le capot, mais aussi des ajustements techniques et esth\u00e9tiques.<\/p>\n<p>\t\t\t\t\t\t<a href=\"https:\/\/images.frandroid.com\/wp-content\/uploads\/2025\/10\/dacia-spring-2026-00006.jpg\" itemprop=\"url\" target=\"_blank\" rel=\"noopener\"><\/p>\n<p>\t\t\t\t\t\t\t<img class=\"wp-image\" decoding=\"async\" src=\"https:\/\/www.europesays.com\/fr\/wp-content\/uploads\/2025\/10\/dacia-spring-2026-00006.jpg\"  width=\"365\" height=\"207\" loading=\"lazy\" data-original-width=\"365\" data-original-height=\"207\" itemprop=\"http:\/\/schema.org\/image\" title=\"Dacia Spring 2026 - 00006\" alt=\"VERSION E3 EXTREME\" style=\"width: 365px; height: 207px;\"\/><br \/>\n\t\t\t\t\t\t<\/a><\/p>\n<p>\n\t\t\t\t\t\t\t\tVERSION E3 EXTREME\t\t\t\t\t\t\t<\/p>\n<p>\t\t\t\t\t\t<a href=\"https:\/\/images.frandroid.com\/wp-content\/uploads\/2025\/10\/dacia-spring-2026-00013.jpg\" itemprop=\"url\" target=\"_blank\" rel=\"noopener\"><\/p>\n<p>\t\t\t\t\t\t\t<img class=\"wp-image\" decoding=\"async\" src=\"https:\/\/www.europesays.com\/fr\/wp-content\/uploads\/2025\/10\/dacia-spring-2026-00013.jpg\"  width=\"365\" height=\"206\" loading=\"lazy\" data-original-width=\"365\" data-original-height=\"206\" itemprop=\"http:\/\/schema.org\/image\" title=\"Dacia Spring 2026 - 00013\" alt=\"VERSION E3 EXTREME - ENJOLIVEURS DANUBE 15 POUCES\" style=\"width: 365px; height: 206px;\"\/><br \/>\n\t\t\t\t\t\t<\/a><\/p>\n<p>\n\t\t\t\t\t\t\t\tVERSION E3 EXTREME \u2013 ENJOLIVEURS DANUBE 15 POUCES\t\t\t\t\t\t\t<\/p>\n<p>\t\t\t\t\t\t<a href=\"https:\/\/images.frandroid.com\/wp-content\/uploads\/2025\/10\/dacia-spring-2026-00005.jpg\" itemprop=\"url\" target=\"_blank\" rel=\"noopener\"><\/p>\n<p>\t\t\t\t\t\t\t<img class=\"wp-image\" decoding=\"async\" src=\"https:\/\/www.europesays.com\/fr\/wp-content\/uploads\/2025\/10\/dacia-spring-2026-00005.jpg\"  width=\"555\" height=\"417\" loading=\"lazy\" data-original-width=\"555\" data-original-height=\"417\" itemprop=\"http:\/\/schema.org\/image\" title=\"Dacia Spring 2026 - 00005\" alt=\"ACCESSOIRE - VERSION E3 EXTREME - BARRES DE TOIT DECO\" style=\"width: 555px; height: 417px;\"\/><br \/>\n\t\t\t\t\t\t<\/a><\/p>\n<p>\n\t\t\t\t\t\t\t\tACCESSOIRE \u2013 VERSION E3 EXTREME \u2013 BARRES DE TOIT DECO\t\t\t\t\t\t\t<\/p>\n<p>Et si son look ne change quasiment pas, c\u2019est bien dans les entrailles que tout s\u2019acc\u00e9l\u00e8re. Objectif : rester la voiture \u00e9lectrique la plus abordable d\u2019Europe, sans se contenter du minimum syndical.<\/p>\n<p>Une v\u00e9ritable m\u00e9tamorphose technique<\/p>\n<p>C\u2019est presque une red\u00e9finition du cahier des charges initial. La Spring 2026 repose sur une plateforme plus dans l\u2019air du temps et accueille deux nouvelles motorisations : 70 ch et 100 ch. Ces blocs, bien plus modernes, int\u00e8grent une architecture 7-en-1 (moteur, r\u00e9ducteur, chargeur, onduleur, convertisseur DC\/DC, etc.), avec un rendement optimis\u00e9.<\/p>\n<p><a href=\"https:\/\/images.frandroid.com\/wp-content\/uploads\/2025\/10\/dacia-spring-2026-00001.jpeg\" target=\"_blank\" class=\"article-content__figure\" rel=\"noopener\"><img loading=\"lazy\" decoding=\"async\" width=\"1200\" height=\"675\" src=\"https:\/\/www.europesays.com\/fr\/wp-content\/uploads\/2025\/10\/dacia-spring-2026-00001-1200x675.jpeg\" alt=\"\" class=\"wp-image-2819007 wp-image\"  \/><\/a>Dacia Spring 2026<\/p>\n<p>R\u00e9sultat ? Une consommation en baisse de 9 %, \u00e0 seulement 12,4 kWh\/100 km (WLTP), et des performances bien plus en phase avec les usages extra-urbains.<\/p>\n<p>Les reprises entre 80 et 120 km\/h s\u2019am\u00e9liorent drastiquement : il faut 6,9 secondes avec la version 100 ch, 10,3 secondes en version 70 ch contre 14 secondes pour l\u2019ancien mod\u00e8le 65 ch, et 26 secondes pour le (non) regrett\u00e9 45 ch.<\/p>\n<p>La vitesse maximale culmine toujours \u00e0 125 km\/h.<\/p>\n<p>Batterie LFP et meilleure r\u00e9partition des masses<\/p>\n<p>C\u2019est l\u2019une des autres grandes nouveaut\u00e9s : la batterie NMC (Nickel-Mangan\u00e8se-Cobalt) c\u00e8de sa place \u00e0 une batterie LFP (Lithium-Fer-Phosphate, sans cobalt) de 26,8 kWh bruts (24,3 kWh utiles), avec une architecture cell-to-pack. C\u2019est la premi\u00e8re batterie LFP int\u00e9gr\u00e9e au sein du groupe Renault dans une voiture de s\u00e9rie.<\/p>\n<p>Plus durable, plus stable thermiquement et moins ch\u00e8re \u00e0 produire, cette nouvelle batterie participe \u00e0 l\u2019\u00e9quilibre g\u00e9n\u00e9ral de la voiture : +50 kg \u00e0 l\u2019avant, -10 kg \u00e0 l\u2019arri\u00e8re, pour un poids total de 1 013 kg.<\/p>\n<p><a href=\"https:\/\/images.frandroid.com\/wp-content\/uploads\/2025\/10\/pxl-20251003-132512473.jpg\" target=\"_blank\" class=\"article-content__figure\" rel=\"noopener\"><img loading=\"lazy\" decoding=\"async\" width=\"1200\" height=\"675\" src=\"https:\/\/www.europesays.com\/fr\/wp-content\/uploads\/2025\/10\/pxl-20251003-132512473-1200x675.jpg\" alt=\"\" class=\"wp-image-2819021 wp-image\"  \/><\/a><\/p>\n<p>C\u2019est toujours l\u2019une des voitures \u00e9lectriques les plus l\u00e9g\u00e8res du march\u00e9, et cela joue en faveur de l\u2019autonomie : 225 km <a href=\"https:\/\/www.frandroid.com\/comment-faire\/652748_wltp-nedc-epa-comment-mesure-t-on-lautonomie-des-voitures-electriques\" target=\"_blank\" rel=\"noopener\">WLTP<\/a>, ce qui reste suffisant pour un usage quotidien moyen (environ 34 km\/jour selon Dacia).<\/p>\n<p>La recharge progresse aussi, avec un chargeur DC 40 kW, capable de passer de 20 \u00e0 80 % en 29 minutes. Le chargeur AC 7 kW reste de s\u00e9rie, avec une charge pleine en 3h20 sur wallbox au lieu de 4h gr\u00e2ce \u00e0 la nouvelle batterie.<\/p>\n<p><a href=\"https:\/\/images.frandroid.com\/wp-content\/uploads\/2025\/10\/pxl-20251003-132251664.jpg\" target=\"_blank\" class=\"article-content__figure\" rel=\"noopener\"><img loading=\"lazy\" decoding=\"async\" width=\"1200\" height=\"675\" src=\"https:\/\/www.europesays.com\/fr\/wp-content\/uploads\/2025\/10\/pxl-20251003-132251664-1200x675.jpg\" alt=\"\" class=\"wp-image-2819023 wp-image\"  \/><\/a><\/p>\n<p>L\u2019option de recharge bidirectionnelle V2L (vehicle-to-load) permet aussi de brancher des appareils externes (220 V) directement sur la voiture.<\/p>\n<p>Ch\u00e2ssis retravaill\u00e9, comportement optimis\u00e9<\/p>\n<p>Dacia a profit\u00e9 de cette refonte pour retravailler le ch\u00e2ssis. La Spring 2026 gagne en rigidit\u00e9 gr\u00e2ce \u00e0 un renforcement de la plateforme centrale, et surtout, elle re\u00e7oit enfin une barre anti-roulis \u00e0 l\u2019avant.<\/p>\n<p>Combin\u00e9e \u00e0 de nouveaux amortisseurs, \u00e0 une direction assist\u00e9e plus pr\u00e9cise et \u00e0 des roues de 15 pouces (de s\u00e9rie d\u00e8s la finition Expression), la tenue de route progresse nettement selon la marque.<\/p>\n<p><a href=\"https:\/\/images.frandroid.com\/wp-content\/uploads\/2025\/10\/dacia-spring-2026-00006.jpeg\" target=\"_blank\" class=\"article-content__figure\" rel=\"noopener\"><img loading=\"lazy\" decoding=\"async\" width=\"1200\" height=\"657\" src=\"https:\/\/www.europesays.com\/fr\/wp-content\/uploads\/2025\/10\/dacia-spring-2026-00006-1200x657.jpeg\" alt=\"\" class=\"wp-image-2819017 wp-image\"  \/><\/a>Screenshot<\/p>\n<p>Le SCx (coefficient de tra\u00een\u00e9e multipli\u00e9 par la surface frontale) a \u00e9galement \u00e9t\u00e9 r\u00e9duit gr\u00e2ce \u00e0 un spoiler arri\u00e8re et un nouveau car\u00e9nage du soubassement.<\/p>\n<p>Toutes ces modifications ne font pas de la Spring une routi\u00e8re, mais elle devient enfin une citadine capable de s\u2019aventurer hors de la ville sans (trop) subir.<\/p>\n<p>Le coffre affiche un volume de 308 litres, extensible \u00e0 1 004 litres une fois la banquette rabattue. Il n\u2019y a toujours pas de frunk \u00e0 l\u2019avant, mais un accessoire 3D permet d\u2019en installer un.<\/p>\n<p><a href=\"https:\/\/images.frandroid.com\/wp-content\/uploads\/2025\/10\/dacia-spring-2026-00005.jpeg\" target=\"_blank\" class=\"article-content__figure\" rel=\"noopener\"><img loading=\"lazy\" decoding=\"async\" width=\"1200\" height=\"800\" src=\"https:\/\/www.europesays.com\/fr\/wp-content\/uploads\/2025\/10\/dacia-spring-2026-00005-1200x800.jpeg\" alt=\"\" class=\"wp-image-2819015 wp-image\"  \/><\/a>Screenshot<\/p>\n<p>Une nouvelle couleur fait son apparition : le bleu Seafoam, qui remplace le beige Safari. Huit combinaisons de carrosserie sont disponibles.<\/p>\n<p>Les accessoires YouClip sont compatibles avec la Spring, permettant d\u2019ajouter des accessoires comme des porte gobelets, support smartphone, pochette de rangement, etc.<\/p>\n<p>\t\t\t\t\t\t<a href=\"https:\/\/images.frandroid.com\/wp-content\/uploads\/2025\/10\/dacia-spring-2026-00004.jpeg\" itemprop=\"url\" target=\"_blank\" rel=\"noopener\"><\/p>\n<p>\t\t\t\t\t\t\t<img class=\"wp-image\" decoding=\"async\" src=\"https:\/\/www.europesays.com\/fr\/wp-content\/uploads\/2025\/10\/dacia-spring-2026-00004.jpeg\"  width=\"458\" height=\"303\" loading=\"lazy\" data-original-width=\"458\" data-original-height=\"303\" itemprop=\"http:\/\/schema.org\/image\" title=\"Dacia Spring 2026 - 00004\" alt=\"Screenshot\" style=\"width: 458px; height: 303px;\"\/><br \/>\n\t\t\t\t\t\t<\/a><\/p>\n<p>\n\t\t\t\t\t\t\t\tScreenshot\t\t\t\t\t\t\t<\/p>\n<p>\t\t\t\t\t\t<a href=\"https:\/\/images.frandroid.com\/wp-content\/uploads\/2025\/10\/dacia-spring-2026-00003.jpeg\" itemprop=\"url\" target=\"_blank\" rel=\"noopener\"><\/p>\n<p>\t\t\t\t\t\t\t<img class=\"wp-image\" decoding=\"async\" src=\"https:\/\/www.europesays.com\/fr\/wp-content\/uploads\/2025\/10\/dacia-spring-2026-00003.jpeg\"  width=\"462\" height=\"303\" loading=\"lazy\" data-original-width=\"462\" data-original-height=\"303\" itemprop=\"http:\/\/schema.org\/image\" title=\"Dacia Spring 2026 - 00003\" alt=\"Screenshot\" style=\"width: 462px; height: 303px;\"\/><br \/>\n\t\t\t\t\t\t<\/a><\/p>\n<p>\n\t\t\t\t\t\t\t\tScreenshot\t\t\t\t\t\t\t<\/p>\n<p>Nouvelle gamme \u00e0 partir de 16 900 \u20ac<\/p>\n<p>Dacia simplifie l\u2019offre avec trois finitions, toutes positionn\u00e9es sous la barre symbolique des 20 000 euros hors bonus \u00e9cologique auquel elle n\u2019a pas le droit du fait de sa production en Chine. Les moteurs 65 et 45 ch sont abandonn\u00e9s.<\/p>\n<ul class=\"wp-block-list\">\n<li><strong>Essential<\/strong> (70 ch, d\u00e8s 16 900 \u20ac) : affichage conducteur 7 pouces, Media Control avec support smartphone, vitres avant \u00e9lectriques, fermeture centralis\u00e9e \u00e0 distance, sellerie tissu noir, enjoliveurs 14\u2019\u2019.<\/li>\n<li><strong>Expression<\/strong> (70 ch, 18 900 \u20ac) : Essential + jantes 15\u2019\u2019 Flexwheel, climatisation manuelle<\/li>\n<li><strong>Extreme<\/strong> (100 ch, 19 700 \u20ac) : Expression + r\u00e9troviseurs et vitres arri\u00e8re \u00e9lectriques, Media Display (10 pouces) avec Android Auto et Apple CarPlay, 2 prises USB.<\/li>\n<\/ul>\n<p>\t\t\t\t\t\t<a href=\"https:\/\/images.frandroid.com\/wp-content\/uploads\/2025\/10\/dacia-spring-2026-00014.jpg\" itemprop=\"url\" target=\"_blank\" rel=\"noopener\"><\/p>\n<p>\t\t\t\t\t\t\t<img class=\"wp-image\" decoding=\"async\" src=\"https:\/\/www.europesays.com\/fr\/wp-content\/uploads\/2025\/10\/dacia-spring-2026-00014.jpg\"  width=\"924\" height=\"616\" loading=\"lazy\" data-original-width=\"924\" data-original-height=\"616\" itemprop=\"http:\/\/schema.org\/image\" title=\"Dacia Spring 2026 - 00014\" alt=\"Dacia Spring 2026 - 00014\" style=\"width: 924px; height: 616px;\"\/><br \/>\n\t\t\t\t\t\t<\/a><\/p>\n<p>La Spring reste produite en Chine via la coentreprise avec Dongfeng. Aucune d\u00e9localisation ni europ\u00e9anisation en vue, ce qui explique en partie son positionnement tarifaire unique.<\/p>\n<p>Les commandes sont d\u00e9j\u00e0 ouvertes, les livraisons d\u00e9buteront au printemps 2026.<\/p>\n<p>Du c\u00f4t\u00e9 de la concurrence, on peut citer les <a href=\"https:\/\/www.frandroid.com\/produits\/voitures\/citroen\/1835333-citroen-e-c3\" target=\"_blank\" rel=\"noopener\">Citro\u00ebn \u00eb-C3<\/a>, <a href=\"https:\/\/www.frandroid.com\/produits\/voitures\/leapmotor\/1487310-leapmotor-t03\" target=\"_blank\" rel=\"noopener\">Leapmotor T03<\/a>, <a href=\"https:\/\/www.frandroid.com\/produits\/voitures\/renault\/1515362-renault-5-electrique\" target=\"_blank\" rel=\"noopener\">Renault 5 E-Tech<\/a> ou encore <a href=\"https:\/\/www.frandroid.com\/produits\/voitures\/peugeot\/677429-peugeot-e-208\" target=\"_blank\" rel=\"noopener\">Peugeot e-208<\/a>.<\/p>\n","protected":false},"excerpt":{"rendered":"Voici la nouvelle Dacia Spring : un tr\u00e8s l\u00e9ger restylage, des nouveaux moteurs, une nouvelle batterie. Et un&hellip;\n","protected":false},"author":2,"featured_media":442863,"comment_status":"","ping_status":"","sticky":false,"template":"","format":"standard","meta":{"footnotes":""},"categories":[6],"tags":[270,35,56916,56917,17506,56918,56919,56920,56921,33,34,1011,27],"class_list":{"0":"post-442862","1":"post","2":"type-post","3":"status-publish","4":"format-standard","5":"has-post-thumbnail","7":"category-economie","8":"tag-breaking","9":"tag-business","10":"tag-dacia-spring","11":"tag-dacia-spring-2021","12":"tag-dacia-spring-2024","13":"tag-dacia-spring-electric-45-2021","14":"tag-dacia-spring-electric-65","15":"tag-dacia-spring-electric-65-2023","16":"tag-dacia-spring-extreme","17":"tag-economie","18":"tag-economy","19":"tag-fr","20":"tag-france"},"share_on_mastodon":{"url":"https:\/\/pubeurope.com\/@fr\/115327265274895367","error":""},"_links":{"self":[{"href":"https:\/\/www.europesays.com\/fr\/wp-json\/wp\/v2\/posts\/442862","targetHints":{"allow":["GET"]}}],"collection":[{"href":"https:\/\/www.europesays.com\/fr\/wp-json\/wp\/v2\/posts"}],"about":[{"href":"https:\/\/www.europesays.com\/fr\/wp-json\/wp\/v2\/types\/post"}],"author":[{"embeddable":true,"href":"https:\/\/www.europesays.com\/fr\/wp-json\/wp\/v2\/users\/2"}],"replies":[{"embeddable":true,"href":"https:\/\/www.europesays.com\/fr\/wp-json\/wp\/v2\/comments?post=442862"}],"version-history":[{"count":0,"href":"https:\/\/www.europesays.com\/fr\/wp-json\/wp\/v2\/posts\/442862\/revisions"}],"wp:featuredmedia":[{"embeddable":true,"href":"https:\/\/www.europesays.com\/fr\/wp-json\/wp\/v2\/media\/442863"}],"wp:attachment":[{"href":"https:\/\/www.europesays.com\/fr\/wp-json\/wp\/v2\/media?parent=442862"}],"wp:term":[{"taxonomy":"category","embeddable":true,"href":"https:\/\/www.europesays.com\/fr\/wp-json\/wp\/v2\/categories?post=442862"},{"taxonomy":"post_tag","embeddable":true,"href":"https:\/\/www.europesays.com\/fr\/wp-json\/wp\/v2\/tags?post=442862"}],"curies":[{"name":"wp","href":"https:\/\/api.w.org\/{rel}","templated":true}]}}