{"id":442866,"date":"2025-10-06T12:40:12","date_gmt":"2025-10-06T12:40:12","guid":{"rendered":"https:\/\/www.europesays.com\/fr\/442866\/"},"modified":"2025-10-06T12:40:12","modified_gmt":"2025-10-06T12:40:12","slug":"en-direct-proces-de-cedric-jubillar-jai-lintime-conviction-que-cest-cedric-jubillar-qui-a-attente-a-la-vie-de-sa-femme-soutient-lamant-de-delphine","status":"publish","type":"post","link":"https:\/\/www.europesays.com\/fr\/442866\/","title":{"rendered":"EN DIRECT &#8211; Proc\u00e8s de C\u00e9dric Jubillar: \u00abJ\u2019ai l\u2019intime conviction que c\u2019est C\u00e9dric Jubillar qui a attent\u00e9 \u00e0 la vie de sa femme\u00bb, soutient l\u2019amant de Delphine"},"content":{"rendered":"<p role=\"heading\" aria-level=\"3\">Selon l\u2019amant, C\u00e9dric Jubillar \u00abs\u2019est mis plus bas que terre pour la r\u00e9cup\u00e9rer\u00bb<\/p>\n<p class=\"fig-paragraph\">Apr\u00e8s onze ans de couple, Donat-Jean M. a choisi de s\u2019inscrire sur\u00a0<a href=\"http:\/\/www.lefigaro.fr\/faits-divers\/mensonges-violences-et-tromperies-la-face-cachee-du-couple-jubillar-20220719\" data-fig-type=\"Article\" data-gtm-custom-categorie=\"navigation\" data-gtm-custom-action=\"crossclick\" data-gtm-custom-label=\"Contextuel\" data-gtm-event=\"customEventSPE\" data-fig-domain=\"LEFIGARO\" target=\"_blank\" rel=\"noopener\">l\u2019application Gleeden pour \u00abgo\u00fbter au fruit d\u00e9fendu\u00bb,<\/a>\u00a0dit-il. \u00abNous \u00e9tions arriv\u00e9s au bout du chemin.\u00bb<\/p>\n<p class=\"fig-paragraph\">Lorsqu\u2019il a commenc\u00e9 \u00e0 flirter avec Delphine Jubillar, il se souvient de conversations \u00abintarissables\u00bb. \u00abQuand on discutait, on a eu quelque chose de rare, on s\u2019arr\u00eatait jamais. C\u2019\u00e9tait une \u00e9vidence, on voulait voir qui \u00e9tait derri\u00e8re le t\u00e9l\u00e9phone. On a voulu prendre le temps, on ne l\u2019a pas pris.\u00bb<\/p>\n<p class=\"fig-paragraph\">Le t\u00e9moin a vu Delphine Jubillar pour la premi\u00e8re fois \u00e0 la fin du mois de juillet 2020, puis a multipli\u00e9 les rendez-vous \u00abdans l\u2019ombre\u00bb. \u00abNous \u00e9tions tous les deux dans la position d\u2019adult\u00e8re, on se voyait de fa\u00e7on discr\u00e8te\u00bb<\/p>\n<p class=\"fig-paragraph\">Lors de ces rendez-vous, \u00abelle parlait tr\u00e8s peu de C\u00e9dric Jubillar [mais] elle parlait beaucoup de son travail, c\u2019\u00e9tait sa fiert\u00e9\u00bb. \u00abParlait-elle de ses enfants\u00a0?\u00bb, l\u2019interroge la pr\u00e9sidente. \u00abBeaucoup, oui, tout \u00e0 fait. C\u2019\u00e9tait sa fiert\u00e9\u00bb, r\u00e9p\u00e8te-t-il. Concernant C\u00e9dric Jubillar, \u00ables points qui revenaient le plus, c\u2019\u00e9taient les difficult\u00e9s avec les enfants et les travaux de la maison\u00bb. Et d\u2019admettre: \u00abJ\u2019\u00e9tais \u00e0 des ann\u00e9es-lumi\u00e8re de penser que \u00e7a allait se finir comme \u00e7a&#8230;\u00bb\u00a0<\/p>\n<p class=\"fig-paragraph\">Alors que leur projet de vivre ensemble commen\u00e7ait \u00e0 se concr\u00e9tiser, C\u00e9dric Jubillar \u00abs\u2019est mis plus bas que terre pour la r\u00e9cup\u00e9rer\u00bb. Les amants, eux, envisageaient d\u2019habiter ensemble en 2021, apr\u00e8s avoir revendu les maisons respectives afin \u00abd\u2019indemniser C\u00e9dric pour son terrain\u00bb, \u00absolder le cr\u00e9dit\u00bb et \u00abrepartir \u00e0 z\u00e9ro\u00bb.<\/p>\n<p class=\"fig-paragraph\">\u00abOn \u00e9tait assez attir\u00e9 par la symbolique du mariage, fait-il par ailleurs savoir. On avait parl\u00e9 de la cath\u00e9drale d\u2019Albi. [&#8230;] C\u2019\u00e9tait un r\u00eave de prince.\u00bb<\/p>\n<p class=\"fig-paragraph\">Dans le box, C\u00e9dric Jubillar, le corps agit\u00e9, ne le quitte pas des yeux.<\/p>\n","protected":false},"excerpt":{"rendered":"Selon l\u2019amant, C\u00e9dric Jubillar \u00abs\u2019est mis plus bas que terre pour la r\u00e9cup\u00e9rer\u00bb Apr\u00e8s onze ans de couple,&hellip;\n","protected":false},"author":2,"featured_media":442867,"comment_status":"","ping_status":"","sticky":false,"template":"","format":"standard","meta":{"footnotes":""},"categories":[4],"tags":[119,11,3694,7296,33030,20851,271,2951,33031,3695,3696,118,1011,27,2825,1253,303,12,1072,2694,25,2949],"class_list":{"0":"post-442866","1":"post","2":"type-post","3":"status-publish","4":"format-standard","5":"has-post-thumbnail","7":"category-france","8":"tag-accident","9":"tag-actualites","10":"tag-affaires","11":"tag-albi","12":"tag-cedric-jubillar","13":"tag-cour-dassises","14":"tag-crime","15":"tag-criminalite","16":"tag-delphine-jubillar","17":"tag-enquetes","18":"tag-evenements","19":"tag-faits-divers","20":"tag-fr","21":"tag-france","22":"tag-insecurite","23":"tag-islamisme","24":"tag-justice","25":"tag-news","26":"tag-police","27":"tag-proces","28":"tag-republique-francaise","29":"tag-violences"},"share_on_mastodon":{"url":"https:\/\/pubeurope.com\/@fr\/115327272557809908","error":""},"_links":{"self":[{"href":"https:\/\/www.europesays.com\/fr\/wp-json\/wp\/v2\/posts\/442866","targetHints":{"allow":["GET"]}}],"collection":[{"href":"https:\/\/www.europesays.com\/fr\/wp-json\/wp\/v2\/posts"}],"about":[{"href":"https:\/\/www.europesays.com\/fr\/wp-json\/wp\/v2\/types\/post"}],"author":[{"embeddable":true,"href":"https:\/\/www.europesays.com\/fr\/wp-json\/wp\/v2\/users\/2"}],"replies":[{"embeddable":true,"href":"https:\/\/www.europesays.com\/fr\/wp-json\/wp\/v2\/comments?post=442866"}],"version-history":[{"count":0,"href":"https:\/\/www.europesays.com\/fr\/wp-json\/wp\/v2\/posts\/442866\/revisions"}],"wp:featuredmedia":[{"embeddable":true,"href":"https:\/\/www.europesays.com\/fr\/wp-json\/wp\/v2\/media\/442867"}],"wp:attachment":[{"href":"https:\/\/www.europesays.com\/fr\/wp-json\/wp\/v2\/media?parent=442866"}],"wp:term":[{"taxonomy":"category","embeddable":true,"href":"https:\/\/www.europesays.com\/fr\/wp-json\/wp\/v2\/categories?post=442866"},{"taxonomy":"post_tag","embeddable":true,"href":"https:\/\/www.europesays.com\/fr\/wp-json\/wp\/v2\/tags?post=442866"}],"curies":[{"name":"wp","href":"https:\/\/api.w.org\/{rel}","templated":true}]}}