{"id":442870,"date":"2025-10-06T12:42:12","date_gmt":"2025-10-06T12:42:12","guid":{"rendered":"https:\/\/www.europesays.com\/fr\/442870\/"},"modified":"2025-10-06T12:42:12","modified_gmt":"2025-10-06T12:42:12","slug":"un-trentenaire-interpelle-grace-a-un-temoin","status":"publish","type":"post","link":"https:\/\/www.europesays.com\/fr\/442870\/","title":{"rendered":"un trentenaire interpell\u00e9 gr\u00e2ce \u00e0 un t\u00e9moin"},"content":{"rendered":"<p>Il a expliqu\u00e9 que c\u2019\u00e9tait un vol d\u2019opportunit\u00e9, que rien n\u2019avait \u00e9t\u00e9 pr\u00e9m\u00e9dit\u00e9. Mais quand il a constat\u00e9 que ce v\u00e9hicule de type BMW, stationn\u00e9 dans la Grand\u2019rue au niveau de la rue Charles-de-Gaulle, n\u2019\u00e9tait pas verrouill\u00e9, cet individu a ouvert la porti\u00e8re et saisi tout ce qu\u2019il pouvait emporter avec lui.<\/p>\n<p>Les faits se sont produits le jeudi 2\u00a0octobre en d\u00e9but d\u2019apr\u00e8s-midi<\/p>\n<p>Cependant, un t\u00e9moin de la sc\u00e8ne a rapidement contact\u00e9 les services de la police nationale. Il a d\u00e9crit avec pr\u00e9cision \u00e0 quoi ressemblait l\u2019homme, reparti avec un pull, une doudoune et une sacoche en bandouli\u00e8re.<\/p>\n<p>  Une paire de lunettes et une montre dans ses poches<\/p>\n<p>En quelques minutes, un \u00e9quipage de la Brigade anticriminalit\u00e9 a rep\u00e9r\u00e9 le suspect et d\u00e9cid\u00e9 de le contr\u00f4ler \u00e0 hauteur de la place Jean-Jaur\u00e8s. Ce dernier \u00e9tait justement en train de fouiller \u00e0 l\u2019int\u00e9rieur du petit bagage et notamment de transf\u00e9rer une paire de lunettes et une montre dans ses poches.<\/p>\n<p>L\u2019homme, \u00e2g\u00e9 de 39 ans et habitant \u00e0 Saint-\u00c9tienne, a finalement \u00e9t\u00e9 interpell\u00e9 et plac\u00e9 en garde \u00e0 vue. \u00c0 l\u2019issue, il s\u2019est vu notifier une convocation en justice dans le cadre d\u2019une comparution sur reconnaissance pr\u00e9alable de culpabilit\u00e9 au cours des prochaines semaines.<\/p>\n","protected":false},"excerpt":{"rendered":"Il a expliqu\u00e9 que c\u2019\u00e9tait un vol d\u2019opportunit\u00e9, que rien n\u2019avait \u00e9t\u00e9 pr\u00e9m\u00e9dit\u00e9. Mais quand il a constat\u00e9&hellip;\n","protected":false},"author":2,"featured_media":442871,"comment_status":"","ping_status":"","sticky":false,"template":"","format":"standard","meta":{"footnotes":""},"categories":[9653],"tags":[1111,11,2430,271,272,7539,1777,674,274,1011,27,3367,12,25,4001,7538,104],"class_list":{"0":"post-442870","1":"post","2":"type-post","3":"status-publish","4":"format-standard","5":"has-post-thumbnail","7":"category-saint-etienne","8":"tag-actu","9":"tag-actualites","10":"tag-auvergne-rhone-alpes","11":"tag-crime","12":"tag-delit-et-contravention","13":"tag-edition-loire-sud","14":"tag-eu","15":"tag-europe","16":"tag-faits-divers-justice","17":"tag-fr","18":"tag-france","19":"tag-loire","20":"tag-news","21":"tag-republique-francaise","22":"tag-saint-etienne","23":"tag-saint-etienne-ville","24":"tag-societe"},"share_on_mastodon":{"url":"https:\/\/pubeurope.com\/@fr\/115327280347986701","error":""},"_links":{"self":[{"href":"https:\/\/www.europesays.com\/fr\/wp-json\/wp\/v2\/posts\/442870","targetHints":{"allow":["GET"]}}],"collection":[{"href":"https:\/\/www.europesays.com\/fr\/wp-json\/wp\/v2\/posts"}],"about":[{"href":"https:\/\/www.europesays.com\/fr\/wp-json\/wp\/v2\/types\/post"}],"author":[{"embeddable":true,"href":"https:\/\/www.europesays.com\/fr\/wp-json\/wp\/v2\/users\/2"}],"replies":[{"embeddable":true,"href":"https:\/\/www.europesays.com\/fr\/wp-json\/wp\/v2\/comments?post=442870"}],"version-history":[{"count":0,"href":"https:\/\/www.europesays.com\/fr\/wp-json\/wp\/v2\/posts\/442870\/revisions"}],"wp:featuredmedia":[{"embeddable":true,"href":"https:\/\/www.europesays.com\/fr\/wp-json\/wp\/v2\/media\/442871"}],"wp:attachment":[{"href":"https:\/\/www.europesays.com\/fr\/wp-json\/wp\/v2\/media?parent=442870"}],"wp:term":[{"taxonomy":"category","embeddable":true,"href":"https:\/\/www.europesays.com\/fr\/wp-json\/wp\/v2\/categories?post=442870"},{"taxonomy":"post_tag","embeddable":true,"href":"https:\/\/www.europesays.com\/fr\/wp-json\/wp\/v2\/tags?post=442870"}],"curies":[{"name":"wp","href":"https:\/\/api.w.org\/{rel}","templated":true}]}}