{"id":442889,"date":"2025-10-06T12:52:19","date_gmt":"2025-10-06T12:52:19","guid":{"rendered":"https:\/\/www.europesays.com\/fr\/442889\/"},"modified":"2025-10-06T12:52:19","modified_gmt":"2025-10-06T12:52:19","slug":"coquille-vide-destitution-les-reactions-a-grenoble","status":"publish","type":"post","link":"https:\/\/www.europesays.com\/fr\/442889\/","title":{"rendered":"\u00ab\u00a0Coquille vide\u00a0\u00bb, \u00ab\u00a0destitution\u00a0\u00bb, les r\u00e9actions \u00e0 Grenoble"},"content":{"rendered":"<p>            Par<br \/>\n        <strong><br \/>\n            <a href=\"https:\/\/actu.fr\/auteur\/lisa-rodrigues\" title=\"Consulter tous les articles de Lisa Rodrigues\" target=\"_blank\" rel=\"noopener\">Lisa Rodrigues<\/a><br \/>\n        <\/strong><\/p>\n<p>        Publi\u00e9 le<\/p>\n<p>            6 oct. 2025 \u00e0 11h41<br \/>\n        ; mis \u00e0 jour le 6 oct. 2025 \u00e0 14h34    <\/p>\n<p>Moins de 15 heures apr\u00e8s l\u2019annonce de son gouvernement, le Premier ministre <a href=\"https:\/\/actu.fr\/politique\/sebastien-lecornu-a-remis-sa-demission-a-emmanuel-macron-qui-l-a-acceptee_63258541.html\" target=\"_blank\" rel=\"noopener\">S\u00e9bastien Lecornu jette l\u2019\u00e9ponge<\/a>. Apr\u00e8s 27 jours \u00e0 Matignon, il a pr\u00e9sent\u00e9 sa d\u00e9mission au pr\u00e9sident de la R\u00e9publique, Emmanuel Macron, qui l\u2019a accept\u00e9e lundi 6 octobre, alors que <a href=\"https:\/\/actu.fr\/politique\/tout-juste-reconduit-le-ministre-bruno-retailleau-allume-deja-son-propre-gouvernement_63258015.html\" target=\"_blank\" rel=\"noopener\">Les R\u00e9publicains mena\u00e7aient ouvertement de quitter le gouvernement<\/a>.<\/p>\n<p class=\" wall-content\">Cette annonce plonge le pays dans une <strong>\u00e9ni\u00e8me p\u00e9riode d\u2019incertitude politique<\/strong>. En Is\u00e8re et \u00e0 <a href=\"https:\/\/actu.fr\/auvergne-rhone-alpes\/grenoble_38185\" target=\"_blank\" rel=\"noopener\">Grenoble<\/a>, cette d\u00e9mission n\u2019a pas manqu\u00e9 de faire r\u00e9agir \u00e9lus et politiques.<\/p>\n<p>\u00c0 gauche, appel \u00e0 la d\u00e9mission de Macron<\/p>\n<p class=\" wall-content\">Du c\u00f4t\u00e9 de LFI, la d\u00e9put\u00e9e <strong>Sandrine Nosb\u00e9<\/strong> (9e circonscription) et <a href=\"https:\/\/actu.fr\/auvergne-rhone-alpes\/grenoble_38185\/municipales-a-grenoble-lfi-lance-sa-propre-liste-sans-les-ecologistes-d-eric-piolle_63194295.html\" target=\"_blank\" rel=\"noopener\">Allan Brunon<\/a>, candidat aux municipales de Grenoble, r\u00e9clament \u00ab\u00a0l\u2019examen imm\u00e9diat de la motion de destitution d\u2019Emmanuel Macron\u00a0\u00bb d\u00e9pos\u00e9e par les d\u00e9put\u00e9s de leur parti.<\/p>\n<p>    <a href=\"https:\/\/www.facebook.com\/plugins\/post.php?href=https%3A%2F%2Fwww.facebook.com%2FSNosbe%2Fposts%2Fpfbid034hoVZxsu5DrQr9Bvr1pWx7WYmWKXFvzmFokgiAuLbsQvqTUtAZnQPdDmtyLWzYael&amp;show_text=true&amp;width=350\" title=\"Ouvrie le lien\" target=\"_blank\" rel=\"noopener\">Cliquez ici pour visualiser le contenu<\/a><\/p>\n<p class=\" wall-content\">\n<p class=\" wall-content\">\u00ab\u00a0Le macronisme est une coquille vide, qui bient\u00f4t ne sera plus\u00a0\u00bb, ass\u00e8ne <strong>Cyrielle Chatelain<\/strong>, d\u00e9put\u00e9e \u00e9cologiste de la 2e circonscription de l\u2019Is\u00e8re et cheffe de groupe de son parti \u00e0 l\u2019Assembl\u00e9e.<\/p>\n<p>    <a href=\"https:\/\/www.facebook.com\/plugins\/post.php?href=https%3A%2F%2Fwww.facebook.com%2Fcyriellechtl%2Fposts%2Fpfbid02nHbituLvcvCBjN3n64Q8r2HdKZDmkfKxqdCb3agXKeS1dyKvsufkT1WLT6CDQD7Nl&amp;show_text=true&amp;width=350\" title=\"Ouvrie le lien\" target=\"_blank\" rel=\"noopener\">Cliquez ici pour visualiser le contenu<\/a><\/p>\n<p>Vers un gouvernement de gauche ?<\/p>\n<p class=\" wall-content\">Le maire \u00e9cologiste de Grenoble, <a href=\"https:\/\/actu.fr\/tag\/eric-piolle\" target=\"_blank\" rel=\"noopener\">\u00c9ric Piolle<\/a>, s\u2019est content\u00e9 de reposter \u00e0 la mi-journ\u00e9e le communiqu\u00e9 de presse des \u00c9cologistes appelant la gauche \u00e0 s\u2019unir.<\/p>\n<p>Votre r\u00e9gion, votre actu !<\/p>\n<p>Recevez chaque jour les infos qui comptent pour vous.<\/p>\n<p>\t<a href=\"https:\/\/actu.fr\/newsletter\" class=\"ac-btn ac-btn--corner ac-btn--medium ac-btn--blue800\" target=\"_blank\" rel=\"noopener\">S&rsquo;incrire<\/a><\/p>\n<p class=\" wall-content\">\n<p class=\" wall-content\">Le mouvement <strong>G\u00e9n\u00e9ration.s<\/strong> \u2013 membre de la majorit\u00e9 municipale grenobloise actuelle \u2013 appelle \u00e9galement \u00e0 \u00ab\u00a0nommer le Nouveau Front Populaire, coalition arriv\u00e9e en t\u00eate des \u00e9lections l\u00e9gislatives, au gouvernement\u00a0\u00bb.\u00a0<\/p>\n<p>    <a href=\"https:\/\/www.facebook.com\/plugins\/post.php?href=https%3A%2F%2Fwww.facebook.com%2FGenerationsenIsere%2Fposts%2Fpfbid02mNCL92vEV3LHzonWNQbDddr3HqFEUDvCEVodiYB7VqiBXuLHR9c4sLtFZwkvy44Hl&amp;show_text=true&amp;width=350\" title=\"Ouvrie le lien\" target=\"_blank\" rel=\"noopener\">Cliquez ici pour visualiser le contenu<\/a><\/p>\n<p>Des critiques d\u00e8s dimanche soir<\/p>\n<p class=\" wall-content\">De l\u2019autre c\u00f4t\u00e9 de l\u2019\u00e9chiquier politique, les r\u00e9actions is\u00e9roises commencent aussi \u00e0 tomber.<\/p>\n<p class=\" wall-content\"><strong>Alexis Jolly<\/strong>, d\u00e9put\u00e9 RN de la 6e circonscription parle d\u2019une \u00ab\u00a0macronie \u00e0 l\u2019agonie\u00a0\u00bb et demande une \u00ab\u00a0dissolution ou d\u00e9mission\u00a0\u00bb.<\/p>\n<p class=\" wall-content\">\n<p class=\" wall-content\">La d\u00e9put\u00e9e UDR de la 8e circonscription de l\u2019<a href=\"https:\/\/actu.fr\/auvergne-rhone-alpes\/isere_38\" target=\"_blank\" rel=\"noopener\">Is\u00e8re<\/a> <strong>Hanane Mansouri<\/strong> a r\u00e9agi dimanche soir \u00e0 l\u2019annonce de l\u2019\u00e9ph\u00e9m\u00e8re gouvernement Lecornu, en taclant <a href=\"https:\/\/actu.fr\/tag\/bruno-retailleau\" target=\"_blank\" rel=\"noopener\">Bruno Retailleau<\/a> pour son retournement quant \u00e0 la participation des LR au gouvernement.\u00a0<\/p>\n<p class=\" wall-content\">\n<p class=\" wall-content\">Personnalisez votre actualit\u00e9 en ajoutant vos villes et m\u00e9dias en favori avec <a href=\"https:\/\/moncompte.actu.fr\" title=\"D\u00e9couvez Mon Actu\" rel=\"nofollow noopener\" data-trk=\"{&quot;cta&quot;:{&quot;action&quot;:&quot;https:\\\/\\\/moncompte.actu.fr&quot;,&quot;category&quot;:&quot;mon compte&quot;,&quot;from&quot;:&quot;article footer&quot;,&quot;name&quot;:&quot;Mon actu&quot;,&quot;type&quot;:&quot;cta&quot;}}\" target=\"_blank\">Mon Actu<\/a>.<\/p>\n","protected":false},"excerpt":{"rendered":"Par Lisa Rodrigues Publi\u00e9 le 6 oct. 2025 \u00e0 11h41 ; mis \u00e0 jour le 6 oct. 2025&hellip;\n","protected":false},"author":2,"featured_media":442890,"comment_status":"","ping_status":"","sticky":false,"template":"","format":"standard","meta":{"footnotes":""},"categories":[9566],"tags":[1111,11,2430,1777,674,1011,27,56922,2731,12,316,25,11067],"class_list":{"0":"post-442889","1":"post","2":"type-post","3":"status-publish","4":"format-standard","5":"has-post-thumbnail","7":"category-grenoble","8":"tag-actu","9":"tag-actualites","10":"tag-auvergne-rhone-alpes","11":"tag-eu","12":"tag-europe","13":"tag-fr","14":"tag-france","15":"tag-gouvernement-lecornu","16":"tag-grenoble","17":"tag-news","18":"tag-politique","19":"tag-republique-francaise","20":"tag-sebastien-lecornu"},"share_on_mastodon":{"url":"https:\/\/pubeurope.com\/@fr\/115327319895552726","error":""},"_links":{"self":[{"href":"https:\/\/www.europesays.com\/fr\/wp-json\/wp\/v2\/posts\/442889","targetHints":{"allow":["GET"]}}],"collection":[{"href":"https:\/\/www.europesays.com\/fr\/wp-json\/wp\/v2\/posts"}],"about":[{"href":"https:\/\/www.europesays.com\/fr\/wp-json\/wp\/v2\/types\/post"}],"author":[{"embeddable":true,"href":"https:\/\/www.europesays.com\/fr\/wp-json\/wp\/v2\/users\/2"}],"replies":[{"embeddable":true,"href":"https:\/\/www.europesays.com\/fr\/wp-json\/wp\/v2\/comments?post=442889"}],"version-history":[{"count":0,"href":"https:\/\/www.europesays.com\/fr\/wp-json\/wp\/v2\/posts\/442889\/revisions"}],"wp:featuredmedia":[{"embeddable":true,"href":"https:\/\/www.europesays.com\/fr\/wp-json\/wp\/v2\/media\/442890"}],"wp:attachment":[{"href":"https:\/\/www.europesays.com\/fr\/wp-json\/wp\/v2\/media?parent=442889"}],"wp:term":[{"taxonomy":"category","embeddable":true,"href":"https:\/\/www.europesays.com\/fr\/wp-json\/wp\/v2\/categories?post=442889"},{"taxonomy":"post_tag","embeddable":true,"href":"https:\/\/www.europesays.com\/fr\/wp-json\/wp\/v2\/tags?post=442889"}],"curies":[{"name":"wp","href":"https:\/\/api.w.org\/{rel}","templated":true}]}}