{"id":44289,"date":"2025-04-22T15:38:08","date_gmt":"2025-04-22T15:38:08","guid":{"rendered":"https:\/\/www.europesays.com\/fr\/44289\/"},"modified":"2025-04-22T15:38:08","modified_gmt":"2025-04-22T15:38:08","slug":"lestivale-bretonne-2025-les-equipes-invitees-actualite","status":"publish","type":"post","link":"https:\/\/www.europesays.com\/fr\/44289\/","title":{"rendered":"L\u2019Estivale Bretonne 2025 : Les \u00e9quipes invit\u00e9es &#8211; Actualit\u00e9"},"content":{"rendered":"<p style=\"text-align: justify;\">La neuvi\u00e8me \u00e9dition de l\u2019Estivale Bretonne (Elite Nationale) se disputera du 8 au 11 ao\u00fbt prochains. L\u2019\u00e9preuve remport\u00e9e par Henri-Fran\u00e7ois Haquin l\u2019an pass\u00e9 (<strong><a href=\"https:\/\/www.directvelo.com\/epreuve\/42235\/lestivale-bretonne-2024\" target=\"_blank\" rel=\"nofollow noopener\">voir classements<\/a><\/strong>) a retenu un total de 25 formations pour cet \u00e9t\u00e9, alors que le parcours sera pratiquement identique \u00e0 celui propos\u00e9 lors de la pr\u00e9c\u00e9dente \u00e9dition (<strong><a href=\"https:\/\/www.directvelo.com\/actualite\/120126\/l-estivale-bretonne-le-parcours-2025\" target=\"_blank\" rel=\"nofollow noopener\">voir ici<\/a><\/strong>). Retrouvez la liste des \u00e9quipes convi\u00e9es ci-dessous.<br \/><strong>Les \u00e9quipes de l\u2019Estivale Bretonne 2025 :<\/strong> <br \/><strong>N1<\/strong><br \/>AC Bisontine<br \/>Bricquebec Cotentin <br \/>CC Etupes<br \/>Dinan Sport Cycling <br \/>Occitane CF-Team Legend Wheels <br \/>Paris Cyclisme Olympique<br \/>SCO Dijon-Team-Mat\u00e9riel-v\u00e9lo.com <br \/>VCP Loud\u00e9ac<br \/><strong>N2 <\/strong><br \/>GSC Blagnac-VS31<br \/>LMP La Roche-Vend\u00e9e <br \/>Oc\u00e9ane Top 16\u00a0<br \/><strong>Team Marni-N\u2019Side<br \/><\/strong><strong>UC P\u00e9lussin Loire Pila<br \/><\/strong><strong>UV Aube<\/strong><\/p>\n<p><strong><strong>N3<br \/><\/strong><\/strong><strong>Morlaix Cyclisme Performance<br \/><\/strong><strong>SportBreizh Axel Armor Lux<br \/>Team Adris La Cr\u00eape de Broc\u00e9liande BLC<br \/><\/strong><strong>Team C\u00f4te de Granit Rose<\/strong><\/p>\n<p><strong><strong>Hors Label National<br \/><\/strong><\/strong><strong>Team Pays de Briec H2 Gremm<br \/><\/strong><strong>UCK Vannes BSC<\/strong><\/p>\n<p><strong><strong>Clubs \u00e9trangers<br \/><\/strong><\/strong><strong>Muc-Off\/SRCT\/Storck (Grande-Bretagne)\u00a0<br \/><\/strong><strong>Sandnes Cycling Club (Norv\u00e8ge)<br \/><\/strong><strong>Sheffield (Grande-Bretagne)<br \/><\/strong><strong>Wilco Group TWC de Kempen (Pays-Bas)<\/strong><\/p>\n<p><strong><strong>S\u00e9lection nationale<br \/><\/strong><\/strong><strong>Alg\u00e9rie\u00a0 \u00a0<\/strong><\/p>\n","protected":false},"excerpt":{"rendered":"La neuvi\u00e8me \u00e9dition de l\u2019Estivale Bretonne (Elite Nationale) se disputera du 8 au 11 ao\u00fbt prochains. L\u2019\u00e9preuve remport\u00e9e&hellip;\n","protected":false},"author":2,"featured_media":44290,"comment_status":"","ping_status":"","sticky":false,"template":"","format":"standard","meta":{"footnotes":""},"categories":[1411],"tags":[834,828,836,829,837,827,83,826,824,823,1154,207,814,817,815,816,822,821,832,211,839,1011,27,820,818,819,835,831,830,833,838,60,212,208,825],"class_list":{"0":"post-44289","1":"post","2":"type-post","3":"status-publish","4":"format-standard","5":"has-post-thumbnail","7":"category-cyclisme","8":"tag-attaque","9":"tag-belgique","10":"tag-braquet","11":"tag-bretagne","12":"tag-chute","13":"tag-competition","14":"tag-coupe-de-france","15":"tag-coureur","16":"tag-course-cyclisme","17":"tag-course-cycliste","18":"tag-cycling","19":"tag-cyclisme","20":"tag-direct","21":"tag-direct-velo","22":"tag-directvelo","23":"tag-directvelo-com","24":"tag-epreuve","25":"tag-epreuve-cycliste","26":"tag-federation-francaise-de-cyclisme","27":"tag-ffc","28":"tag-flandres","29":"tag-fr","30":"tag-france","31":"tag-live","32":"tag-live-course","33":"tag-live-epreuve","34":"tag-peloton","35":"tag-radio-peloton","36":"tag-radio-tour","37":"tag-ravitaillement","38":"tag-relance","39":"tag-sports","40":"tag-uci","41":"tag-velo","42":"tag-velos"},"share_on_mastodon":{"url":"https:\/\/pubeurope.com\/@fr\/114382366571042347","error":""},"_links":{"self":[{"href":"https:\/\/www.europesays.com\/fr\/wp-json\/wp\/v2\/posts\/44289","targetHints":{"allow":["GET"]}}],"collection":[{"href":"https:\/\/www.europesays.com\/fr\/wp-json\/wp\/v2\/posts"}],"about":[{"href":"https:\/\/www.europesays.com\/fr\/wp-json\/wp\/v2\/types\/post"}],"author":[{"embeddable":true,"href":"https:\/\/www.europesays.com\/fr\/wp-json\/wp\/v2\/users\/2"}],"replies":[{"embeddable":true,"href":"https:\/\/www.europesays.com\/fr\/wp-json\/wp\/v2\/comments?post=44289"}],"version-history":[{"count":0,"href":"https:\/\/www.europesays.com\/fr\/wp-json\/wp\/v2\/posts\/44289\/revisions"}],"wp:featuredmedia":[{"embeddable":true,"href":"https:\/\/www.europesays.com\/fr\/wp-json\/wp\/v2\/media\/44290"}],"wp:attachment":[{"href":"https:\/\/www.europesays.com\/fr\/wp-json\/wp\/v2\/media?parent=44289"}],"wp:term":[{"taxonomy":"category","embeddable":true,"href":"https:\/\/www.europesays.com\/fr\/wp-json\/wp\/v2\/categories?post=44289"},{"taxonomy":"post_tag","embeddable":true,"href":"https:\/\/www.europesays.com\/fr\/wp-json\/wp\/v2\/tags?post=44289"}],"curies":[{"name":"wp","href":"https:\/\/api.w.org\/{rel}","templated":true}]}}