{"id":442891,"date":"2025-10-06T12:53:13","date_gmt":"2025-10-06T12:53:13","guid":{"rendered":"https:\/\/www.europesays.com\/fr\/442891\/"},"modified":"2025-10-06T12:53:13","modified_gmt":"2025-10-06T12:53:13","slug":"hockey-sur-glace-coupe-de-france-grenoble-briancon-gap-chamonix-quels-adversaires-pour-nos-clubs-regionaux-en-16es-de-finale","status":"publish","type":"post","link":"https:\/\/www.europesays.com\/fr\/442891\/","title":{"rendered":"Hockey sur glace &#8211; Coupe de France. Grenoble, Brian\u00e7on, Gap, Chamonix&#8230; Quels adversaires pour nos clubs r\u00e9gionaux en 16es de finale\u00a0?"},"content":{"rendered":"<p>Le tirage au sort des 16es de finale de la Coupe de France de hockey sur glace, qui voit les clubs de Ligue Magnus faire leur entr\u00e9e dans la comp\u00e9tition, a \u00e9t\u00e9 effectu\u00e9 ce lundi. Les \u00e9quipes r\u00e9gionales, dispatch\u00e9es dans la poule Sud Est, connaissent donc leurs adversaires. Ainsi, Mont-Blanc (D1) aura le redoutable privil\u00e8ge <a href=\"https:\/\/www.ledauphine.com\/sport\/2025\/10\/06\/sa-jeunesse-a-grenoble-ses-ambitions-avec-lausanne-les-confidences-de-la-legende-cristobal-huet-avant-la-rencontre-de-chl\" target=\"_blank\" rel=\"noopener\">d\u2019affronter Grenoble<\/a>, <a href=\"https:\/\/www.ledauphine.com\/sport\/2025\/02\/16\/ca-craint-c-est-nul-les-larmes-de-grenoble-battu-en-finale\" target=\"_blank\" rel=\"noopener\">finaliste malheureux<\/a> de la derni\u00e8re \u00e9dition.<\/p>\n<p>Autre \u00e9quipe de D1, Villard-de-Lans recevra Chamonix, autre pensionnaire de Ligue Magnus. Les Gapen\u00e7ais se d\u00e9placeront quant \u00e0 eux \u00e0 <a href=\"https:\/\/www.ledauphine.com\/sport\/2025\/10\/05\/morzine-debute-son-championnat-par-une-defaite\" target=\"_blank\" rel=\"noopener\">Morzine\/Avoriaz<\/a> (D1), alors que les Diables rouges de Brian\u00e7on ont \u00e9cop\u00e9 du tirage le plus difficile, avec la r\u00e9ception des Aigles de Nice, seul choc de Ligue Magnus dans la zone Sud Est. Marseille (LM) aura a priori le 16e de finale le plus facile, puisque les Spartiates se d\u00e9placeront \u00e0 Roanne, \u00e9quipe de D2.<\/p>\n<p>Ce contenu est bloqu\u00e9 car vous n&rsquo;avez pas accept\u00e9 les cookies et autres traceurs.<\/p>\n<p>En cliquant sur \u00ab J\u2019accepte \u00bb, les cookies et autres traceurs seront d\u00e9pos\u00e9s et vous pourrez visualiser les contenus  (<a href=\"\" class=\"consentModule_policy\" target=\"_blank\" title=\"Consulter la politique de protection des donn\u00e9es du fournisseur\">plus d&rsquo;informations<\/a>).<\/p>\n<p>En cliquant sur \u00ab J\u2019accepte tous les cookies \u00bb, vous autorisez des d\u00e9p\u00f4ts de cookies et autres traceurs pour le stockage de vos donn\u00e9es sur nos sites et applications \u00e0 des fins de personnalisation et de ciblage publicitaire.<\/p>\n<p class=\"consentModule_secondaryText\">Vous gardez la possibilit\u00e9 de retirer votre consentement \u00e0 tout moment en consultant notre <a href=\"https:\/\/www.ledauphine.com\/protection-des-donnees\" target=\"_blank\" title=\"Consulter notre politique de protection des donn\u00e9es\" rel=\"noopener\">politique de protection des donn\u00e9es<\/a>. <br \/>&#13;<br \/>\n            <a href=\"https:\/\/www.ledauphine.com\/sport\/2025\/10\/06\/javascript:Didomi.notice.show()\" class=\"consentModule_cmp\" target=\"_blank\" rel=\"noopener\">G\u00e9rer mes choix<\/a>&#13;\n        <\/p>\n<p>&#13;<br \/>\n                        J&rsquo;accepte&#13;<br \/>\n            J&rsquo;accepte tous les cookies&#13;\n        <\/p>\n<p>Dans la poule Nord, Rouen (LM) ira d\u00e9fier Dunkerque (D1) sur sa glace, tandis qu\u2019Amiens (LM) aura fort \u00e0 faire \u00e0 domicile face \u00e0 Cergy-Pontoise (LM).<\/p>\n<p>Dans la poule Sud Ouest, Bordeaux et Anglet, les deux clubs de l\u2019\u00e9lite, se rendront respectivement \u00e0 Clermont-Ferrand et Toulouse-Blagnac, deux \u00e9quipes de D2. Enfin, Angers, actuel leader de Ligue Magnus et tenant du titre, fera le voyage \u00e0 Brest (D2). Les 16es de finale de cette Coupe de France se disputeront les 21 et 22\u00a0octobre prochains.<\/p>\n","protected":false},"excerpt":{"rendered":"Le tirage au sort des 16es de finale de la Coupe de France de hockey sur glace, qui&hellip;\n","protected":false},"author":2,"featured_media":442892,"comment_status":"","ping_status":"","sticky":false,"template":"","format":"standard","meta":{"footnotes":""},"categories":[9566],"tags":[1111,11,2430,56924,12923,19384,32236,22849,3856,112,113,4521,9543,114,1777,674,1701,1011,27,1085,16204,38800,2731,2732,4638,881,4133,19383,22848,35795,10145,56923,108,10146,17767,56925,12,22850,25,34255,517,1947,32345],"class_list":{"0":"post-442891","1":"post","2":"type-post","3":"status-publish","4":"format-standard","5":"has-post-thumbnail","7":"category-grenoble","8":"tag-actu","9":"tag-actualites","10":"tag-auvergne-rhone-alpes","11":"tag-avoriaz","12":"tag-briancon","13":"tag-briancon-bassin","14":"tag-brianconnais-pays-des-ecrins","15":"tag-chamonix-mont-blanc","16":"tag-edition-annecy-rumilly-les-aravis","17":"tag-edition-grenoble-agglomeration","18":"tag-edition-gresivaudan-oisans","19":"tag-edition-hautes-alpes-alpes-de-haute-provence","20":"tag-edition-mont-blanc-arve","21":"tag-edition-voiron-saint-marcellin","22":"tag-eu","23":"tag-europe","24":"tag-fil-info-sport","25":"tag-fr","26":"tag-france","27":"tag-gap","28":"tag-gap-bassin","29":"tag-gapencais","30":"tag-grenoble","31":"tag-grenoble-bassin","32":"tag-haute-savoie","33":"tag-hautes-alpes","34":"tag-hockey-sur-glace","35":"tag-hockey-sur-glace-briancon","36":"tag-hockey-sur-glace-chamonix","37":"tag-hockey-sur-glace-gap","38":"tag-hockey-sur-glace-grenoble","39":"tag-hockey-sur-glace-villard-de-lans","40":"tag-isere","41":"tag-ligue-magnus-hockey-sur-glace","42":"tag-megeve","43":"tag-morzine","44":"tag-news","45":"tag-ouverture-chamonix","46":"tag-republique-francaise","47":"tag-saint-gervais-les-bains","48":"tag-sport","49":"tag-sport-national","50":"tag-villard-de-lans"},"share_on_mastodon":{"url":"","error":"Validation failed: Text character limit of 500 exceeded"},"_links":{"self":[{"href":"https:\/\/www.europesays.com\/fr\/wp-json\/wp\/v2\/posts\/442891","targetHints":{"allow":["GET"]}}],"collection":[{"href":"https:\/\/www.europesays.com\/fr\/wp-json\/wp\/v2\/posts"}],"about":[{"href":"https:\/\/www.europesays.com\/fr\/wp-json\/wp\/v2\/types\/post"}],"author":[{"embeddable":true,"href":"https:\/\/www.europesays.com\/fr\/wp-json\/wp\/v2\/users\/2"}],"replies":[{"embeddable":true,"href":"https:\/\/www.europesays.com\/fr\/wp-json\/wp\/v2\/comments?post=442891"}],"version-history":[{"count":0,"href":"https:\/\/www.europesays.com\/fr\/wp-json\/wp\/v2\/posts\/442891\/revisions"}],"wp:featuredmedia":[{"embeddable":true,"href":"https:\/\/www.europesays.com\/fr\/wp-json\/wp\/v2\/media\/442892"}],"wp:attachment":[{"href":"https:\/\/www.europesays.com\/fr\/wp-json\/wp\/v2\/media?parent=442891"}],"wp:term":[{"taxonomy":"category","embeddable":true,"href":"https:\/\/www.europesays.com\/fr\/wp-json\/wp\/v2\/categories?post=442891"},{"taxonomy":"post_tag","embeddable":true,"href":"https:\/\/www.europesays.com\/fr\/wp-json\/wp\/v2\/tags?post=442891"}],"curies":[{"name":"wp","href":"https:\/\/api.w.org\/{rel}","templated":true}]}}