{"id":442915,"date":"2025-10-06T13:06:12","date_gmt":"2025-10-06T13:06:12","guid":{"rendered":"https:\/\/www.europesays.com\/fr\/442915\/"},"modified":"2025-10-06T13:06:12","modified_gmt":"2025-10-06T13:06:12","slug":"on-vous-aide-a-faire-votre-selection","status":"publish","type":"post","link":"https:\/\/www.europesays.com\/fr\/442915\/","title":{"rendered":"on vous aide \u00e0 faire votre s\u00e9lection"},"content":{"rendered":"<p>            Par<br \/>\n        <strong><br \/>\n            <a href=\"https:\/\/actu.fr\/auteur\/annesophie-2\" title=\"Consulter tous les articles de Anne-Sophie Hourdeaux\" target=\"_blank\" rel=\"noopener\">Anne-Sophie Hourdeaux<\/a><br \/>\n        <\/strong><\/p>\n<p>        Publi\u00e9 le<\/p>\n<p>            6 oct. 2025 \u00e0 14h04        <\/p>\n<p><b>Avec plus de 100 rendez-vous<\/b>, un salon du livre avec 80 auteurs, des conf\u00e9rences, des jeux, des animations d\u00e8s 4\u00a0ans, pas facile de faire son choix pour le <b>festival Ecoposs <\/b>de l\u2019<a href=\"https:\/\/actu.fr\/tag\/universite-catholique-de-lille\" target=\"_blank\" rel=\"noopener\">Universit\u00e9 catholique de Lille<\/a><b> du 10 au 12\u00a0octobre 2025<\/b>\u2009! Pour les enfants, sur le climat, avec les rendez-vous les plus insolites, les cin\u00e9s-concerts, sur la famille\u2009: voici notre s\u00e9lection pour mieux faire votre choix.<\/p>\n<p>Pour les enfants<\/p>\n<p class=\" wall-content\">Si vous avez des enfants en bas \u00e2ge, entre 4 et 11\u00a0ans\u2009:<\/p>\n<p class=\" wall-content\">\u2013 Dessine ton monstre en bois le 11 \u00e0 11\u2009h\u200930, 16\u2009h\u200930, pour les 5-8 ans, salle 272<\/p>\n<p class=\" wall-content\">\u2013 Cr\u00e9e ta fus\u00e9e le 11 \u00e0 14\u2009h\u200930, 17\u2009h salle 278\u2009; le 12 \u00e0 14\u2009h, 16\u2009h\u200930, salle 276 d\u00e8s 6 ans.<\/p>\n<p class=\" wall-content\">\u2013 Ecris une carte postale. \u00a0Imagine que tu es parti en voyage dans un lieu invent\u00e9 (pays futuriste, plan\u00e8te, \u00eele, ville dans la jungle\u2026) et que tu envoies une carte postale \u00e0 quelqu\u2019un rest\u00e9 sur Terre. Le 11 de 17 h \u00e0 18 h et le 12 de 10 h 15 \u00e0 11 h 15 et de 15 h 15 \u00e0 16 h 15, salle 278 aile Vauban. De 5 \u00e0 12 ans.<\/p>\n<p class=\" wall-content\">\u2013 Concert dessin\u00e9 le 12 \u00e0 11\u2009h d\u00e8s 4 ans, RZ 048<\/p>\n<p class=\" wall-content\">\u2013 Lecture \u00e0 voix haute le 11 \u00e0 15\u2009h\u200930, ludoth\u00e8que<\/p>\n<p class=\" wall-content\">\u2013 Philo-art\u2009: est-ce qu\u2019on peut voyager dans sa t\u00eate\u2009? le 11 \u00e0 11\u2009h\u200930, 15\u2009h\u200945, le 12 \u00e0 10\u2009h\u200915, 14\u2009h, pour les 5-11 ans, salle 277<\/p>\n<p>Votre r\u00e9gion, votre actu !<\/p>\n<p>Recevez chaque jour les infos qui comptent pour vous.<\/p>\n<p>\t<a href=\"https:\/\/actu.fr\/newsletter\" class=\"ac-btn ac-btn--corner ac-btn--medium ac-btn--blue800\" target=\"_blank\" rel=\"noopener\">S&rsquo;incrire<\/a><\/p>\n<p class=\" wall-content\">\u2013 Cr\u00e9e ton portrait version Arcimboldo le 11 \u00e0 14\u2009h\u200930 pour les 5-8 ans, salle 276<\/p>\n<p class=\" wall-content\">\u2013 A l\u2019\u00e9cole de la nature le 11 \u00e0 15\u2009h\u200945, le 12 \u00e0 11\u2009h\u200930, d\u00e8s 6 ans, salle 278<\/p>\n<p class=\" wall-content\">\u2013 Pizz\u2019artistique\u2009: voyage en Italie, cr\u00e9e une pizza inspir\u00e9e des grands peintres le 12 \u00e0 10\u2009h\u200915 de 3 \u00e0 6 ans, salle 276<\/p>\n<p class=\" wall-content\">\u2013 Un voyage rigolo au c\u0153ur des expressions fran\u00e7aises le 12 \u00e0 14\u2009h d\u00e8s 5 ans, salle 276<\/p>\n<p class=\" wall-content\">\u2013 Lecture dessin\u00e9e sur les contes le 12 \u00e0 15\u2009h d\u00e8s 8 ans, RZ 048<\/p>\n<p class=\" wall-content\">\u2013 Le Professeur Terra t\u2019embarque dans une enqu\u00eate pleine de surprises. Gr\u00e2ce \u00e0 des petites exp\u00e9riences rigolotes, d\u00e9couvre les secrets de la chimie. Pour les 6-9 ans, Palais Rameau, le 11 de 14\u2009h \u00e0 16\u2009h\u200930.<\/p>\n<p class=\" wall-content\">\u2013 R\u00eaver la vie de demain le 11 \u00e0 10\u2009h RZ 006 d\u00e8s 6 ans. \u00c9couter la chanson \u00ab\u2009La vie, c\u2019est quoi\u2009\u00bb d\u2019Aldebert, cr\u00e9er des expressions artistiques \u00e0 partir des paroles.<\/p>\n<p class=\" wall-content\">\u2013 Le voyage extraordinaire de Melly la mol\u00e9cule le 11 de 14\u2009h \u00e0 16\u2009h, d\u00e8s 10 ans, Palais Rameau.<\/p>\n<p class=\" wall-content\">\u2013 Fabrique ton futur les 10 et 11 \u00e0 11\u2009h, 13\u2009h, 14\u2009h, 15\u2009h, \u00e0 l\u2019ICAM, d\u00e8s 6 ans (impression 3D et additive, low tech)<\/p>\n<p class=\" wall-content\">\u2013 Escape game la plan\u00e8te en alerte le 10 \u00e0 11\u2009h, HA 258, d\u00e8s 12 ans.<\/p>\n<p>    <img   decoding=\"async\" loading=\"lazy\" class=\"size-large\" src=\"https:\/\/www.europesays.com\/fr\/wp-content\/uploads\/2025\/10\/a14cb9bcbd656364cb9bcbd655a4cbv-960x640.jpg\" alt=\"Expo, sorties, animations  Que faire ce weekend dans le Val-d'Oise ? - PLANTU Actu\" width=\"960\" height=\"640\"\/><br \/>\n    Le dessinateur Plantu sera \u00e0 Lille les 10 et 11\u00a0octobre 2025 pour deux rencontres et une expo dans le cadre d\u2019Ecoposs \u00e0 la Catho. \u00a9Actu.frUn invit\u00e9 sp\u00e9cial\u2009: Plantu<\/p>\n<p class=\" wall-content\">Si vous aimez les dessins d\u2019actus\u2009:<\/p>\n<ul class=\" wall-content\">\n<li>Masterclass vendredi 10\u00a0octobre de 11\u2009h\u200945 \u00e0 12\u2009h\u200945 et samedi\u00a011 de 14\u2009h\u200930 \u00e0 15\u2009h\u200930 avec le dessinateur Plantu, qui a croqu\u00e9 l\u2019actu \u00e0 la Une du Monde pendant 25\u00a0ans\u2009!<\/li>\n<li>Exposition avec ses dessins, s\u00e9lectionn\u00e9s par les \u00e9tudiants de l\u2019Universit\u00e9 catholique, \u00e0 l\u2019H\u00f4tel acad\u00e9mique pendant les 2\u00a0jours. Visite comment\u00e9e de l\u2019expo vendredi 10\u00a0octobre \u00e0 10\u2009h\u200930.<\/li>\n<\/ul>\n<p>Sur la religion<\/p>\n<p class=\" wall-content\">Si vous \u00eatres int\u00e9ress\u00e9s par la religion, la spiritualit\u00e9\u2009:<\/p>\n<p class=\" wall-content\">\u2022 \u00ab\u2009Religion et science-fiction\u2009\u00bb le 10\u00a0octobre \u00e0 14\u2009h\u200930, salle HA 275\u2009: revisite de la litt\u00e9rature de science-fiction qui a puis\u00e9 dans la religion pour cr\u00e9er ses univers.<\/p>\n<p class=\" wall-content\"><b>\u2022 \u00ab\u2009Science, foi et religion\u2009: penser contre les fondamentalismes et pour un nouvel humanisme\u2009\u00bb<\/b> le 10 \u00e0 15\u2009h\u200945, HA 270.<\/p>\n<p class=\" wall-content\">\u2022 <b>\u00ab\u2009Voyage au c\u0153ur de nos sens et du sacr\u00e9\u2009\u00bb<\/b> les 10 et 11 de 10\u2009h \u00e0 18\u2009h, RZ 009. Partez pour un voyage immersif via vos 5 sens \u00e0 la d\u00e9couverte des symboles des sacrements d\u2019initiation\u2009: bapt\u00eame, eucharistie, confirmation. Une exp\u00e9rience artistique et spirituelle pour tous \u00e0 l\u2019aide d\u2019ateliers cr\u00e9atifs. Animation permanente +\u00a0parcours sensoriel de 45\u00a0minutes sur les 3\u00a0jours \u00e0 11\u2009h, 14\u2009h et 15\u2009h +\u00a0ateliers cr\u00e9atifs de 30\u00a0minutes sur les 3\u00a0jours \u00e0 13\u2009h\u200915 et 16\u2009h. Acc\u00e8s libre dans la limite des places disponibles (20 places) +\u00a0parcours en autonomie de 10\u2009h \u00e0 11\u2009h, 12\u2009h \u00e0 13\u2009h, 16\u2009h \u00e0 18\u2009h (le dimanche jusque 17\u2009h).<\/p>\n<p class=\" wall-content\">\u2022 <b>\u00ab\u2009Imaginons ensemble le futur de l\u2019\u00c9glise\u2009\u00bb<\/b> le 10 \u00e0 14\u2009h\u200930, HA 258. Gr\u00e2ce \u00e0 des textes et images g\u00e9n\u00e9r\u00e9s par l\u2019IA, illustrez ce que pourrait \u00eatre le futur de la soci\u00e9t\u00e9 connect\u00e9e \u00e0 sa dimension spirituelle et renfor\u00e7ons la compr\u00e9hension interg\u00e9n\u00e9rationnelle des attentes et espoirs li\u00e9s \u00e0 la spiritualit\u00e9 et \u00e0 la communaut\u00e9 religieuse. Avec l\u2019Ecclesialab.<\/p>\n<p>Les plus insolites<\/p>\n<p class=\" wall-content\">Si vous aimez \u00eatre surpris\u2009:<\/p>\n<p class=\" wall-content\"><b>*En cuisine<\/b>\u2009: le 11\u00a0octobre de 11\u2009h \u00e0 12\u2009h\u200930, Palais Rameau. Assistez \u00e0 une d\u00e9monstration culinaire \u00e0 4 mains avec les talentueux chefs Jean Driege (MasterChef 2022) et Olivier Boone. Ils vont concocter en direct un menu complet \u00e0 base de produits locaux, avec les ingr\u00e9dients d\u2019un panier fourni par un producteur de la r\u00e9gion. Poursuivez par un quizz sur l\u2019alimentation locale avec une surprise savoureuse \u00e0 gagner\u2009! Terminez par une d\u00e9gustation de bouch\u00e9es pr\u00e9par\u00e9es par All Traiteur.<\/p>\n<p class=\" wall-content\"><b>*Dans la peau d\u2019un voyageur de l\u2019espace avec l\u2019Odyss\u00e9e interstellaire<\/b>. \u00c0 bord du Pegasus, vivez la premi\u00e8re arriv\u00e9e de l\u2019humanit\u00e9 dans un autre syst\u00e8me stellaire que celui qui l\u2019a vu na\u00eetre\u2009! Le Pegasus a quitt\u00e9 la Terre voil\u00e0 130\u00a0ans. \u00c0 son bord, vous incarnerez cinq g\u00e9n\u00e9rations d\u2019humains. Pourquoi ont-ils quitt\u00e9 le Syst\u00e8me solaire\u2009? Comment a \u00e9t\u00e9 con\u00e7u le Pegasus\u2009? Que vont-ils trouver \u00e0 leur arriv\u00e9e\u2009? Cette conf\u00e9rence interactive va tenter de r\u00e9pondre. Le 12 de 14\u2009h \u00e0 16\u2009h, amphi Teilhard de Chardin.<\/p>\n<p class=\" wall-content\"><b>*Un loup-garou g\u00e9ant<\/b>. Dans cette version revisit\u00e9e, le jeu immersif vous embarque dans un voyage en Amazonie, guid\u00e9s par la voix du ma\u00eetre du jeu. Mettez-vous dans la peau des \u201cLoups de l\u2019Agro-business\u201d, qui d\u00e9truisent la for\u00eat amazonienne, dans celles des acteurs de la soci\u00e9t\u00e9 civile qui ont un r\u00f4le clef pour sauver la for\u00eat ou acc\u00e9l\u00e9rer sa perte. \u00c0 partir de 12\u00a0ans. Propos\u00e9 par le CCFD-Terre Solidaire. Le 11 de 14\u2009h \u00e0 16\u2009h, RZ 006.<\/p>\n<p class=\" wall-content\"><b>*Un cin\u00e9-jogging<\/b> le 12 de 10\u2009h \u00e0 11\u2009h, HA 093. D\u00e9couvrez le documentaire \u00ab\u2009100 Marathons vus du c\u0153ur\u2009\u00bb (2022, 30\u00a0minutes) retra\u00e7ant la folle aventure de Nicolas Vandenelsken, r\u00e9alis\u00e9 par J\u00e9r\u00f4me Habasque, puis partez courir \u00e0 leurs c\u00f4t\u00e9s (5 ou 8\u00a0km)\u2009! L\u2019athl\u00e8te a utilis\u00e9 la technique de la visualisation pour cet exploit.<\/p>\n<p class=\" wall-content\"><b>*Un simulateur de vieillesse<\/b> les 10, 11, 10-18\u2009h, Grand hall<\/p>\n<p class=\" wall-content\"><b>*Un <\/b><b>\u00ab<\/b><b>\u2009Caf\u00e9 signes\u2009\u00bb<\/b> le 11 de 14\u2009h \u00e0 15\u2009h\u200930, MF 1007. Rencontre entre sourds et entendants.<\/p>\n<p>Sur le climat, l\u2019enjeu environnemental<\/p>\n<p class=\" wall-content\">-Ultime chance pour l\u2019oc\u00e9an le 10 \u00e0 15\u2009h\u200945, salle des Actes<\/p>\n<p class=\" wall-content\">-Dialogue entre un botaniste et un \u00e9cologue le 11 \u00e0 15\u2009h\u200945, salle des Actes<\/p>\n<p class=\" wall-content\">-Surtourisme\u2009: comment repenser le voyage\u2009? le 11 \u00e0 15\u2009h\u200945, HA 270<\/p>\n<p class=\" wall-content\">-Points de bascule du climat le 12 \u00e0 11\u2009h, HA 270<\/p>\n<p class=\" wall-content\">-Le voyage \u00e9co-touristique le 10 \u00e0 13\u2009h\u200930, ICAM<\/p>\n<p class=\" wall-content\">-\u00ab\u2009Vivre ou survivre\u2009: explorons tout notre potentiel\u2009! Aventure, adaptation et int\u00e9riorit\u00e9\u2009\u00bb le 12 \u00e0 11\u2009h, amphi Teilhard de Chardin. Avec Cyrus North, Marie Balmary, Christian Clot (talk payant, de 6 \u00e0 12 \u20ac).<\/p>\n<p>Au Palais Rameau<\/p>\n<p class=\" wall-content\">Caf\u00e9 du monde les 10 et 11 de 10\u2009h \u00e0 17\u2009h. Venez parler dans toutes les langues autour d\u2019un bon th\u00e9 ou caf\u00e9 du monde !<\/p>\n<p class=\" wall-content\">Reconnexion \u00e0 la nature et au vivant les 10 et 11 de 10\u2009h \u00e0 18\u2009h.<\/p>\n<p class=\" wall-content\">D\u00e9couvrez un mus\u00e9e en 2079 les 10 et 11 de 10\u2009h \u00e0 18\u2009h.<\/p>\n<p class=\" wall-content\">Masterchef comme si vous y \u00e9tiez, deux chefs cuisinent local devant vous, avec Jean Driege (MasterChef 2022) et Olivier Boone. Le 11 de 11\u2009h \u00e0 12\u2009h.<\/p>\n<p class=\" wall-content\">La m\u00e9thode Mosa\u00efque. Cet atelier nous invite \u00e0 cr\u00e9er une \u00ab\u00a0mosa\u00efque anthropologique des futurs possibles et souhaitables\u00a0\u00bb. le 10 de 10 h 30 \u00e0 12 h 30 et de 14 h 30 \u00e0 16 h 30<\/p>\n<p class=\" wall-content\">\u00a0\u00ab\u00a0\u2009Future of IA\u2009\u00a0\u00bb, d\u00e9couvrez les nouveaux m\u00e9tiers li\u00e9s \u00e0 l\u2019IA avec un jeu de cartes, le 11 \u00e0 10\u2009h<\/p>\n<p>M\u00e9thodes futuristes<\/p>\n<p class=\" wall-content\">Si vous aimez faire travailler votre imagination avec des outils originaux\u2009:<\/p>\n<p class=\" wall-content\"><b>Demain je suis maire<\/b>, imaginez votre ville id\u00e9ale le 10 \u00e0 10\u2009h, MF 1007<\/p>\n<p class=\" wall-content\"><b>Design fiction\u2009: et si on imaginait le futur\u2009?<\/b> le 10 \u00e0 10\u2009h, 11\u2009h, 14\u2009h, 15\u2009h, le 11 \u00e0 10\u2009h \u00e0 l\u2019ICAM, d\u00e8s 12\u00a0ans. \u00c9crire le futur \u00e0 partir d\u2019une photo et en d\u00e9battre.<\/p>\n<p class=\" wall-content\"><b>La fresque du futur<\/b> le 10 \u00e0 10\u2009h\u200930 et 14\u2009h, HA 214<\/p>\n<p class=\" wall-content\"><b>Mythologie du futur<\/b> le 11 \u00e0 15\u2009h, HA 093. Composez votre propre feuille de route du futur.<\/p>\n<p class=\" wall-content\"><b>Ecrire une carte postale du futur.<\/b> Imaginez votre voyage extraordinaire et \u00e9crivez-le au dos d\u2019une carte postale. Votre carte arrivera dans votre bo\u00eete ou celle de votre destinataire dans quelque temps. Les 150 premi\u00e8res cartes seront timbr\u00e9es gratuitement. Les 10, 11 et 12 de 10\u2009h \u00e0 18\u2009h, Grand Hall.<\/p>\n<p>    <img   decoding=\"async\" loading=\"lazy\" class=\"size-large\" src=\"https:\/\/www.europesays.com\/fr\/wp-content\/uploads\/2025\/10\/ac86d505aad869096d505aad87496dv-960x640.jpg\" alt=\"Interstellar\" width=\"960\" height=\"640\"\/><br \/>\n    Interstellar de Christopher Nolan sera projet\u00e9 le 11 \u00e0 19 h \u00e0 l\u2019Universit\u00e9 catholique de Lille. \u00a9Warner BrosSur l\u2019Intelligence artificielle<\/p>\n<p class=\" wall-content\">Si vous vous int\u00e9ressez \u00e0 l\u2019IA\u2009:<\/p>\n<p class=\" wall-content\">\u2022 \u00ab\u2009Pour le co-cr\u00e9ateur de SIRI, l\u2019IA n\u2019est pas toujours intelligente\u2009\u00bb le 12 \u00e0 11\u2009h, salle des Actes<\/p>\n<p class=\" wall-content\">\u2022 \u00ab\u2009Bienvenue \u00e0 l\u2019IA\u2009?\u2009\u00bb le 11 \u00e0 11\u2009h\u200945, amphi Ren\u00e9 Th\u00e9ry<\/p>\n<p class=\" wall-content\">\u2022 \u00ab\u2009La bataille de l\u2019IA\u2009\u00bb le 10 de 10\u2009h \u00e0 12\u2009h, le 11 de 13\u2009h\u200930 \u00e0 15\u2009h\u200930, Palais Rameau. Explorez les enjeux sociaux et environnementaux de l\u2019IA G\u00e9n\u00e9rative \u00e0 travers un jeu de cartes participatif<\/p>\n<p class=\" wall-content\">\u2022 \u00ab\u2009Future of IA\u2009\u00bb, d\u00e9couvrez les nouveaux m\u00e9tiers li\u00e9s \u00e0 l\u2019IA avec un jeu de cartes, le 11 \u00e0 10\u2009h, Palais Rameau, pour les 14-18 ans.<\/p>\n<p class=\" wall-content\">\u2022 \u00ab\u2009L\u2019Europe doit inventer une IA des Lumi\u00e8res\u2009\u00bb le 11 de 15\u2009h\u200930 \u00e0 17\u2009h, Palais Rameau. Une conf\u00e9rence propos\u00e9e par la Soci\u00e9t\u00e9 Fran\u00e7aise de Prospective \u00e0 partir de 13 propositions pour tracer la voie d\u2019une intelligence artificielle au service du bien commun, conciliant innovation, comp\u00e9titivit\u00e9 et responsabilit\u00e9.<\/p>\n<p>Des cin\u00e9s-d\u00e9bats<\/p>\n<p class=\" wall-content\">Si vous aimez le cin\u00e9ma\u2009:<\/p>\n<ul class=\" wall-content\">\n<li><b>L\u2019\u00e9cotourisme fait son cin\u00e9ma<\/b> le 10 octobre de 18\u2009h\u200930 \u00e0 20\u2009h, \u00e0 l\u2019ICAM rue Auber, d\u00e8s 12 ans. Plongez dans l\u2019univers de l\u2019\u00e9cotourisme et sa <a href=\"https:\/\/breen.tv\" target=\"_blank\" rel=\"noopener\">plateforme de streaming gratuite et enti\u00e8rement d\u00e9di\u00e9e<\/a>. Apr\u00e8s la projection du film de l\u2019ICAM de Lille en avant-premi\u00e8re, participez \u00e0 un d\u00e9bat en pr\u00e9sence des \u00e9tudiants\u2009: ils t\u00e9moigneront de leur d\u00e9couverte de l\u2019\u00e9cotourisme sur le territoire. Acc\u00e8s libre dans la limite des places disponibles (100 places).<\/li>\n<li>Cin\u00e9-d\u00e9bat sur film <b>\u00ab\u2009<\/b><b>Paprika<\/b><b>\u2009\u00bb<\/b> (2006) le 10\u00a0octobre d\u00e8s 19\u2009h d\u00e8s 14\u00a0ans, amphi Teilhard de Chardin. Dans le futur, un nouveau traitement psychoth\u00e9rapeutique a \u00e9t\u00e9 invent\u00e9. Gr\u00e2ce \u00e0 une machine, le DC Mini, il est possible de rentrer dans les r\u00eaves des patients, et de les enregistrer afin de sonder les tr\u00e9fonds de la pens\u00e9e et de l\u2019inconscient. Avant la projection du film, une mise en contexte offrira des \u00e9l\u00e9ments de r\u00e9flexion et des \u00e9changes d\u2019id\u00e9es. Avec Olivier Paquet (auteur de science-fiction), Fabrice Chemla (universitaire), Christian Gatard (sociologue du futur), Olivier Parent (prospectiviste). Acc\u00e8s libre dans la limite des places disponibles (280 places).<\/li>\n<li><b>\u00ab\u2009Notre record\u2009\u00bb<\/b> le 10 \u00e0 20\u2009h, salle MF 1092 (H\u00f4tel acad\u00e9mique). Notre Record raconte un d\u00e9fi fou\u2009: celui de Nicolas Vandenelsken, un athl\u00e8te engag\u00e9, qui a parcouru les 2\u2009100 kilom\u00e8tres du sentier des douaniers en Bretagne (GR34), du Mont-Saint-Michel \u00e0 Saint-Nazaire, en moins de 27\u00a0jours, le record \u00e0 battre. \u00c0 travers les yeux de son r\u00e9alisateur, le spectateur est invit\u00e9 \u00e0 vivre une exp\u00e9rience immersive unique, entre paysages spectaculaires et d\u00e9fis physiques \u00e9prouvants.<\/li>\n<li><b>\u00ab\u2009Interstellar\u2009\u00bb<\/b> de Christopher Nolan, sorti en 2014, sera projet\u00e9 le 11 d\u00e8s 19\u2009h, amphi Teilhard de Chardin. Table-ronde avant la projection avec Laurent Genefort (auteur de science-fiction), Christian Gatard (sociologue du futur), Olivier Parent (prospectiviste). Un groupe d\u2019explorateurs d\u00e9couvrent une faille dans l\u2019espace-temps.<\/li>\n<li>Cin\u00e9-jogging le 12 de 10\u2009h \u00e0 11\u2009h, HA 093, avec le documentaire <b>\u00ab\u2009100 Marathons vus du c\u0153ur\u2009\u00bb<\/b>, puis une course ensemble.<\/li>\n<\/ul>\n<p>Un peu de sport<\/p>\n<p class=\" wall-content\">Si vous aimez le sport :<\/p>\n<p class=\" wall-content\">\u2013<b>Un cin\u00e9 jogging<\/b> le 12 de 10\u2009h \u00e0 11\u2009h, HA 093<\/p>\n<p class=\" wall-content\"><b>-Un challenge kilom\u00e9trique<\/b>. Des tapis de course seront \u00e0 votre disposition, mais vous pouvez aussi participer o\u00f9 vous voulez, quand vous voulez, tout au long du festival. Gr\u00e2ce \u00e0 l\u2019application Active Giving \u00e0 chaque palier atteint, des arbres seront plant\u00e9s. Le 10 de 10\u2009h \u00e0 18\u2009h<\/p>\n<p>La famille<\/p>\n<p class=\" wall-content\">Sur la parentalit\u00e9\u2009:<\/p>\n<p class=\" wall-content\">-Th\u00e9\u00e2tre forum improvis\u00e9\u2009: osons encore devenir parents\u2009?\u2009! le 10 \u00e0 15\u2009h, le 11 \u00e0 10\u2009h, le 12 \u00e0 12\u2009h\u200945, place du village<\/p>\n<p class=\" wall-content\">-La parentalit\u00e9, parlons-en le 10 \u00e0 16\u2009h\u200930, HA 093<\/p>\n<p class=\" wall-content\">-Couples, famille, amis\u2009: interroger les liens qui construisent et qui blessent le 11 \u00e0 15\u2009h\u200945, HA 047. Avec l\u2019autrice Camille Kouchner.<\/p>\n<p class=\" wall-content\">-Les \u00e9crans en question le 12 \u00e0 14\u2009h\u200930, amphi Ren\u00e9 Th\u00e9ry<\/p>\n<p>Sur les questions de soci\u00e9t\u00e9<\/p>\n<p class=\" wall-content\">Si vous voulez r\u00e9fl\u00e9chir sur ce que sera notre vie demain dans ses aspects les plus pratiques\u2009:<\/p>\n<ul class=\" wall-content\">\n<li>\u00c0 quoi ressemblera le travail de demain\u2009? le 10 \u00e0 10\u2009h\u200930, salle des Actes<\/li>\n<li>Imaginons ensemble une entreprise humaniste du futur le 10 \u00e0 14\u2009h et 15\u2009h\u200930, MF 1007<\/li>\n<li>L\u2019Ehpad du futur le 11 \u00e0 11\u2009h, HA 193<\/li>\n<li>Comment nous d\u00e9placerons-nous en 2050\u2009? le 11 \u00e0 15\u2009h, MF 1110<\/li>\n<li>Le futur de l\u2019\u00c9ducation en 2100 les 10 \u00e0 10\u2009h, les 11 et 12 \u00e0 10\u2009h et 14\u2009h, HAS47<\/li>\n<\/ul>\n<p>Programme sur<a href=\"https:\/\/app.imagina.com\/ecoposs\/451574\" target=\"_blank\" rel=\"noopener\"> le site internet Ecoposs<\/a>.<\/p>\n<p class=\" wall-content\">Personnalisez votre actualit\u00e9 en ajoutant vos villes et m\u00e9dias en favori avec <a href=\"https:\/\/moncompte.actu.fr\" title=\"D\u00e9couvez Mon Actu\" rel=\"nofollow noopener\" data-trk=\"{&quot;cta&quot;:{&quot;action&quot;:&quot;https:\\\/\\\/moncompte.actu.fr&quot;,&quot;category&quot;:&quot;mon compte&quot;,&quot;from&quot;:&quot;article footer&quot;,&quot;name&quot;:&quot;Mon actu&quot;,&quot;type&quot;:&quot;cta&quot;}}\" target=\"_blank\">Mon Actu<\/a>.<\/p>\n","protected":false},"excerpt":{"rendered":"Par Anne-Sophie Hourdeaux Publi\u00e9 le 6 oct. 2025 \u00e0 14h04 Avec plus de 100 rendez-vous, un salon du&hellip;\n","protected":false},"author":2,"featured_media":442916,"comment_status":"","ping_status":"","sticky":false,"template":"","format":"standard","meta":{"footnotes":""},"categories":[2815],"tags":[1111,11,1777,674,1011,27,811,1307,12,25,104,21754],"class_list":{"0":"post-442915","1":"post","2":"type-post","3":"status-publish","4":"format-standard","5":"has-post-thumbnail","7":"category-lille","8":"tag-actu","9":"tag-actualites","10":"tag-eu","11":"tag-europe","12":"tag-fr","13":"tag-france","14":"tag-hauts-de-france","15":"tag-lille","16":"tag-news","17":"tag-republique-francaise","18":"tag-societe","19":"tag-universite-catholique-de-lille"},"share_on_mastodon":{"url":"https:\/\/pubeurope.com\/@fr\/115327375268279788","error":""},"_links":{"self":[{"href":"https:\/\/www.europesays.com\/fr\/wp-json\/wp\/v2\/posts\/442915","targetHints":{"allow":["GET"]}}],"collection":[{"href":"https:\/\/www.europesays.com\/fr\/wp-json\/wp\/v2\/posts"}],"about":[{"href":"https:\/\/www.europesays.com\/fr\/wp-json\/wp\/v2\/types\/post"}],"author":[{"embeddable":true,"href":"https:\/\/www.europesays.com\/fr\/wp-json\/wp\/v2\/users\/2"}],"replies":[{"embeddable":true,"href":"https:\/\/www.europesays.com\/fr\/wp-json\/wp\/v2\/comments?post=442915"}],"version-history":[{"count":0,"href":"https:\/\/www.europesays.com\/fr\/wp-json\/wp\/v2\/posts\/442915\/revisions"}],"wp:featuredmedia":[{"embeddable":true,"href":"https:\/\/www.europesays.com\/fr\/wp-json\/wp\/v2\/media\/442916"}],"wp:attachment":[{"href":"https:\/\/www.europesays.com\/fr\/wp-json\/wp\/v2\/media?parent=442915"}],"wp:term":[{"taxonomy":"category","embeddable":true,"href":"https:\/\/www.europesays.com\/fr\/wp-json\/wp\/v2\/categories?post=442915"},{"taxonomy":"post_tag","embeddable":true,"href":"https:\/\/www.europesays.com\/fr\/wp-json\/wp\/v2\/tags?post=442915"}],"curies":[{"name":"wp","href":"https:\/\/api.w.org\/{rel}","templated":true}]}}