{"id":442921,"date":"2025-10-06T13:09:11","date_gmt":"2025-10-06T13:09:11","guid":{"rendered":"https:\/\/www.europesays.com\/fr\/442921\/"},"modified":"2025-10-06T13:09:11","modified_gmt":"2025-10-06T13:09:11","slug":"la-mosquee-des-bleuets-officiellement-sous-le-coup-dune-fermeture","status":"publish","type":"post","link":"https:\/\/www.europesays.com\/fr\/442921\/","title":{"rendered":"la mosqu\u00e9e des Bleuets officiellement sous le coup d\u2019une fermeture"},"content":{"rendered":"<p>Le pr\u00e9fet des Bouches-du-Rh\u00f4ne a notifi\u00e9 ce lundi au lieu de culte son arr\u00eat\u00e9 de fermeture. Comme annonc\u00e9, la mosqu\u00e9e va contester devant le tribunal administratif et d\u00e9poser mardi un recours en r\u00e9f\u00e9r\u00e9-libert\u00e9.<\/p>\n<p class=\"fig-paragraph\">Le bras de fer judiciaire est imminent. Ce lundi, le pr\u00e9fet des Bouches-du-Rh\u00f4ne, Georges-Fran\u00e7ois Leclerc, a officiellement notifi\u00e9 \u00e0\u00a0<a href=\"http:\/\/www.lefigaro.fr\/marseille\/le-prefet-veut-la-peau-de-notre-imam-la-mosquee-des-bleuets-veut-contester-sa-fermeture-devant-la-justice-20250924\" data-fig-type=\"NewsFlash\" data-gtm-custom-categorie=\"navigation\" data-gtm-custom-action=\"crossclick\" data-gtm-custom-label=\"Contextuel\" data-gtm-event=\"customEventSPE\" data-fig-domain=\"LEFIGARO\" target=\"_blank\" rel=\"noopener\">la mosqu\u00e9e des Bleuets<\/a>, situ\u00e9e dans les quartiers nord de Marseille (13e arrondissement), un arr\u00eat\u00e9 de fermeture, a appris Le Figaro aupr\u00e8s des avocats de la mosqu\u00e9e. \u00abEn cons\u00e9quence, nous allons d\u00e9poser un recours devant le tribunal administratif de Marseille\u00bb, annonce au Figaro Me Sefen Guez Guez, l\u2019avocat de la mosqu\u00e9e d\u00e9j\u00e0 menac\u00e9e de fermeture l\u2019an dernier. Ce recours en r\u00e9f\u00e9r\u00e9-libert\u00e9 devrait \u00eatre examin\u00e9 jeudi, selon cette m\u00eame source.<\/p>\n<p class=\"fig-paragraph\">Cette<a href=\"http:\/\/www.lefigaro.fr\/marseille\/marseille-la-mosquee-des-bleuets-de-nouveau-menacee-de-fermeture-20250918\" data-fig-type=\"NewsFlash\" data-gtm-custom-categorie=\"navigation\" data-gtm-custom-action=\"crossclick\" data-gtm-custom-label=\"Contextuel\" data-gtm-event=\"customEventSPE\" data-fig-domain=\"LEFIGARO\" target=\"_blank\" rel=\"noopener\">\u00a0menace de fermeture\u00a0<\/a>avait d\u2019abord pris la forme d\u2019une\u00a0<a href=\"http:\/\/www.lefigaro.fr\/actualite-france\/islamisme-ce-que-l-etat-reproche-a-l-imam-des-bleuets-bastion-du-salafo-frerisme-a-marseille-20250930\" data-fig-type=\"Article\" data-gtm-custom-categorie=\"navigation\" data-gtm-custom-action=\"crossclick\" data-gtm-custom-label=\"Contextuel\" data-gtm-event=\"customEventSPE\" data-fig-domain=\"LEFIGARO\" target=\"_blank\" rel=\"noopener\">lettre\u00a0<\/a>que Le Figaro s\u2019est procur\u00e9e. Dans ce courrier, le pr\u00e9fet rappelle notamment la condamnation de l\u2019<a href=\"http:\/\/www.lefigaro.fr\/actualite-france\/marseille-l-ex-imam-de-la-mosquee-des-bleuets-juge-pour-apologie-du-terrorisme-20250324\" data-fig-type=\"Article\" data-gtm-custom-categorie=\"navigation\" data-gtm-custom-action=\"crossclick\" data-gtm-custom-label=\"Contextuel\" data-gtm-event=\"customEventSPE\" data-fig-domain=\"LEFIGARO\" target=\"_blank\" rel=\"noopener\">imam de la mosqu\u00e9e<\/a>, Sma\u00efn Bendjilali, pour apologie du terrorisme le 30 mai dernier, pour laquelle l\u2019imam a fait appel. Contrairement aux r\u00e9quisitions de l\u2019accusation, le tribunal n\u2019avait pas interdit l\u2019imam d\u2019exercer, de sorte qu<a href=\"http:\/\/www.lefigaro.fr\/marseille\/marseille-condamne-pour-apologie-du-terrorisme-l-imam-des-bleuets-annonce-retourner-precher-avec-fierte-20250530\" data-fig-type=\"NewsFlash\" data-gtm-custom-categorie=\"navigation\" data-gtm-custom-action=\"crossclick\" data-gtm-custom-label=\"Contextuel\" data-gtm-event=\"customEventSPE\" data-fig-domain=\"LEFIGARO\" target=\"_blank\" rel=\"noopener\">\u2019il avait repris les pr\u00eaches d\u00e8s l\u2019apr\u00e8s-midi de la d\u00e9cision de justice<\/a>. Or, pour la pr\u00e9fecture, \u00abla reprise effective\u00bb des fonctions d\u2019imam au lendemain de la condamnation \u00abconstitue un \u00e9l\u00e9ment majeur conduisant \u00e0 devoir engager une nouvelle proc\u00e9dure contradictoire\u00bb.<\/p>\n<p>                                    <a class=\"fig-a11y-skip a11y-hidden\" href=\"#fig-a11y-skip-main-inarticle\"><br \/>\n        Passer la publicit\u00e9<br \/>\n    <\/a><\/p>\n<p>Un \u00abacharnement\u00bb pour l\u2019avocat de la mosqu\u00e9e<\/p>\n<p class=\"fig-paragraph\">Selon les autorit\u00e9s, des publications \u00abappelant \u00e0 la haine, \u00e0 la violence ou \u00e0 la discrimination\u00bb, qui avaient d\u00e9j\u00e0 \u00e9t\u00e9 point\u00e9es du doigt il y a un an, sont toujours en ligne. Pour elle, l\u2019imam \u00abpoursuit sa d\u00e9fense d\u2019une pratique radicale de l\u2019islam, qui instaure un terreau propice \u00e0 la commission d\u2019actes violents\u00bb. Le courrier mentionne aussi une plus r\u00e9cente publication Facebook, datant de mai, faisant r\u00e9f\u00e9rence \u00e0 un ouvrage \u00abpris\u00e9 de la mouvance salafo-fr\u00e9riste\u00bb, selon la pr\u00e9fecture.<\/p>\n<p class=\"fig-paragraph\">\u00abAlors que la France n\u2019a plus de gouvernement, le pr\u00e9fet des Bouches-du-Rh\u00f4ne s\u2019acharne sur la mosqu\u00e9e des Bleuets\u00bb, tance Me Guez Guez. L\u2019avocat a d\u00e9j\u00e0 contest\u00e9 dans le pass\u00e9 une d\u00e9cision de Georges-Fran\u00e7ois Leclerc, quand celui-ci, alors pr\u00e9fet du Nord, avait retir\u00e9 le contrat d\u2019association avec l\u2019\u00c9tat au lyc\u00e9e musulman\u00a0<a href=\"http:\/\/www.lefigaro.fr\/actualite-france\/lycee-musulman-averroes-apres-le-retablissement-du-contrat-avec-l-etat-la-bataille-politique-20250424\" data-fig-type=\"Article\" data-gtm-custom-categorie=\"navigation\" data-gtm-custom-action=\"crossclick\" data-gtm-custom-label=\"Contextuel\" data-gtm-event=\"customEventSPE\" data-fig-domain=\"LEFIGARO\" target=\"_blank\" rel=\"noopener\">Averro\u00e8s<\/a>\u00a0de Lille, en 2023. Finalement, le tribunal administratif lui avait donn\u00e9 tort, r\u00e9tablissant en avril le contrat d\u2019association.<\/p>\n","protected":false},"excerpt":{"rendered":"Le pr\u00e9fet des Bouches-du-Rh\u00f4ne a notifi\u00e9 ce lundi au lieu de culte son arr\u00eat\u00e9 de fermeture. Comme annonc\u00e9,&hellip;\n","protected":false},"author":2,"featured_media":442922,"comment_status":"","ping_status":"","sticky":false,"template":"","format":"standard","meta":{"footnotes":""},"categories":[2814],"tags":[1111,11,1777,674,13407,1011,27,884,14577,12,882,25,3693],"class_list":{"0":"post-442921","1":"post","2":"type-post","3":"status-publish","4":"format-standard","5":"has-post-thumbnail","7":"category-marseille","8":"tag-actu","9":"tag-actualites","10":"tag-eu","11":"tag-europe","12":"tag-fermeture","13":"tag-fr","14":"tag-france","15":"tag-marseille","16":"tag-mosquee","17":"tag-news","18":"tag-provence-alpes-cote-dazur","19":"tag-republique-francaise","20":"tag-tribunal"},"share_on_mastodon":{"url":"https:\/\/pubeurope.com\/@fr\/115327386537648857","error":""},"_links":{"self":[{"href":"https:\/\/www.europesays.com\/fr\/wp-json\/wp\/v2\/posts\/442921","targetHints":{"allow":["GET"]}}],"collection":[{"href":"https:\/\/www.europesays.com\/fr\/wp-json\/wp\/v2\/posts"}],"about":[{"href":"https:\/\/www.europesays.com\/fr\/wp-json\/wp\/v2\/types\/post"}],"author":[{"embeddable":true,"href":"https:\/\/www.europesays.com\/fr\/wp-json\/wp\/v2\/users\/2"}],"replies":[{"embeddable":true,"href":"https:\/\/www.europesays.com\/fr\/wp-json\/wp\/v2\/comments?post=442921"}],"version-history":[{"count":0,"href":"https:\/\/www.europesays.com\/fr\/wp-json\/wp\/v2\/posts\/442921\/revisions"}],"wp:featuredmedia":[{"embeddable":true,"href":"https:\/\/www.europesays.com\/fr\/wp-json\/wp\/v2\/media\/442922"}],"wp:attachment":[{"href":"https:\/\/www.europesays.com\/fr\/wp-json\/wp\/v2\/media?parent=442921"}],"wp:term":[{"taxonomy":"category","embeddable":true,"href":"https:\/\/www.europesays.com\/fr\/wp-json\/wp\/v2\/categories?post=442921"},{"taxonomy":"post_tag","embeddable":true,"href":"https:\/\/www.europesays.com\/fr\/wp-json\/wp\/v2\/tags?post=442921"}],"curies":[{"name":"wp","href":"https:\/\/api.w.org\/{rel}","templated":true}]}}