{"id":442923,"date":"2025-10-06T13:10:11","date_gmt":"2025-10-06T13:10:11","guid":{"rendered":"https:\/\/www.europesays.com\/fr\/442923\/"},"modified":"2025-10-06T13:10:11","modified_gmt":"2025-10-06T13:10:11","slug":"deux-prestations-de-serment-dans-un-cadre-dexception","status":"publish","type":"post","link":"https:\/\/www.europesays.com\/fr\/442923\/","title":{"rendered":"deux prestations de serment dans un cadre d\u2019exception"},"content":{"rendered":"<p>C\u2019est dans le cadre d\u2019exception de la r\u00e9sidence du consulat g\u00e9n\u00e9ral de Suisse \u00e0 Caluire et en pr\u00e9sence de la consule g\u00e9n\u00e9rale St\u00e9phanie P\u00e9rillard\u00a0que le Conn\u00e9table de la Compagnie des Pennons Christian Gelpi a proc\u00e9d\u00e9 \u00e0 deux prestations de serment. Le G\u00e9n\u00e9ral Laurent Ph\u00e9lip commandant en second de la r\u00e9gion de Gendarmerie Auvergne Rh\u00f4ne-Alpes et la gendarmerie pour la zone de d\u00e9fense et de s\u00e9curit\u00e9 sud-est a offici\u00e9 en tant que parrain des deux futurs Dignitaires. Le premier \u00e0 pr\u00eater serment sur la Charte Sapaudine a \u00e9t\u00e9 le G\u00e9n\u00e9ral de corps d\u2019arm\u00e9e Alain Lardet Gouverneur militaire de Lyon qui a pris ses fonctions en ao\u00fbt dernier. Le second n\u2019\u00e9tait autre que le G\u00e9n\u00e9ral Fr\u00e9d\u00e9ric Boudier commandant\u00a0la r\u00e9gion de Gendarmerie Auvergne Rh\u00f4ne-Alpes et la gendarmerie pour la zone de d\u00e9fense et de s\u00e9curit\u00e9 sud-est qui, lui, a pris ses fonctions d\u00e9but septembre.\u00a0\ufeff<\/p>\n","protected":false},"excerpt":{"rendered":"C\u2019est dans le cadre d\u2019exception de la r\u00e9sidence du consulat g\u00e9n\u00e9ral de Suisse \u00e0 Caluire et en pr\u00e9sence&hellip;\n","protected":false},"author":2,"featured_media":442924,"comment_status":"","ping_status":"","sticky":false,"template":"","format":"standard","meta":{"footnotes":""},"categories":[1889],"tags":[1111,11,2430,2757,1777,674,1011,27,2428,2756,12,25,104,1631],"class_list":{"0":"post-442923","1":"post","2":"type-post","3":"status-publish","4":"format-standard","5":"has-post-thumbnail","7":"category-lyon","8":"tag-actu","9":"tag-actualites","10":"tag-auvergne-rhone-alpes","11":"tag-edition-lyon-villeurbanne","12":"tag-eu","13":"tag-europe","14":"tag-fr","15":"tag-france","16":"tag-lyon","17":"tag-lyon-bassin","18":"tag-news","19":"tag-republique-francaise","20":"tag-societe","21":"tag-vie-associative"},"share_on_mastodon":{"url":"https:\/\/pubeurope.com\/@fr\/115327390592746590","error":""},"_links":{"self":[{"href":"https:\/\/www.europesays.com\/fr\/wp-json\/wp\/v2\/posts\/442923","targetHints":{"allow":["GET"]}}],"collection":[{"href":"https:\/\/www.europesays.com\/fr\/wp-json\/wp\/v2\/posts"}],"about":[{"href":"https:\/\/www.europesays.com\/fr\/wp-json\/wp\/v2\/types\/post"}],"author":[{"embeddable":true,"href":"https:\/\/www.europesays.com\/fr\/wp-json\/wp\/v2\/users\/2"}],"replies":[{"embeddable":true,"href":"https:\/\/www.europesays.com\/fr\/wp-json\/wp\/v2\/comments?post=442923"}],"version-history":[{"count":0,"href":"https:\/\/www.europesays.com\/fr\/wp-json\/wp\/v2\/posts\/442923\/revisions"}],"wp:featuredmedia":[{"embeddable":true,"href":"https:\/\/www.europesays.com\/fr\/wp-json\/wp\/v2\/media\/442924"}],"wp:attachment":[{"href":"https:\/\/www.europesays.com\/fr\/wp-json\/wp\/v2\/media?parent=442923"}],"wp:term":[{"taxonomy":"category","embeddable":true,"href":"https:\/\/www.europesays.com\/fr\/wp-json\/wp\/v2\/categories?post=442923"},{"taxonomy":"post_tag","embeddable":true,"href":"https:\/\/www.europesays.com\/fr\/wp-json\/wp\/v2\/tags?post=442923"}],"curies":[{"name":"wp","href":"https:\/\/api.w.org\/{rel}","templated":true}]}}