{"id":442925,"date":"2025-10-06T13:11:12","date_gmt":"2025-10-06T13:11:12","guid":{"rendered":"https:\/\/www.europesays.com\/fr\/442925\/"},"modified":"2025-10-06T13:11:12","modified_gmt":"2025-10-06T13:11:12","slug":"en-grande-difficulte-financiere-cette-association-ferme-son-site-historique","status":"publish","type":"post","link":"https:\/\/www.europesays.com\/fr\/442925\/","title":{"rendered":"en grande difficult\u00e9 financi\u00e8re, cette association ferme son site historique"},"content":{"rendered":"<p>La grande Ka\u2019F\u00eate \u00d4 m\u00f4mes, install\u00e9e depuis juin\u00a02009 dans la mont\u00e9e de Grande-C\u00f4te, au c\u0153ur des pentes de la Croix-Rousse, a d\u00e9finitivement ferm\u00e9 ses portes le 21\u00a0juin dernier.<\/p>\n<p>Fragilis\u00e9 par la crise sanitaire de la Covid, durement impact\u00e9e par le second confinement et par la baisse de fr\u00e9quentation, le lieu aux multiples activit\u00e9s, caf\u00e9 familial, garderie p\u00e9riscolaire, cantine&#8230;<\/p>\n","protected":false},"excerpt":{"rendered":"La grande Ka\u2019F\u00eate \u00d4 m\u00f4mes, install\u00e9e depuis juin\u00a02009 dans la mont\u00e9e de Grande-C\u00f4te, au c\u0153ur des pentes de&hellip;\n","protected":false},"author":2,"featured_media":442926,"comment_status":"","ping_status":"","sticky":false,"template":"","format":"standard","meta":{"footnotes":""},"categories":[1889],"tags":[1111,11,2430,2757,1777,674,1011,27,2428,7789,2801,12,25,2429,104,1631],"class_list":{"0":"post-442925","1":"post","2":"type-post","3":"status-publish","4":"format-standard","5":"has-post-thumbnail","7":"category-lyon","8":"tag-actu","9":"tag-actualites","10":"tag-auvergne-rhone-alpes","11":"tag-edition-lyon-villeurbanne","12":"tag-eu","13":"tag-europe","14":"tag-fr","15":"tag-france","16":"tag-lyon","17":"tag-lyon-1er","18":"tag-lyon-1er-arrondissement","19":"tag-news","20":"tag-republique-francaise","21":"tag-rhone","22":"tag-societe","23":"tag-vie-associative"},"share_on_mastodon":{"url":"https:\/\/pubeurope.com\/@fr\/115327394431881042","error":""},"_links":{"self":[{"href":"https:\/\/www.europesays.com\/fr\/wp-json\/wp\/v2\/posts\/442925","targetHints":{"allow":["GET"]}}],"collection":[{"href":"https:\/\/www.europesays.com\/fr\/wp-json\/wp\/v2\/posts"}],"about":[{"href":"https:\/\/www.europesays.com\/fr\/wp-json\/wp\/v2\/types\/post"}],"author":[{"embeddable":true,"href":"https:\/\/www.europesays.com\/fr\/wp-json\/wp\/v2\/users\/2"}],"replies":[{"embeddable":true,"href":"https:\/\/www.europesays.com\/fr\/wp-json\/wp\/v2\/comments?post=442925"}],"version-history":[{"count":0,"href":"https:\/\/www.europesays.com\/fr\/wp-json\/wp\/v2\/posts\/442925\/revisions"}],"wp:featuredmedia":[{"embeddable":true,"href":"https:\/\/www.europesays.com\/fr\/wp-json\/wp\/v2\/media\/442926"}],"wp:attachment":[{"href":"https:\/\/www.europesays.com\/fr\/wp-json\/wp\/v2\/media?parent=442925"}],"wp:term":[{"taxonomy":"category","embeddable":true,"href":"https:\/\/www.europesays.com\/fr\/wp-json\/wp\/v2\/categories?post=442925"},{"taxonomy":"post_tag","embeddable":true,"href":"https:\/\/www.europesays.com\/fr\/wp-json\/wp\/v2\/tags?post=442925"}],"curies":[{"name":"wp","href":"https:\/\/api.w.org\/{rel}","templated":true}]}}