{"id":442930,"date":"2025-10-06T13:14:10","date_gmt":"2025-10-06T13:14:10","guid":{"rendered":"https:\/\/www.europesays.com\/fr\/442930\/"},"modified":"2025-10-06T13:14:10","modified_gmt":"2025-10-06T13:14:10","slug":"un-mode-de-fonctionnement-completement-radical-sur-la-ligne-10-du-metro-a-paris-un-bond-technologique","status":"publish","type":"post","link":"https:\/\/www.europesays.com\/fr\/442930\/","title":{"rendered":"\u00ab Un mode de fonctionnement compl\u00e8tement radical \u00bb : sur la ligne 10 du m\u00e9tro \u00e0 Paris, un bond technologique"},"content":{"rendered":"<p class=\"paragraph text_align_left lp-f-body-02\">Non, vous n\u2019avez pas la berlue. Si vous prenez <a href=\"https:\/\/www.leparisien.fr\/info-paris-ile-de-france-oise\/transports\/grand-paris-la-ligne-10-du-metro-a-cent-ans-et-elle-a-bien-change-depuis-1923-21-12-2023-YBUWH4ZSWFBQXGBI2K5VAJ6B7U.php\" target=\"_blank\" rel=\"noreferrer noopener\">la ligne 10 du m\u00e9tro<\/a> et que vous avez cru apercevoir le futur MF19 rouler devant vos yeux, inutile de refaire vos verres de lunettes. C\u2019est bien une nouvelle rame que vous avez vu passer. Vous avez sans doute \u00e9t\u00e9 t\u00e9moin d\u2019une session de formation de ses conducteurs.<\/p>\n<p class=\"paragraph text_align_left lp-f-body-02\">Apr\u00e8s les essais nocturnes du nouveau mat\u00e9riel qui ont commenc\u00e9 au d\u00e9but de l\u2019ann\u00e9e pour valider et homologuer le mat\u00e9riel roulant ainsi que les infrastructures modifi\u00e9es, c\u2019est en effet au tour du personnel de la RATP d\u2019entrer en action. Depuis la mi-septembre, les premi\u00e8res formations ont d\u00e9but\u00e9 afin de constituer un vivier op\u00e9rationnel pr\u00eat \u00e0 accueillir la premi\u00e8re rame qui sera mise en service dans quelques jours.<\/p>\n","protected":false},"excerpt":{"rendered":"Non, vous n\u2019avez pas la berlue. Si vous prenez la ligne 10 du m\u00e9tro et que vous avez&hellip;\n","protected":false},"author":2,"featured_media":442931,"comment_status":"","ping_status":"","sticky":false,"template":"","format":"standard","meta":{"footnotes":""},"categories":[1888],"tags":[1111,1928,11,1927,1777,674,1011,27,1944,12,1926,626,1925,25,2382],"class_list":{"0":"post-442930","1":"post","2":"type-post","3":"status-publish","4":"format-standard","5":"has-post-thumbnail","7":"category-paris","8":"tag-actu","9":"tag-actu-paris","10":"tag-actualites","11":"tag-actualites-paris","12":"tag-eu","13":"tag-europe","14":"tag-fr","15":"tag-france","16":"tag-ma-ville","17":"tag-news","18":"tag-news-paris","19":"tag-paris","20":"tag-paris-news","21":"tag-republique-francaise","22":"tag-transport-idf-oise"},"share_on_mastodon":{"url":"https:\/\/pubeurope.com\/@fr\/115327406344064972","error":""},"_links":{"self":[{"href":"https:\/\/www.europesays.com\/fr\/wp-json\/wp\/v2\/posts\/442930","targetHints":{"allow":["GET"]}}],"collection":[{"href":"https:\/\/www.europesays.com\/fr\/wp-json\/wp\/v2\/posts"}],"about":[{"href":"https:\/\/www.europesays.com\/fr\/wp-json\/wp\/v2\/types\/post"}],"author":[{"embeddable":true,"href":"https:\/\/www.europesays.com\/fr\/wp-json\/wp\/v2\/users\/2"}],"replies":[{"embeddable":true,"href":"https:\/\/www.europesays.com\/fr\/wp-json\/wp\/v2\/comments?post=442930"}],"version-history":[{"count":0,"href":"https:\/\/www.europesays.com\/fr\/wp-json\/wp\/v2\/posts\/442930\/revisions"}],"wp:featuredmedia":[{"embeddable":true,"href":"https:\/\/www.europesays.com\/fr\/wp-json\/wp\/v2\/media\/442931"}],"wp:attachment":[{"href":"https:\/\/www.europesays.com\/fr\/wp-json\/wp\/v2\/media?parent=442930"}],"wp:term":[{"taxonomy":"category","embeddable":true,"href":"https:\/\/www.europesays.com\/fr\/wp-json\/wp\/v2\/categories?post=442930"},{"taxonomy":"post_tag","embeddable":true,"href":"https:\/\/www.europesays.com\/fr\/wp-json\/wp\/v2\/tags?post=442930"}],"curies":[{"name":"wp","href":"https:\/\/api.w.org\/{rel}","templated":true}]}}