{"id":442955,"date":"2025-10-06T13:27:13","date_gmt":"2025-10-06T13:27:13","guid":{"rendered":"https:\/\/www.europesays.com\/fr\/442955\/"},"modified":"2025-10-06T13:27:13","modified_gmt":"2025-10-06T13:27:13","slug":"qui-est-agathe-michelet-elue-miss-poitou-charentes","status":"publish","type":"post","link":"https:\/\/www.europesays.com\/fr\/442955\/","title":{"rendered":"qui est Agathe Michelet, \u00e9lue Miss Poitou-Charentes ?"},"content":{"rendered":"<p class=\"article-p mdl\">Elle participe \u00e0 Miss France 2026 pour voir ce dont elle est capable. Agathe Michelet, 26 ans, 1,74 m, a \u00e9t\u00e9 \u00e9lue Miss Poitou-Charentes 2025 au Futuroscope \u00e0 Poitiers, vendredi 3 octobre.\u00a0<\/p>\n<p class=\"article-p mdl\">Originaire de Royan (Charente-Maritime), Agathe Michelet vit actuellement en Gironde. En mai 2025, elle a d\u00e9croch\u00e9 son dipl\u00f4me de chirurgien-dentiste et fait r\u00e9guli\u00e8rement des remplacements dans des cabinets \u00e0 Bordeaux. Dans un entretien accord\u00e9 \u00e0\u00a0<a class=\"link\" href=\"https:\/\/www.charentelibre.fr\/culture-et-loisirs\/voir-dans-les-yeux-des-gens-cette-petite-etincelle-qui-est-miss-charente-2025-dentiste-et-reine-de-beaute-24420511.php\" target=\"_blank\" rel=\"nofollow noopener\">La Charente Libre<\/a>, la Miss a r\u00e9v\u00e9l\u00e9 se rendre souvent \u00e0 Angoul\u00eame pour rendre visite \u00e0 sa famille : \u00ab\u00a0Je suis un peu vagabonde\u00a0\u00bb, s&rsquo;est-elle amus\u00e9e.\u00a0<\/p>\n<p class=\"article-p mdl\">Fille d&rsquo;une m\u00e8re fonctionnaire \u00e0 la mairie de Royan et d&rsquo;un p\u00e8re artisan dans le b\u00e2timent, la jeune femme avait d&rsquo;ores et d\u00e9j\u00e0 particip\u00e9 \u00e0 l&rsquo;\u00e9lection de Miss Poitou-Charentes en 2024, remport\u00e9e par Charlie B\u00e9nard.\u00a0<\/p>\n<p class=\"article-p mdl\">Aucune animosit\u00e9 entre les deux femmes puisqu&rsquo;elles sont depuis devenues amies : \u00ab\u00a0Nous sommes toutes les deux des professionnelles de sant\u00e9. Notre choix professionnel commun nous a rapproch\u00e9es\u00a0\u00bb.\u00a0<\/p>\n<p class=\"article-p mdl\">Passionn\u00e9e de Volley-ball, Agathe Michelet a r\u00e9v\u00e9l\u00e9 qu&rsquo;elle participait au concours par \u00ab\u00a0curiosit\u00e9\u00a0\u00bb : \u00ab\u00a0J&rsquo;ai toujours regard\u00e9 les soir\u00e9es Miss \u00e0 la t\u00e9l\u00e9, toujours admir\u00e9 certaines jeunes femmes, mais sans jamais m&rsquo;imaginer vraiment \u00e0 leur place\u00a0\u00bb.\u00a0<\/p>\n<p class=\"article-p mdl\">Elle n&rsquo;a pas encore choisi la cause qu&rsquo;elle d\u00e9fendra, mais souhaite incarner \u00ab\u00a0une femme inspirante, pleine d&rsquo;\u00e9nergie, souriante, qui d\u00e9gage de la positivit\u00e9. On verra si je choisis quelque chose de plus pr\u00e9cis\u00a0\u00bb, s&rsquo;est-elle r\u00e9jouie \u00e0\u00a0La Charente Libre.<\/p>\n<p>    La r\u00e9daction vous recommande<\/p>\n<p class=\"s-newsletter__title\">\n                L\u2019actualit\u00e9 par la r\u00e9daction de RTL dans votre bo\u00eete mail.\n            <\/p>\n<p class=\"s-newsletter__subtitle\">\n                Gr\u00e2ce \u00e0 votre compte RTL abonnez-vous \u00e0 la newsletter RTL info pour suivre toute l&rsquo;actualit\u00e9 au quotidien\n            <\/p>\n<p>\n                                    Lire la suite\n                                <\/p>\n","protected":false},"excerpt":{"rendered":"Elle participe \u00e0 Miss France 2026 pour voir ce dont elle est capable. Agathe Michelet, 26 ans, 1,74&hellip;\n","protected":false},"author":2,"featured_media":442956,"comment_status":"","ping_status":"","sticky":false,"template":"","format":"standard","meta":{"footnotes":""},"categories":[4],"tags":[11,903,2414,1011,27,3034,12,2220,25],"class_list":{"0":"post-442955","1":"post","2":"type-post","3":"status-publish","4":"format-standard","5":"has-post-thumbnail","7":"category-france","8":"tag-actualites","9":"tag-concours","10":"tag-fil-culture","11":"tag-fr","12":"tag-france","13":"tag-miss-france","14":"tag-news","15":"tag-poitou-charentes","16":"tag-republique-francaise"},"share_on_mastodon":{"url":"https:\/\/pubeurope.com\/@fr\/115327457202752678","error":""},"_links":{"self":[{"href":"https:\/\/www.europesays.com\/fr\/wp-json\/wp\/v2\/posts\/442955","targetHints":{"allow":["GET"]}}],"collection":[{"href":"https:\/\/www.europesays.com\/fr\/wp-json\/wp\/v2\/posts"}],"about":[{"href":"https:\/\/www.europesays.com\/fr\/wp-json\/wp\/v2\/types\/post"}],"author":[{"embeddable":true,"href":"https:\/\/www.europesays.com\/fr\/wp-json\/wp\/v2\/users\/2"}],"replies":[{"embeddable":true,"href":"https:\/\/www.europesays.com\/fr\/wp-json\/wp\/v2\/comments?post=442955"}],"version-history":[{"count":0,"href":"https:\/\/www.europesays.com\/fr\/wp-json\/wp\/v2\/posts\/442955\/revisions"}],"wp:featuredmedia":[{"embeddable":true,"href":"https:\/\/www.europesays.com\/fr\/wp-json\/wp\/v2\/media\/442956"}],"wp:attachment":[{"href":"https:\/\/www.europesays.com\/fr\/wp-json\/wp\/v2\/media?parent=442955"}],"wp:term":[{"taxonomy":"category","embeddable":true,"href":"https:\/\/www.europesays.com\/fr\/wp-json\/wp\/v2\/categories?post=442955"},{"taxonomy":"post_tag","embeddable":true,"href":"https:\/\/www.europesays.com\/fr\/wp-json\/wp\/v2\/tags?post=442955"}],"curies":[{"name":"wp","href":"https:\/\/api.w.org\/{rel}","templated":true}]}}