{"id":442961,"date":"2025-10-06T13:34:18","date_gmt":"2025-10-06T13:34:18","guid":{"rendered":"https:\/\/www.europesays.com\/fr\/442961\/"},"modified":"2025-10-06T13:34:18","modified_gmt":"2025-10-06T13:34:18","slug":"rodri-forfait-avec-lequipe-despagne","status":"publish","type":"post","link":"https:\/\/www.europesays.com\/fr\/442961\/","title":{"rendered":"Rodri forfait avec l\u2019\u00e9quipe d\u2019Espagne"},"content":{"rendered":"<p>Le milieu de terrain est sorti sur blessure avec Manchester City ce dimanche. Il manquera les matchs contre la G\u00e9orgie et la Bulgarie.<\/p>\n<p class=\"fig-paragraph\">Le\u00a0<a href=\"https:\/\/www.lefigaro.fr\/sports\/football\/angleterre\/premier-league-rodri-le-ballon-d-or-2024-a-nouveau-blesse-avec-manchester-city-20251005?msockid=2338e949ff1a6caa28edff13fe766dd0\" target=\"_blank\" data-fig-type=\"NewsFlash\" rel=\"nofollow noopener\" data-gtm-custom-categorie=\"navigation\" data-gtm-custom-action=\"crossclick\" data-gtm-custom-label=\"Contextuel\" data-gtm-event=\"customEventSPE\" data-fig-domain=\"LEFIGARO\">milieu de terrain espagnol<\/a>\u00a0de\u00a0<a href=\"http:\/\/www.lefigaro.fr\/sports\/football\/angleterre\/premier-league-haaland-porte-encore-manchester-city-de-retour-dans-le-top-5-20251005\" data-fig-type=\"NewsFlash\" data-gtm-custom-categorie=\"navigation\" data-gtm-custom-action=\"crossclick\" data-gtm-custom-label=\"Contextuel\" data-gtm-event=\"customEventSPE\" data-fig-domain=\"LEFIGARO\" target=\"_blank\" rel=\"noopener\">Manchester City<\/a>, sorti bless\u00e9 dimanche en\u00a0<a href=\"https:\/\/www.lefigaro.fr\/sports\/football\/angleterre\" target=\"_blank\" data-fig-type=\"Section\" rel=\"nofollow noopener\" data-gtm-custom-categorie=\"navigation\" data-gtm-custom-action=\"crossclick\" data-gtm-custom-label=\"Contextuel\" data-gtm-event=\"customEventSPE\" data-fig-domain=\"LEFIGARO\">Premier League<\/a>, sera indisponible pour les matches de qualification au Mondial-2026 de l&rsquo;Espagne contre la G\u00e9orgie et la Bulgarie en octobre, a annonc\u00e9 lundi la F\u00e9d\u00e9ration espagnole (RFET).<\/p>\n<p class=\"fig-paragraph\">Aucun joueur n&rsquo;a \u00e9t\u00e9 imm\u00e9diatement appel\u00e9 pour pallier l&rsquo;absence du Ballon d&rsquo;or 2024, touch\u00e9 aux ischio-jambiers quelques heures apr\u00e8s l&rsquo;annonce du groupe de la Roja s\u00e9lectionn\u00e9 par Luis de la Fuente, dans lequel il figurait.<\/p>\n<p>                                    <a class=\"fig-a11y-skip a11y-hidden\" href=\"#fig-a11y-skip-main-inarticle\"><br \/>\n        Passer la publicit\u00e9<br \/>\n    <\/a><\/p>\n<p class=\"fig-paragraph\">Rodri, 29 ans, faisait partie de l&rsquo;\u00e9quipe d&rsquo;Espagne championne d&rsquo;Europe en 2024 mais, victime le 22 septembre 2024 d&rsquo;une rupture du ligament crois\u00e9 du genou droit, il a quasiment manqu\u00e9 toute la saison derni\u00e8re et n&rsquo;a pu participer au Mondial des clubs avec les Citizens en juillet 2025.<\/p>\n<p class=\"fig-paragraph\">Par ailleurs, l&rsquo;attaquant du Celta Vigo Borja Iglesias, auteur de six buts en dix matches depuis le d\u00e9but du championnat, a \u00e9t\u00e9 convoqu\u00e9 dans le groupe de l&rsquo;Espagne pour pallier l&rsquo;absence de Lamine Yamal qui souffre de nouveau d&rsquo;une douleur au pubis depuis la d\u00e9faite de Barcelone contre le PSG mercredi en Ligue des champions (2-1).<\/p>\n<p>Lamine Yamal aussi absent<\/p>\n<p class=\"fig-paragraph\">Le Bar\u00e7a a fait savoir vendredi que son prodige serait absent pendant \u00abdeux \u00e0 trois semaines\u00bb.<\/p>\n<p class=\"fig-paragraph\">Iglesias, 32 ans, a \u00e9t\u00e9 convoqu\u00e9 pour la premi\u00e8re fois en \u00e9quipe nationale en 2022 par Luis Enrique et a jou\u00e9 son premier match avec la Roja contre la Suisse en Ligue des nations (d\u00e9faite 2-1). Dans la foul\u00e9e, il n&rsquo;avait pas \u00e9t\u00e9 retenu pour le Mondial-2022.<\/p>\n<p class=\"fig-paragraph\">Il avait rejou\u00e9 en s\u00e9lection en mars 2023 apr\u00e8s la prise de fonction de De la Fuente, mais pour son deuxi\u00e8me et dernier match international \u00e0 ce jour, Iglesias avait de nouveau connu la d\u00e9faite, 2-0 contre l&rsquo;Ecosse.<\/p>\n<p>                                    <a class=\"fig-a11y-skip a11y-hidden\" href=\"#fig-a11y-skip-main-inarticle_mtf\"><br \/>\n        Passer la publicit\u00e9<br \/>\n    <\/a><\/p>\n<p class=\"fig-paragraph\">Dans le cadre des qualifications pour le Mondial-2026, l&rsquo;Espagne doit affronter la G\u00e9orgie le 11 octobre \u00e0 Elche et la Bulgarie le 14 octobre \u00e0 Valladolid.<\/p>\n","protected":false},"excerpt":{"rendered":"Le milieu de terrain est sorti sur blessure avec Manchester City ce dimanche. Il manquera les matchs contre&hellip;\n","protected":false},"author":2,"featured_media":442962,"comment_status":"","ping_status":"","sticky":false,"template":"","format":"standard","meta":{"footnotes":""},"categories":[1412],"tags":[1981,451,6714,814,20535,1451,63,1452,1453,1454,1455,1011,27,955,28931,4589,1463,28930,1980,60],"class_list":{"0":"post-442961","1":"post","2":"type-post","3":"status-publish","4":"format-standard","5":"has-post-thumbnail","7":"category-f1","8":"tag-classement","9":"tag-coupe-du-monde","10":"tag-coupe-du-monde-2022","11":"tag-direct","12":"tag-eliminatoires","13":"tag-f1","14":"tag-football","15":"tag-formula-1","16":"tag-formula1","17":"tag-formule-1","18":"tag-formule1","19":"tag-fr","20":"tag-france","21":"tag-match","22":"tag-phase-de-groupes","23":"tag-phase-finale","24":"tag-qatar","25":"tag-qualif","26":"tag-resultats","27":"tag-sports"},"share_on_mastodon":{"url":"https:\/\/pubeurope.com\/@fr\/115327484771199180","error":""},"_links":{"self":[{"href":"https:\/\/www.europesays.com\/fr\/wp-json\/wp\/v2\/posts\/442961","targetHints":{"allow":["GET"]}}],"collection":[{"href":"https:\/\/www.europesays.com\/fr\/wp-json\/wp\/v2\/posts"}],"about":[{"href":"https:\/\/www.europesays.com\/fr\/wp-json\/wp\/v2\/types\/post"}],"author":[{"embeddable":true,"href":"https:\/\/www.europesays.com\/fr\/wp-json\/wp\/v2\/users\/2"}],"replies":[{"embeddable":true,"href":"https:\/\/www.europesays.com\/fr\/wp-json\/wp\/v2\/comments?post=442961"}],"version-history":[{"count":0,"href":"https:\/\/www.europesays.com\/fr\/wp-json\/wp\/v2\/posts\/442961\/revisions"}],"wp:featuredmedia":[{"embeddable":true,"href":"https:\/\/www.europesays.com\/fr\/wp-json\/wp\/v2\/media\/442962"}],"wp:attachment":[{"href":"https:\/\/www.europesays.com\/fr\/wp-json\/wp\/v2\/media?parent=442961"}],"wp:term":[{"taxonomy":"category","embeddable":true,"href":"https:\/\/www.europesays.com\/fr\/wp-json\/wp\/v2\/categories?post=442961"},{"taxonomy":"post_tag","embeddable":true,"href":"https:\/\/www.europesays.com\/fr\/wp-json\/wp\/v2\/tags?post=442961"}],"curies":[{"name":"wp","href":"https:\/\/api.w.org\/{rel}","templated":true}]}}