{"id":442984,"date":"2025-10-06T13:52:12","date_gmt":"2025-10-06T13:52:12","guid":{"rendered":"https:\/\/www.europesays.com\/fr\/442984\/"},"modified":"2025-10-06T13:52:12","modified_gmt":"2025-10-06T13:52:12","slug":"maj-incendie-sur-la-rn88-a-saint-etienne-les-deux-voies-ont-rouvert-a-montplaisir","status":"publish","type":"post","link":"https:\/\/www.europesays.com\/fr\/442984\/","title":{"rendered":"[M\u00c0J] Incendie sur la RN88 \u00e0 Saint-\u00c9tienne : les deux voies ont rouvert \u00e0 Montplaisir"},"content":{"rendered":"<p>Un v\u00e9hicule s&rsquo;est embras\u00e9, ce lundi 6 octobre, aux alentours de 10h, peu avant la sortie Montplaisir, en direction de Firminy. La circulation a d\u00fb \u00eatre interrompue dans le secteur.<\/p>\n<p>Mise \u00e0 jour \u00e0 12h30<\/p>\n<p>L&rsquo;incident est d\u00e9sormais termin\u00e9. La carcasse du fourgon a pu \u00eatre \u00e9vacu\u00e9e.<\/p>\n<p><b>La circulation a repris sur deux voies sur la RN88<\/b>, en direction de Firminy.<\/p>\n<p>Les bouchons en cours au niveau du viaduc de Terrenoire, sur la RN88, et dans le secteur de M\u00e9ons, sur l&rsquo;A72, sont en train de se r\u00e9sorber.<\/p>\n<p>Mise \u00e0 jour \u00e0 11h15<\/p>\n<p>Suite \u00e0 l&rsquo;intervention des pompiers, <b>la circulation a pu reprendre sur une voie<\/b> en direction de Firminy.<\/p>\n<p>En attendant une reprise totale du trafic, les difficult\u00e9s remontent sur plusieurs kilom\u00e8tres, \u00e0 la fois sur la RN88 et sur l&rsquo;A72.<\/p>\n<p>Article d&rsquo;origine<\/p>\n<p>Circulation \u00e0 l&rsquo;arr\u00eat sur la <b>RN88<\/b>, \u00e0 <b>Saint-\u00c9tienne<\/b>.<\/p>\n<p>Le trafic est interrompu, ce lundi 6 octobre, apr\u00e8s un incendie sur les voies. Un fourgon a, en effet, pris feu aux alentours de 10h, quelques centaines de m\u00e8tres avant la <b>sortie Montplaisir<\/b>, en direction de Firminy.<\/p>\n<p>Incendie \u00e9teint, aucune d\u00e9viation propos\u00e9e<\/p>\n<p>Le conducteur a r\u00e9ussi \u00e0 se garer sur la <b>bande d&rsquo;arr\u00eat d&rsquo;urgence<\/b> avant que le v\u00e9hicule s&#8217;embrase compl\u00e8tement.<\/p>\n<p>Deux fourgons de pompiers ont \u00e9t\u00e9 d\u00e9ploy\u00e9s pour \u00e9viter toute propagation, notamment \u00e0 la v\u00e9g\u00e9tation pr\u00e9sente sur le talus. L&rsquo;incendie est d\u00e9sormais <b>\u00e9teint<\/b>.<\/p>\n<p>En revanche, le trafic est interrompu. Et <b>\u00ab\u00a0aucune d\u00e9viation n&rsquo;est propos\u00e9e\u00a0\u00bb<\/b>, pr\u00e9cise la pr\u00e9fecture de la Loire. Un bouchon de plusieurs kilom\u00e8tres s&rsquo;est d\u00e9j\u00e0 form\u00e9 en amont de l&rsquo;incendie.<\/p>\n<p><img loading=\"lazy\" decoding=\"async\" src=\"https:\/\/www.europesays.com\/fr\/wp-content\/uploads\/2025\/10\/1759758732_985_img\" width=\"350\" height=\"200\" border=\"0\" title=\"Un camion de pompiers\"\/><\/p>\n<p>\u25baFaits divers<\/p>\n<p style=\"font-size: 22px;\"><b>Loire : un adolescent de 13 ans percut\u00e9 par une moto<\/b><\/p>\n<p>L&rsquo;accident s&rsquo;est produit ce lundi 6 octobre, aux&#8230;<\/p>\n<p><\/p>\n","protected":false},"excerpt":{"rendered":"Un v\u00e9hicule s&rsquo;est embras\u00e9, ce lundi 6 octobre, aux alentours de 10h, peu avant la sortie Montplaisir, en&hellip;\n","protected":false},"author":2,"featured_media":442985,"comment_status":"","ping_status":"","sticky":false,"template":"","format":"standard","meta":{"footnotes":""},"categories":[9653],"tags":[1111,11,2430,1777,674,1011,27,1310,3367,12,1311,25,15292,9920,4001,16268],"class_list":{"0":"post-442984","1":"post","2":"type-post","3":"status-publish","4":"format-standard","5":"has-post-thumbnail","7":"category-saint-etienne","8":"tag-actu","9":"tag-actualites","10":"tag-auvergne-rhone-alpes","11":"tag-eu","12":"tag-europe","13":"tag-fr","14":"tag-france","15":"tag-incendie","16":"tag-loire","17":"tag-news","18":"tag-pompiers","19":"tag-republique-francaise","20":"tag-rn88","21":"tag-saint-tienne","22":"tag-saint-etienne","23":"tag-vhicule"},"share_on_mastodon":{"url":"https:\/\/pubeurope.com\/@fr\/115327556109686265","error":""},"_links":{"self":[{"href":"https:\/\/www.europesays.com\/fr\/wp-json\/wp\/v2\/posts\/442984","targetHints":{"allow":["GET"]}}],"collection":[{"href":"https:\/\/www.europesays.com\/fr\/wp-json\/wp\/v2\/posts"}],"about":[{"href":"https:\/\/www.europesays.com\/fr\/wp-json\/wp\/v2\/types\/post"}],"author":[{"embeddable":true,"href":"https:\/\/www.europesays.com\/fr\/wp-json\/wp\/v2\/users\/2"}],"replies":[{"embeddable":true,"href":"https:\/\/www.europesays.com\/fr\/wp-json\/wp\/v2\/comments?post=442984"}],"version-history":[{"count":0,"href":"https:\/\/www.europesays.com\/fr\/wp-json\/wp\/v2\/posts\/442984\/revisions"}],"wp:featuredmedia":[{"embeddable":true,"href":"https:\/\/www.europesays.com\/fr\/wp-json\/wp\/v2\/media\/442985"}],"wp:attachment":[{"href":"https:\/\/www.europesays.com\/fr\/wp-json\/wp\/v2\/media?parent=442984"}],"wp:term":[{"taxonomy":"category","embeddable":true,"href":"https:\/\/www.europesays.com\/fr\/wp-json\/wp\/v2\/categories?post=442984"},{"taxonomy":"post_tag","embeddable":true,"href":"https:\/\/www.europesays.com\/fr\/wp-json\/wp\/v2\/tags?post=442984"}],"curies":[{"name":"wp","href":"https:\/\/api.w.org\/{rel}","templated":true}]}}