{"id":442993,"date":"2025-10-06T13:58:10","date_gmt":"2025-10-06T13:58:10","guid":{"rendered":"https:\/\/www.europesays.com\/fr\/442993\/"},"modified":"2025-10-06T13:58:10","modified_gmt":"2025-10-06T13:58:10","slug":"gros-dispositif-de-police-autour-de-la-gare-saint-roch-ce-quil-se-passe","status":"publish","type":"post","link":"https:\/\/www.europesays.com\/fr\/442993\/","title":{"rendered":"gros dispositif de police autour de la gare Saint Roch, ce qu\u2019il se passe"},"content":{"rendered":"<p>            Par<br \/>\n        <strong><br \/>\n            <a href=\"https:\/\/actu.fr\/auteur\/metropoop\" title=\"Consulter tous les articles de R\u00e9daction M\u00e9tropolitain\" rel=\"nofollow noopener\" target=\"_blank\">R\u00e9daction M\u00e9tropolitain<\/a><br \/>\n        <\/strong><\/p>\n<p>        Publi\u00e9 le<\/p>\n<p>            6 oct. 2025 \u00e0 11h59        <\/p>\n<p><strong>Ce lundi 6 octobre 2025<\/strong>, la police municipale et la police nationale ont boucl\u00e9 tout le secteur de la gare Saint-Roch \u00e0 Montpellier. Un sac \u00e0 dos abandonn\u00e9 a \u00e9t\u00e9 signal\u00e9 \u00e0 l\u2019accueil en fin de matin\u00e9e. Les forces de l\u2019ordre ont aussit\u00f4t mis en place un p\u00e9rim\u00e8tre de s\u00e9curit\u00e9 \u00e9largi.<\/p>\n<p>    <a href=\"https:\/\/www.google.com\/maps\/embed?pb=!1m18!1m12!1m3!1d2889.106573201435!2d3.8775728264596587!3d43.60432257110444!2m3!1f0!2f0!3f0!3m2!1i1024!2i768!4f13.1!3m3!1m2!1s0x12b6af13238205a5%3A0x301f765957551104!2sMontpellier%20Saint-Roch%20train%20station!5e0!3m2!1sen!2sfr!4v1759744720573!5m2!1sen!2sfr\" title=\"Ouvrie le lien\" rel=\"nofollow noopener\" target=\"_blank\">Cliquez ici pour visualiser le contenu<\/a><\/p>\n<p>Des perturbations sur les trams et les trains<\/p>\n<p class=\" wall-content\">Les cons\u00e9quences sur les transports ont \u00e9t\u00e9 imm\u00e9diates. Les lignes 1, 2 et 3 du tramway, qui traversent le centre-ville et desservent la gare, sont interrompus dans le secteur concern\u00e9. Le trafic ferroviaire a \u00e9galement \u00e9t\u00e9 fortement perturb\u00e9. Les trains liO, TGV INOUI et Intercit\u00e9s ont subi des retards ou des suppressions. <strong> \u00c0 11h45<\/strong>, les d\u00e9mineurs \u00e9taient attendus sur place pour examiner le sac suspect.<\/p>\n<p><strong> &gt;<\/strong> Pour consulter les horaires et l\u2019\u00e9volution du trafic des trains et des tramways, rendez-vous sur les sites officiels <a href=\"https:\/\/www.sncf-connect.com\/trafficInfo\" rel=\"nofollow noopener\" target=\"_blank\">de la SNCF<\/a> et <a href=\"https:\/\/www.tam-voyages.com\/perturbation\/?rub_code=17\" rel=\"nofollow noopener\" target=\"_blank\">de TaM<\/a><\/p>\n<p class=\" wall-content\">Personnalisez votre actualit\u00e9 en ajoutant vos villes et m\u00e9dias en favori avec <a href=\"https:\/\/moncompte.actu.fr\" title=\"D\u00e9couvez Mon Actu\" rel=\"nofollow noopener\" data-trk=\"{&quot;cta&quot;:{&quot;action&quot;:&quot;https:\\\/\\\/moncompte.actu.fr&quot;,&quot;category&quot;:&quot;mon compte&quot;,&quot;from&quot;:&quot;article footer&quot;,&quot;name&quot;:&quot;Mon actu&quot;,&quot;type&quot;:&quot;cta&quot;}}\" target=\"_blank\">Mon Actu<\/a>.<\/p>\n","protected":false},"excerpt":{"rendered":"Par R\u00e9daction M\u00e9tropolitain Publi\u00e9 le 6 oct. 2025 \u00e0 11h59 Ce lundi 6 octobre 2025, la police municipale&hellip;\n","protected":false},"author":2,"featured_media":442994,"comment_status":"","ping_status":"","sticky":false,"template":"","format":"standard","meta":{"footnotes":""},"categories":[9599],"tags":[1111,11,1777,674,118,1011,27,2208,12,2680,1072,25,2215,2803],"class_list":{"0":"post-442993","1":"post","2":"type-post","3":"status-publish","4":"format-standard","5":"has-post-thumbnail","7":"category-montpellier","8":"tag-actu","9":"tag-actualites","10":"tag-eu","11":"tag-europe","12":"tag-faits-divers","13":"tag-fr","14":"tag-france","15":"tag-montpellier","16":"tag-news","17":"tag-occitanie","18":"tag-police","19":"tag-republique-francaise","20":"tag-sncf","21":"tag-transport"},"share_on_mastodon":{"url":"https:\/\/pubeurope.com\/@fr\/115327579206520083","error":""},"_links":{"self":[{"href":"https:\/\/www.europesays.com\/fr\/wp-json\/wp\/v2\/posts\/442993","targetHints":{"allow":["GET"]}}],"collection":[{"href":"https:\/\/www.europesays.com\/fr\/wp-json\/wp\/v2\/posts"}],"about":[{"href":"https:\/\/www.europesays.com\/fr\/wp-json\/wp\/v2\/types\/post"}],"author":[{"embeddable":true,"href":"https:\/\/www.europesays.com\/fr\/wp-json\/wp\/v2\/users\/2"}],"replies":[{"embeddable":true,"href":"https:\/\/www.europesays.com\/fr\/wp-json\/wp\/v2\/comments?post=442993"}],"version-history":[{"count":0,"href":"https:\/\/www.europesays.com\/fr\/wp-json\/wp\/v2\/posts\/442993\/revisions"}],"wp:featuredmedia":[{"embeddable":true,"href":"https:\/\/www.europesays.com\/fr\/wp-json\/wp\/v2\/media\/442994"}],"wp:attachment":[{"href":"https:\/\/www.europesays.com\/fr\/wp-json\/wp\/v2\/media?parent=442993"}],"wp:term":[{"taxonomy":"category","embeddable":true,"href":"https:\/\/www.europesays.com\/fr\/wp-json\/wp\/v2\/categories?post=442993"},{"taxonomy":"post_tag","embeddable":true,"href":"https:\/\/www.europesays.com\/fr\/wp-json\/wp\/v2\/tags?post=442993"}],"curies":[{"name":"wp","href":"https:\/\/api.w.org\/{rel}","templated":true}]}}