{"id":442997,"date":"2025-10-06T14:00:22","date_gmt":"2025-10-06T14:00:22","guid":{"rendered":"https:\/\/www.europesays.com\/fr\/442997\/"},"modified":"2025-10-06T14:00:22","modified_gmt":"2025-10-06T14:00:22","slug":"roller-hockey-nationale-1-les-ecureuils-tout-proches-de-faire-tomber-rouen","status":"publish","type":"post","link":"https:\/\/www.europesays.com\/fr\/442997\/","title":{"rendered":"ROLLER-HOCKEY &#8211; Nationale 1 : Les Ecureuils tout proches de faire tomber Rouen"},"content":{"rendered":"<p>Apr\u00e8s une nouvelle rencontre riche en buts, les Ecureuils d\u2019Amiens ne sont pas pass\u00e9s loin d\u2019un petit exploit en ne s\u2019inclinant qu\u2019en prolongation face aux Spiders de Rouen. Ce point pris en Normandie suffit \u00e0 leur bonheur \u00e9tant donn\u00e9 les circonstances actuelles.<\/p>\n<p>Ce samedi, avait lieu ce qui \u00e9tait s\u00fbrement d\u00e9j\u00e0 un choc du haut de tableau de la poule Nord entre <a href=\"https:\/\/gazettesports.fr\/hockey\/roller-hockey\/les-ecureuils\/\" rel=\"nofollow noopener\" target=\"_blank\">les Ecureuils d\u2019Amiens<\/a> et les Spiders de Rouen, deux \u00e9quipes victorieuses lors des deux premi\u00e8res journ\u00e9es, \u00e0 la diff\u00e9rence pr\u00e8s que les premiers cit\u00e9s avaient affront\u00e9 deux grosses \u00e9quipes (<a href=\"https:\/\/gazettesports.fr\/2025\/09\/22\/roller-hockey-nationale-1-les-ecureuils-plus-forts-que-les-phenix\/\" rel=\"nofollow noopener\" target=\"_blank\">Ris-Orangis<\/a> et <a href=\"https:\/\/gazettesports.fr\/2025\/09\/27\/roller-hockey-nationale-1-un-match-fou-et-un-precieux-succes-pour-les-ecureuils-2\/\" rel=\"nofollow noopener\" target=\"_blank\">Garges<\/a>) tandis que la seconde avait \u00e9t\u00e9 oppos\u00e9e \u00e0 de plus petites \u00e9curies (Coll\u00e9gien et Reims). Favoris sur le papier de part leur effectif et le fait d\u2019\u00e9voluer \u00e0 domicile, les Spiders ont pourtant eu toutes les peines du monde \u00e0 pi\u00e9ger les Ecureuils dans leur toile. Car s\u2019ils menaient rapidement 2-0, Sacha Four\u00e9 r\u00e9duisait la marque juste avant la pause pour les Ami\u00e9nois, bien servi par Renaud Crignier, avant que celui-ci n\u2019inscrive trois buts cons\u00e9cutifs <strong>pour octroyer une avance de deux buts aux siens<\/strong>. Rouen revenait \u00e0 une longueur mais Th\u00e9o Ansel refaisait le break \u00e0 huit minutes du buzzer. \u00ab\u00a0On marque cinq buts dont en trois powerplays encore, donc tr\u00e8s bien, un but en inf\u00e9riorit\u00e9, mais un but \u00e0 quatre contre quatre. <strong>C\u2019est en quatre contre quatre qu\u2019on a p\u00each\u00e9<\/strong>\u00ab\u00a0, analyse Cl\u00e9ment Crignier, capitaine des Ecureuils.<\/p>\n<p><a href=\"https:\/\/citdessaint.com\/\" aria-label=\"publicite cit dessaint 2 gazette sports\" rel=\"nofollow noopener\" target=\"_blank\"><img loading=\"lazy\" decoding=\"async\" src=\"https:\/\/www.europesays.com\/fr\/wp-content\/uploads\/2025\/04\/PUBLICITE-CIT-DESSAINT-2-GAZETTE-SPORTS.gif\" alt=\"publicite cit dessaint 2 gazette sports\" width=\"760\" height=\"90\"\/><\/a><\/p>\n<p><img loading=\"lazy\" decoding=\"async\" width=\"900\" height=\"600\" src=\"https:\/\/www.europesays.com\/fr\/wp-content\/uploads\/2025\/10\/Roller-hockey_Nationale-1-N1-J2_Ecureuils-Amiens-Tigres-Garges_gazette-sports_theo-begler_034.jpg\" alt=\"roller hockey nationale 1 n1 j2 e\u0301cureuils amiens tigres garges gazette sports the\u0301o be\u0301gler 034\" class=\"wp-image-505930\"  \/>Triple buteur et passeur contre Rouen, Renaud Crignier a encore \u00e9t\u00e9 l\u2019\u00e9l\u00e9ment cl\u00e9 de l\u2019attaque ami\u00e9noise.<\/p>\n<p>Mais dans les cinq derni\u00e8res minutes, les locaux parviennent \u00e0 refaire leur retard et font m\u00eame tout pour \u00e9viter des minutes de jeu suppl\u00e9mentaires, en vain : \u00ab\u00a0Une fois qu\u2019ils reviennent au score, on cherche le match nul pour au moins avoir un point, ce qu\u2019on arrive \u00e0 faire.\u00a0\u00bb Et \u00e0 l\u2019issue d\u2019une prolongation relativement longue qui d\u00e9passait les trois minutes, Ondrej Fiedler inscrivait son troisi\u00e8me but du match pour offrir la victoire \u00e0 son \u00e9quipe : <strong>\u00ab\u00a0Ils ont jou\u00e9 sur leur exp\u00e9rience, ils arrivent \u00e0 avoir le monopole du palet et \u00e0 marquer\u00a0\u00bb<\/strong>, relate Cl\u00e9ment Crignier, persuad\u00e9 que ce manque d\u2019exp\u00e9rience a co\u00fbt\u00e9 cher, surtout dans les derni\u00e8res minutes dans lesquelles il fallait tenir le score : \u00ab\u00a0<strong>Le match aurait \u00e9t\u00e9 diff\u00e9rent au complet<\/strong>. Sur les inf\u00e9riorit\u00e9s num\u00e9riques, on est un peu fatigu\u00e9 parce qu\u2019on ne joue plus qu\u2019\u00e0 deux blocs sur la fin puisque la ligne de jeunes ne joue plus trop.\u00a0\u00bb<\/p>\n<p>Un bon point, un excellent d\u00e9but de saison<\/p>\n<p>S\u2019ils auraient pu repartir de Normandie avec deux voire trois points, <strong>le capitaine samarien accepte avec plaisir l\u2019unique point<\/strong> octroy\u00e9 apr\u00e8s une d\u00e9faite en prolongation au vue du contexte entourant son \u00e9quipe depuis la reprise : \u00ab\u00a0En d\u00e9but de saison, si on nous avait dit apr\u00e8s les matchs contre les trois plus grosses \u00e9quipes du championnat, sans Roman et avec des bless\u00e9s, qu\u2019on partirait avec sept points, on aurait sign\u00e9 tout de suite.\u00a0\u00bb Car les satisfactions sont nombreuses. Offensivement, malgr\u00e9 un nouveau gardien rouennais r\u00e9put\u00e9 performant, les Picards sont parvenus \u00e0 faire trembler les filets \u00e0 cinq reprises. D\u00e9fensivement, Cl\u00e9ment Crignier relativise les six buts conc\u00e9d\u00e9s en raison de la nature de l\u2019adversaire : \u00ab\u00a0<strong>L\u00e0-bas, ce sont toujours des gros scores<\/strong>, il y a quand m\u00eame une arm\u00e9e d\u2019offensifs hyper efficace. Franchement, ce n\u2019est pas d\u00e9connant d\u2019en prendre six m\u00eame si c\u2019est toujours mieux d\u2019en prendre moins.\u00a0\u00bb \u00c0 l\u2019image des jeunes joueurs de l\u2019effectif qui ont pu disputer une partie du match pour \u00ab\u00a0go\u00fbter au niveau N1\u00a0\u00bb et s\u2019apercevoir \u00ab\u00a0du chemin encore \u00e0 parcourir\u00a0\u00bb, les Ecureuils peuvent pr\u00e9parer sereinement leur avenir puisqu\u2019ils ont fait <strong>plus que tenir t\u00eate \u00e0 un pr\u00e9tendant s\u00e9rieux \u00e0 la mont\u00e9e en Elite<\/strong> en fin de saison.<\/p>\n<p><strong>Nationale 1, 3e journ\u00e9e :<br \/>Rouen \u2013 Amiens : 6-5<\/strong> (2-1)(3-4)(1-0)<\/p>\n<p>Simon Vasseur<br \/>Cr\u00e9dit photo : Th\u00e9o B\u00e9gler \u2013 Gazettesports.fr (archive)<\/p>\n","protected":false},"excerpt":{"rendered":"Apr\u00e8s une nouvelle rencontre riche en buts, les Ecureuils d\u2019Amiens ne sont pas pass\u00e9s loin d\u2019un petit exploit&hellip;\n","protected":false},"author":2,"featured_media":442998,"comment_status":"","ping_status":"","sticky":false,"template":"","format":"standard","meta":{"footnotes":""},"categories":[9587],"tags":[1111,11,1777,674,1011,27,12,5161,25,9590],"class_list":{"0":"post-442997","1":"post","2":"type-post","3":"status-publish","4":"format-standard","5":"has-post-thumbnail","7":"category-rouen","8":"tag-actu","9":"tag-actualites","10":"tag-eu","11":"tag-europe","12":"tag-fr","13":"tag-france","14":"tag-news","15":"tag-normandie","16":"tag-republique-francaise","17":"tag-rouen"},"share_on_mastodon":{"url":"https:\/\/pubeurope.com\/@fr\/115327587454906992","error":""},"_links":{"self":[{"href":"https:\/\/www.europesays.com\/fr\/wp-json\/wp\/v2\/posts\/442997","targetHints":{"allow":["GET"]}}],"collection":[{"href":"https:\/\/www.europesays.com\/fr\/wp-json\/wp\/v2\/posts"}],"about":[{"href":"https:\/\/www.europesays.com\/fr\/wp-json\/wp\/v2\/types\/post"}],"author":[{"embeddable":true,"href":"https:\/\/www.europesays.com\/fr\/wp-json\/wp\/v2\/users\/2"}],"replies":[{"embeddable":true,"href":"https:\/\/www.europesays.com\/fr\/wp-json\/wp\/v2\/comments?post=442997"}],"version-history":[{"count":0,"href":"https:\/\/www.europesays.com\/fr\/wp-json\/wp\/v2\/posts\/442997\/revisions"}],"wp:featuredmedia":[{"embeddable":true,"href":"https:\/\/www.europesays.com\/fr\/wp-json\/wp\/v2\/media\/442998"}],"wp:attachment":[{"href":"https:\/\/www.europesays.com\/fr\/wp-json\/wp\/v2\/media?parent=442997"}],"wp:term":[{"taxonomy":"category","embeddable":true,"href":"https:\/\/www.europesays.com\/fr\/wp-json\/wp\/v2\/categories?post=442997"},{"taxonomy":"post_tag","embeddable":true,"href":"https:\/\/www.europesays.com\/fr\/wp-json\/wp\/v2\/tags?post=442997"}],"curies":[{"name":"wp","href":"https:\/\/api.w.org\/{rel}","templated":true}]}}