{"id":443001,"date":"2025-10-06T14:02:26","date_gmt":"2025-10-06T14:02:26","guid":{"rendered":"https:\/\/www.europesays.com\/fr\/443001\/"},"modified":"2025-10-06T14:02:26","modified_gmt":"2025-10-06T14:02:26","slug":"grenoble-le-corps-dune-femme-a-moitie-nue-retrouve-pres-dune-piste-cyclable","status":"publish","type":"post","link":"https:\/\/www.europesays.com\/fr\/443001\/","title":{"rendered":"Grenoble. Le corps d&rsquo;une femme \u00e0 moiti\u00e9 nue retrouv\u00e9 pr\u00e8s d&rsquo;une piste cyclable"},"content":{"rendered":"<p>            Par<br \/>\n        <strong><br \/>\n            <a href=\"https:\/\/actu.fr\/auteur\/lisa-rodrigues\" title=\"Consulter tous les articles de Lisa Rodrigues\" target=\"_blank\" rel=\"noopener\">Lisa Rodrigues<\/a><br \/>\n        <\/strong><\/p>\n<p>        Publi\u00e9 le<\/p>\n<p>            6 oct. 2025 \u00e0 10h31        <\/p>\n<p>Une macabre d\u00e9couverte. Dimanche 5 octobre dans la matin\u00e9e, un passant alerte les secours : le <strong>corps d\u2019une femme<\/strong> est \u00e9tendu \u00e0 proximit\u00e9 de la piste cyclable passant sous le boulevard Foch \u00e0 <a href=\"https:\/\/actu.fr\/auvergne-rhone-alpes\/grenoble_38185\" target=\"_blank\" rel=\"noopener\">Grenoble<\/a>.<\/p>\n<p class=\" wall-content\">La victime, <strong>\u00e2g\u00e9e d\u2019une trentaine d\u2019ann\u00e9es<\/strong>, n\u2019a pas encore \u00e9t\u00e9 identifi\u00e9e. Une autopsie doit \u00eatre pratiqu\u00e9e lundi 6 octobre pour \u00e9claircir les circonstances de sa mort.<\/p>\n<p>La piste criminelle envisag\u00e9e<\/p>\n<p class=\" wall-content\">Si aucune piste n\u2019est \u00e9cart\u00e9e pour la moment, la <strong>piste criminelle<\/strong> reste envisag\u00e9e.<\/p>\n<p class=\" wall-content\">En effet, la victime a \u00e9t\u00e9 retrouv\u00e9e <strong>en partie d\u00e9nud\u00e9e<\/strong> : son pantalon a \u00e9t\u00e9 abaiss\u00e9, mais le reste de son corps est rest\u00e9 habill\u00e9. Or, \u00e0 quelques m\u00e8tres du lieu o\u00f9 a \u00e9t\u00e9 retrouv\u00e9 la femme se trouve un lieu connu pour abriter des faits de prostitution. Mais aucun lien entre cette activit\u00e9 et la mort de la victime n\u2019a \u00e9t\u00e9 fait pour le moment.<\/p>\n<p>    <img   decoding=\"async\" loading=\"lazy\" src=\"https:\/\/www.europesays.com\/fr\/wp-content\/uploads\/2025\/10\/corps-femme-gre-960x632.png\" alt=\"Le corps de la victime a \u00e9t\u00e9 retrouv\u00e9 \u00e0 proximit\u00e9 imm\u00e9diate d'une piste v\u00e9lo, pr\u00e8s du boulevard Foch \u00e0 Grenoble, dimanche 5 octobre.\" width=\"960\" height=\"632\"\/><br \/>\n    Le corps de la victime a \u00e9t\u00e9 retrouv\u00e9 \u00e0 proximit\u00e9 imm\u00e9diate d\u2019une piste v\u00e9lo, pr\u00e8s du boulevard Foch \u00e0 Grenoble, dimanche 5 octobre. (\u00a9Capture Google Street View)<\/p>\n<p class=\" wall-content\">Les lieux ont \u00e9t\u00e9 occup\u00e9s une partie de la journ\u00e9e de dimanche par les enqu\u00eateurs grenoblois pour les relev\u00e9s scientifiques et premi\u00e8res constatations.<\/p>\n<p class=\" wall-content\">Personnalisez votre actualit\u00e9 en ajoutant vos villes et m\u00e9dias en favori avec <a href=\"https:\/\/moncompte.actu.fr\" title=\"D\u00e9couvez Mon Actu\" rel=\"nofollow noopener\" data-trk=\"{&quot;cta&quot;:{&quot;action&quot;:&quot;https:\\\/\\\/moncompte.actu.fr&quot;,&quot;category&quot;:&quot;mon compte&quot;,&quot;from&quot;:&quot;article footer&quot;,&quot;name&quot;:&quot;Mon actu&quot;,&quot;type&quot;:&quot;cta&quot;}}\" target=\"_blank\">Mon Actu<\/a>.<\/p>\n","protected":false},"excerpt":{"rendered":"Par Lisa Rodrigues Publi\u00e9 le 6 oct. 2025 \u00e0 10h31 Une macabre d\u00e9couverte. Dimanche 5 octobre dans la&hellip;\n","protected":false},"author":2,"featured_media":443002,"comment_status":"","ping_status":"","sticky":false,"template":"","format":"standard","meta":{"footnotes":""},"categories":[9566],"tags":[1111,11,2430,1777,674,118,1011,27,2731,303,12,1072,25],"class_list":{"0":"post-443001","1":"post","2":"type-post","3":"status-publish","4":"format-standard","5":"has-post-thumbnail","7":"category-grenoble","8":"tag-actu","9":"tag-actualites","10":"tag-auvergne-rhone-alpes","11":"tag-eu","12":"tag-europe","13":"tag-faits-divers","14":"tag-fr","15":"tag-france","16":"tag-grenoble","17":"tag-justice","18":"tag-news","19":"tag-police","20":"tag-republique-francaise"},"share_on_mastodon":{"url":"https:\/\/pubeurope.com\/@fr\/115327595040100610","error":""},"_links":{"self":[{"href":"https:\/\/www.europesays.com\/fr\/wp-json\/wp\/v2\/posts\/443001","targetHints":{"allow":["GET"]}}],"collection":[{"href":"https:\/\/www.europesays.com\/fr\/wp-json\/wp\/v2\/posts"}],"about":[{"href":"https:\/\/www.europesays.com\/fr\/wp-json\/wp\/v2\/types\/post"}],"author":[{"embeddable":true,"href":"https:\/\/www.europesays.com\/fr\/wp-json\/wp\/v2\/users\/2"}],"replies":[{"embeddable":true,"href":"https:\/\/www.europesays.com\/fr\/wp-json\/wp\/v2\/comments?post=443001"}],"version-history":[{"count":0,"href":"https:\/\/www.europesays.com\/fr\/wp-json\/wp\/v2\/posts\/443001\/revisions"}],"wp:featuredmedia":[{"embeddable":true,"href":"https:\/\/www.europesays.com\/fr\/wp-json\/wp\/v2\/media\/443002"}],"wp:attachment":[{"href":"https:\/\/www.europesays.com\/fr\/wp-json\/wp\/v2\/media?parent=443001"}],"wp:term":[{"taxonomy":"category","embeddable":true,"href":"https:\/\/www.europesays.com\/fr\/wp-json\/wp\/v2\/categories?post=443001"},{"taxonomy":"post_tag","embeddable":true,"href":"https:\/\/www.europesays.com\/fr\/wp-json\/wp\/v2\/tags?post=443001"}],"curies":[{"name":"wp","href":"https:\/\/api.w.org\/{rel}","templated":true}]}}