{"id":443005,"date":"2025-10-06T14:04:20","date_gmt":"2025-10-06T14:04:20","guid":{"rendered":"https:\/\/www.europesays.com\/fr\/443005\/"},"modified":"2025-10-06T14:04:20","modified_gmt":"2025-10-06T14:04:20","slug":"trottinette-carte-bleue-telephone-a-rennes-deux-jeunes-juges-apres-avoir-violemment-depouille-leur-victime","status":"publish","type":"post","link":"https:\/\/www.europesays.com\/fr\/443005\/","title":{"rendered":"Trottinette, carte bleue, t\u00e9l\u00e9phone\u2026 \u00c0 Rennes, deux jeunes jug\u00e9s apr\u00e8s avoir violemment d\u00e9pouill\u00e9 leur victime"},"content":{"rendered":"<p>            Par<br \/>\n        <strong><br \/>\n            <a href=\"https:\/\/actu.fr\/auteur\/redaction-rennes\" title=\"Consulter tous les articles de R\u00e9daction Rennes\" target=\"_blank\" rel=\"noopener\">R\u00e9daction Rennes<\/a><br \/>\n        <\/strong><\/p>\n<p>        Publi\u00e9 le<\/p>\n<p>            6 oct. 2025 \u00e0 11h40        <\/p>\n<p>Le tribunal correctionnel de Rennes a condamn\u00e9, jeudi 2\u00a0octobre 2025, deux jeunes hommes de Rennes et Bruz (Ille-et-Vilaine) pour avoir <strong>violemment d\u00e9pouill\u00e9<\/strong> <strong>un jeune de 19\u00a0ans<\/strong> \u00e0 Saint-Jacques-de-la-Lande, pr\u00e8s de Rennes.<\/p>\n<p class=\" wall-content\">Le 13\u00a0d\u00e9cembre 2023, Nicolas rentrait \u00e0 trottinette \u00e9lectrique de l\u2019a\u00e9roport de Saint-Jacques-de-la-Lande lorsqu\u2019il avait vu <strong>\u00ab\u2009surgir\u2009\u00bb <\/strong>Ibrahima et Bradley. Les deux jeunes hommes \u2013 alors tout juste majeurs \u2013 l\u2019avaient <strong>fait \u00ab\u2009chuter\u2009\u00bb<\/strong> de son engin.<\/p>\n<p>Trottinette, sacoche, carte bleue\u2026<\/p>\n<p class=\" wall-content\">S\u2019\u00e9tait ensuivie <strong>une sc\u00e8ne \u00ab\u2009extr\u00eamement violente\u2009\u00bb<\/strong>\u2009: les pr\u00e9venus l\u2019avaient forc\u00e9 \u00e0 leur remettre <strong>sa trottinette, sa sacoche,<\/strong> ainsi que le \u00ab\u2009code de d\u00e9verrouillage\u2009\u00bb de <strong>son t\u00e9l\u00e9phone<\/strong> portable. Ils s\u2019\u00e9taient aussi empar\u00e9s de<strong> sa carte bleue<\/strong> et de <strong>60\u00a0euros en liquide<\/strong> qu\u2019il transportait sur lui.<\/p>\n<p class=\" wall-content\">Ibrahima et Bradley \u00e9taient all\u00e9s<strong> jusqu\u2019\u00e0 photographier la carte d\u2019identit\u00e9<\/strong> de Nicolas pour le dissuader de porter plainte. Quelques jours plus tard, <strong>un virement de 7\u2009500\u00a0euros<\/strong> avait \u00e9t\u00e9 effectu\u00e9 depuis le compte bancaire de la victime vers celui de la petite amie d\u2019Ibrahima. Plac\u00e9e en garde \u00e0 vue, celle-ci a affirm\u00e9 que les codes d\u2019acc\u00e8s \u00e0 son compte avaient \u00e9t\u00e9 \u00ab\u2009chang\u00e9s\u2009\u00bb.<\/p>\n<p class=\" wall-content\"><strong>En garde \u00e0 vue<\/strong>, Ibrahima \u2013 originaire du quartier Maurepas \u00e0 Rennes \u2013 et Bradley \u2013 dont la m\u00e8re vit \u00e0 Bruz \u2013 <strong>avaient ni\u00e9 les faits.<\/strong> Mais devant le tribunal correctionnel ce jeudi 2\u00a0octobre 2025, <strong>ils reconnaissent finalement leur implication<\/strong>. \u00ab\u2009Ce qu\u2019on a fait, on va le regretter toute notre vie\u2009\u00bb, conc\u00e8de Bradley.<\/p>\n<p>\u00ab\u2009J\u2019\u00e9tais dans une p\u00e9riode difficile de ma vie\u2009\u00bb<\/p>\n<p class=\" wall-content\">Le jeune homme incarc\u00e9r\u00e9 depuis pr\u00e8s de deux ans pour d\u2019autres faits assure que <strong>sa \u00ab\u2009d\u00e9tention\u2009\u00bb l\u2019a \u00ab\u2009fait r\u00e9fl\u00e9chir\u2009\u00bb.<\/strong> Il demande au tribunal de<strong> lui \u00ab\u2009laisser une chance\u2009\u00bb<\/strong> de \u00ab\u2009reconstruire sa vie\u2009\u00bb\u2009: il passait un \u00ab\u2009bac pro vente\u2009\u00bb avant son incarc\u00e9ration, qui a \u00ab\u2009tout arr\u00eat\u00e9\u2009\u00bb.<\/p>\n<p>Votre r\u00e9gion, votre actu !<\/p>\n<p>Recevez chaque jour les infos qui comptent pour vous.<\/p>\n<p>\t<a href=\"https:\/\/actu.fr\/newsletter\" class=\"ac-btn ac-btn--corner ac-btn--medium ac-btn--blue800\" target=\"_blank\" rel=\"noopener\">S&rsquo;incrire<\/a><\/p>\n<p class=\" wall-content\">Son avocat, Me Arnaud Le Bourdais, d\u00e9crit un homme \u00ab\u2009en pleine reconstruction\u2009\u00bb, plac\u00e9 de foyer <strong>en foyer d\u00e8s l\u2019\u00e2ge de 10\u00a0ans<\/strong> et qui a vu <strong>son p\u00e8re mourir<\/strong> dans un accident du travail en 2021. Cette \u00ab\u2009d\u00e9sagr\u00e9gation de sa structure familiale\u2009\u00bb a \u00ab\u2009fait sauter tous ses verrous\u2009\u00bb, illustre son avocat.<\/p>\n<p class=\" wall-content\">Ibrahima avoue quant \u00e0 lui avoir voulu<strong> r\u00e9gler une \u00ab\u2009dette\u2009\u00bb contract\u00e9e<\/strong> pour \u00ab\u2009acheter des v\u00eatements et des affaires\u2009\u00bb. \u00ab\u2009J\u2019\u00e9tais dans une p\u00e9riode difficile de ma vie\u2009\u00bb, tente-t-il de justifier. Il assure aujourd\u2019hui se \u00ab\u2009mettre \u00e0 la place\u2009\u00bb de la victime, qui a \u00ab\u2009d\u00fb avoir vraiment peur\u2009\u00bb.\u00a0\u00c0 la barre, Nicolas confirme avoir ressenti <strong>un \u00ab\u2009sentiment\u2009\u00bb d\u2019angoisse<\/strong> apr\u00e8s son agression lorsqu\u2019il devait \u00ab\u2009passer par ce chemin\u2009\u00bb, qu\u2019il empruntait pour aller travailler.<\/p>\n<p>Des faits d\u2019enl\u00e8vement et de s\u00e9questration<\/p>\n<p class=\" wall-content\">Reste que les pr\u00e9venus n\u2019en sont <strong>pas \u00e0 leur coup d\u2019essai<\/strong>\u2009: leur casier judiciaire compte <strong>plusieurs condamnations<\/strong> notamment pour des faits similaires, la plupart prononc\u00e9es alors qu\u2019ils \u00e9taient mineurs.<\/p>\n<p class=\" wall-content\">Ils seront d\u2019ailleurs <strong>de nouveau jug\u00e9s en novembre\u00a02025<\/strong> par le tribunal correctionnel de Rennes pour <strong>des faits d\u2019enl\u00e8vement, s\u00e9questration et une extorsion<\/strong> commis quelques jours seulement apr\u00e8s ceux du 13\u00a0d\u00e9cembre 2023.<\/p>\n<p>Un an de prison ferme<\/p>\n<p class=\" wall-content\">\u00ab\u2009Ils attendaient dans l\u2019ombre leur proie\u2009\u00bb, r\u00e9sume le procureur de la R\u00e9publique. La \u00ab\u2009musique un peu d\u00e9sol\u00e9e\u2009\u00bb des deux pr\u00e9venus est \u00ab\u2009un premier pas\u2009\u00bb mais ils <strong>devront \u00ab\u2009faire des efforts sur d\u2019autres plans\u2009\u00bb,<\/strong> estime-t-il. Le minist\u00e8re public requiert <strong>un an de prison ferme<\/strong> avec mandat de d\u00e9p\u00f4t \u00e0 l\u2019encontre d\u2019Ibrahima et Bradley.<\/p>\n<p class=\" wall-content\">Ses r\u00e9quisitions ont \u00e9t\u00e9 suivies par le tribunal\u2009: les pr\u00e9venus auront \u00e9galement <strong>l\u2019interdiction d\u2019entrer en contact<\/strong> avec Nicolas et devront <strong>l\u2019indemniser<\/strong> solidairement \u00e0 hauteur de <strong>4\u2009200\u00a0euros<\/strong>.<\/p>\n<p class=\" wall-content\">Ils \u00e9copent <strong>d\u2019une interdiction de d\u00e9tenir une arme<\/strong> pendant trois ans et d\u2019une peine d\u2019in\u00e9ligibilit\u00e9 durant un an.<\/p>\n<p class=\" wall-content\"><strong>RB et CB (PressPepper)<\/strong><\/p>\n<p class=\" wall-content\">Personnalisez votre actualit\u00e9 en ajoutant vos villes et m\u00e9dias en favori avec <a href=\"https:\/\/moncompte.actu.fr\" title=\"D\u00e9couvez Mon Actu\" rel=\"nofollow noopener\" data-trk=\"{&quot;cta&quot;:{&quot;action&quot;:&quot;https:\\\/\\\/moncompte.actu.fr&quot;,&quot;category&quot;:&quot;mon compte&quot;,&quot;from&quot;:&quot;article footer&quot;,&quot;name&quot;:&quot;Mon actu&quot;,&quot;type&quot;:&quot;cta&quot;}}\" target=\"_blank\">Mon Actu<\/a>.<\/p>\n","protected":false},"excerpt":{"rendered":"Par R\u00e9daction Rennes Publi\u00e9 le 6 oct. 2025 \u00e0 11h40 Le tribunal correctionnel de Rennes a condamn\u00e9, jeudi&hellip;\n","protected":false},"author":2,"featured_media":443006,"comment_status":"","ping_status":"","sticky":false,"template":"","format":"standard","meta":{"footnotes":""},"categories":[2821],"tags":[1111,11,21542,829,1777,674,118,1011,27,303,12,584,25],"class_list":{"0":"post-443005","1":"post","2":"type-post","3":"status-publish","4":"format-standard","5":"has-post-thumbnail","7":"category-rennes","8":"tag-actu","9":"tag-actualites","10":"tag-aeroport-de-rennes","11":"tag-bretagne","12":"tag-eu","13":"tag-europe","14":"tag-faits-divers","15":"tag-fr","16":"tag-france","17":"tag-justice","18":"tag-news","19":"tag-rennes","20":"tag-republique-francaise"},"share_on_mastodon":{"url":"https:\/\/pubeurope.com\/@fr\/115327602840736356","error":""},"_links":{"self":[{"href":"https:\/\/www.europesays.com\/fr\/wp-json\/wp\/v2\/posts\/443005","targetHints":{"allow":["GET"]}}],"collection":[{"href":"https:\/\/www.europesays.com\/fr\/wp-json\/wp\/v2\/posts"}],"about":[{"href":"https:\/\/www.europesays.com\/fr\/wp-json\/wp\/v2\/types\/post"}],"author":[{"embeddable":true,"href":"https:\/\/www.europesays.com\/fr\/wp-json\/wp\/v2\/users\/2"}],"replies":[{"embeddable":true,"href":"https:\/\/www.europesays.com\/fr\/wp-json\/wp\/v2\/comments?post=443005"}],"version-history":[{"count":0,"href":"https:\/\/www.europesays.com\/fr\/wp-json\/wp\/v2\/posts\/443005\/revisions"}],"wp:featuredmedia":[{"embeddable":true,"href":"https:\/\/www.europesays.com\/fr\/wp-json\/wp\/v2\/media\/443006"}],"wp:attachment":[{"href":"https:\/\/www.europesays.com\/fr\/wp-json\/wp\/v2\/media?parent=443005"}],"wp:term":[{"taxonomy":"category","embeddable":true,"href":"https:\/\/www.europesays.com\/fr\/wp-json\/wp\/v2\/categories?post=443005"},{"taxonomy":"post_tag","embeddable":true,"href":"https:\/\/www.europesays.com\/fr\/wp-json\/wp\/v2\/tags?post=443005"}],"curies":[{"name":"wp","href":"https:\/\/api.w.org\/{rel}","templated":true}]}}