{"id":443011,"date":"2025-10-06T14:07:10","date_gmt":"2025-10-06T14:07:10","guid":{"rendered":"https:\/\/www.europesays.com\/fr\/443011\/"},"modified":"2025-10-06T14:07:10","modified_gmt":"2025-10-06T14:07:10","slug":"les-contours-du-nouveau-projet-presentes-cette-semaine","status":"publish","type":"post","link":"https:\/\/www.europesays.com\/fr\/443011\/","title":{"rendered":"les contours du nouveau projet pr\u00e9sent\u00e9s cette semaine"},"content":{"rendered":"<p>            Par<br \/>\n        <strong><br \/>\n            <a href=\"https:\/\/actu.fr\/auteur\/ivan-capecchi\" title=\"Consulter tous les articles de Ivan CAPECCHI\" rel=\"nofollow noopener\" target=\"_blank\">Ivan CAPECCHI<\/a><br \/>\n        <\/strong><\/p>\n<p>        Publi\u00e9 le<\/p>\n<p>            6 oct. 2025 \u00e0 15h41        <\/p>\n<p>Jeudi prochain, apr\u00e8s avoir travaill\u00e9 pendant plusieurs mois sur le sujet, les membres de la <strong>Convention citoyenne pour le tram nord<\/strong> rendront leurs conclusions, dessinant ainsi les contours du nouveau projet.<\/p>\n<p>Tram nord : une convention citoyenne en place depuis plusieurs mois<\/p>\n<p class=\" wall-content\">Depuis avril 2025, <strong>100 habitants tir\u00e9s au sort<\/strong> au sein de l\u2019<a href=\"https:\/\/actu.fr\/tag\/eurometropole-de-strasbourg\" rel=\"nofollow noopener\" target=\"_blank\">Eurom\u00e9tropole de Strasbourg<\/a> participent \u00e0 une Convention citoyenne pour <strong>repenser le prolongement du tramway vers le nord<\/strong>, et ce apr\u00e8s que le projet a re\u00e7u un <a href=\"https:\/\/actu.fr\/grand-est\/strasbourg_67482\/tram-nord-a-strasbourg-la-commission-d-enquete-rend-un-avis-defavorable-un-coup-de-tonnerre_61982104.html\" rel=\"nofollow noopener\" target=\"_blank\">avis d\u00e9favorable de la commission d\u2019enqu\u00eate<\/a> en d\u00e9cembre 2024.<\/p>\n<p class=\" wall-content\">Ce panel repr\u00e9sentatif s\u2019est r\u00e9uni sur plusieurs week-ends pour \u00e9tudier les <strong>enjeux techniques, urbains et climatiques<\/strong>, entendre experts et parties prenantes, aller sur le terrain et formuler des recommandations.<\/p>\n<p>Un projet en deux phases d\u00e9sormais<\/p>\n<p class=\" wall-content\">Les membres de la Convention citoyenne ont \u00e9t\u00e9 invit\u00e9s \u00e0 <strong>se prononcer en priorit\u00e9 sur la branche nord du trac\u00e9<\/strong> et, tant la Ville que l\u2019Eurom\u00e9tropole ont d\u00e9j\u00e0 dit leur intention de \u00ab phaser \u00bb le projet.<\/p>\n<p class=\" wall-content\">Autrement dit, de <strong>d\u2019abord r\u00e9aliser la partie nord du trac\u00e9<\/strong> (celle qui profitera en premier lieu \u00e0 <a href=\"https:\/\/actu.fr\/grand-est\/schiltigheim_67447\" rel=\"nofollow noopener\" target=\"_blank\">Schiltigheim<\/a>), avant d\u2019envisager de r\u00e9-examiner la partie centre.<\/p>\n<p>Une m\u00e9thode critiqu\u00e9e par l\u2019opposition<\/p>\n<p class=\" wall-content\">Tout de suite apr\u00e8s l\u2019annonce de la mise en place d\u2019une convention citoyenne sur le tram nord, les opposants Catherine Trautmann et <a href=\"https:\/\/actu.fr\/grand-est\/strasbourg_67482\/municipales-2026-a-strasbourg-pierre-jakubowicz-horizons-officialise-sa-candidature_63115980.html\" rel=\"nofollow noopener\" target=\"_blank\">Pierre Jakubowicz<\/a> ont d\u00e9nonc\u00e9 un <a href=\"https:\/\/actu.fr\/grand-est\/strasbourg_67482\/convention-citoyenne-pour-le-tram-nord-un-gachis-de-temps-et-d-argent-selon-l-opposition_62202033.html\" rel=\"nofollow noopener\" target=\"_blank\">\u00ab\u00a0g\u00e2chis de temps et d\u2019argent\u00a0\u00bb<\/a>, alors que l\u2019avis de la commission d\u2019enqu\u00eate et les <strong>plus de 7 000 contributions citoyennes<\/strong> auraient pu suffire \u00e0 relancer le projet rapidement selon eux.<\/p>\n<p class=\" wall-content\">Ils jugent la d\u00e9marche ill\u00e9gitime, estimant que \u00ab\u00a0<strong>100 personnes vont effacer l\u2019avis exprim\u00e9 par des milliers<\/strong>\u00ab\u00a0, et reprochent \u00e0 la majorit\u00e9 d\u2019avoir d\u00e9cid\u00e9 seule du dispositif, sans les associer ni sur la m\u00e9thode ni sur le calendrier.<\/p>\n<p>Votre r\u00e9gion, votre actu !<\/p>\n<p>Recevez chaque jour les infos qui comptent pour vous.<\/p>\n<p>\t<a href=\"https:\/\/actu.fr\/newsletter\" class=\"ac-btn ac-btn--corner ac-btn--medium ac-btn--blue800\" rel=\"nofollow noopener\" target=\"_blank\">S&rsquo;incrire<\/a><br \/>\nMise en service d\u00e9sormais pr\u00e9vue en 2030<\/p>\n<p class=\" wall-content\">Par ailleurs, le phasage du projet est une fa\u00e7on, aux yeux de Pierre Jakubowicz, de mettre sous le tapis un aspect pol\u00e9mique du dossier, en l\u2019occurrence <strong>le trac\u00e9 retenu pour le centre-ville de Strasbourg<\/strong> qui avait fait couler beaucoup d\u2019encre.<\/p>\n<p class=\" wall-content\">Initialement pr\u00e9vue en 2027, <strong>la mise en service du tram nord est d\u00e9sormais envisag\u00e9e pour 2030<\/strong>.<\/p>\n<p class=\" wall-content\">Personnalisez votre actualit\u00e9 en ajoutant vos villes et m\u00e9dias en favori avec <a href=\"https:\/\/moncompte.actu.fr\" title=\"D\u00e9couvez Mon Actu\" rel=\"nofollow noopener\" data-trk=\"{&quot;cta&quot;:{&quot;action&quot;:&quot;https:\\\/\\\/moncompte.actu.fr&quot;,&quot;category&quot;:&quot;mon compte&quot;,&quot;from&quot;:&quot;article footer&quot;,&quot;name&quot;:&quot;Mon actu&quot;,&quot;type&quot;:&quot;cta&quot;}}\" target=\"_blank\">Mon Actu<\/a>.<\/p>\n","protected":false},"excerpt":{"rendered":"Par Ivan CAPECCHI Publi\u00e9 le 6 oct. 2025 \u00e0 15h41 Jeudi prochain, apr\u00e8s avoir travaill\u00e9 pendant plusieurs mois&hellip;\n","protected":false},"author":2,"featured_media":443012,"comment_status":"","ping_status":"","sticky":false,"template":"","format":"standard","meta":{"footnotes":""},"categories":[2820],"tags":[1111,11,1777,5342,674,1011,27,775,12,25,104,640,56934,2803],"class_list":{"0":"post-443011","1":"post","2":"type-post","3":"status-publish","4":"format-standard","5":"has-post-thumbnail","7":"category-strasbourg","8":"tag-actu","9":"tag-actualites","10":"tag-eu","11":"tag-eurometropole-de-strasbourg","12":"tag-europe","13":"tag-fr","14":"tag-france","15":"tag-grand-est","16":"tag-news","17":"tag-republique-francaise","18":"tag-societe","19":"tag-strasbourg","20":"tag-tram-nord-strasbourg","21":"tag-transport"},"share_on_mastodon":{"url":"https:\/\/pubeurope.com\/@fr\/115327614659150489","error":""},"_links":{"self":[{"href":"https:\/\/www.europesays.com\/fr\/wp-json\/wp\/v2\/posts\/443011","targetHints":{"allow":["GET"]}}],"collection":[{"href":"https:\/\/www.europesays.com\/fr\/wp-json\/wp\/v2\/posts"}],"about":[{"href":"https:\/\/www.europesays.com\/fr\/wp-json\/wp\/v2\/types\/post"}],"author":[{"embeddable":true,"href":"https:\/\/www.europesays.com\/fr\/wp-json\/wp\/v2\/users\/2"}],"replies":[{"embeddable":true,"href":"https:\/\/www.europesays.com\/fr\/wp-json\/wp\/v2\/comments?post=443011"}],"version-history":[{"count":0,"href":"https:\/\/www.europesays.com\/fr\/wp-json\/wp\/v2\/posts\/443011\/revisions"}],"wp:featuredmedia":[{"embeddable":true,"href":"https:\/\/www.europesays.com\/fr\/wp-json\/wp\/v2\/media\/443012"}],"wp:attachment":[{"href":"https:\/\/www.europesays.com\/fr\/wp-json\/wp\/v2\/media?parent=443011"}],"wp:term":[{"taxonomy":"category","embeddable":true,"href":"https:\/\/www.europesays.com\/fr\/wp-json\/wp\/v2\/categories?post=443011"},{"taxonomy":"post_tag","embeddable":true,"href":"https:\/\/www.europesays.com\/fr\/wp-json\/wp\/v2\/tags?post=443011"}],"curies":[{"name":"wp","href":"https:\/\/api.w.org\/{rel}","templated":true}]}}