{"id":443016,"date":"2025-10-06T14:11:12","date_gmt":"2025-10-06T14:11:12","guid":{"rendered":"https:\/\/www.europesays.com\/fr\/443016\/"},"modified":"2025-10-06T14:11:12","modified_gmt":"2025-10-06T14:11:12","slug":"un-gendarme-blesse-un-autre-ouvre-le-feu-sur-le-vehicule-en-fuite","status":"publish","type":"post","link":"https:\/\/www.europesays.com\/fr\/443016\/","title":{"rendered":"un gendarme bless\u00e9, un autre ouvre le feu sur le v\u00e9hicule en fuite"},"content":{"rendered":"<p>Un homme de 36 ans a \u00e9t\u00e9 interpell\u00e9, dimanche en fin d\u2019apr\u00e8s-midi, apr\u00e8s avoir tent\u00e9 d\u2019\u00e9chapper \u00e0 un contr\u00f4le routier. La vie du militaire percut\u00e9 n\u2019est pas en danger.<\/p>\n<p class=\"fig-paragraph\">Un bless\u00e9, deux coups de feu. Un gendarme a \u00e9t\u00e9 percut\u00e9 par un v\u00e9hicule en fuite, dimanche, pr\u00e8s\u00a0<a href=\"https:\/\/www.lefigaro.fr\/nantes\" target=\"_blank\" data-fig-type=\"Section\" rel=\"sponsored noopener\" data-gtm-custom-categorie=\"navigation\" data-gtm-custom-action=\"crossclick\" data-gtm-custom-label=\"Contextuel\" data-gtm-event=\"customEventSPE\" data-fig-domain=\"LEFIGARO\">de Nantes<\/a>\u00a0(Loire-Atlantique), dans la foul\u00e9e d\u2019une op\u00e9ration de contr\u00f4le. Rep\u00e9r\u00e9 vers 18h45, un v\u00e9hicule qui multipliait les infractions routi\u00e8res \u00e0 La Chapelle-sur-Erdre, dans la banlieue nord de l\u2019agglom\u00e9ration nantaise, a\u00a0<a href=\"http:\/\/www.lefigaro.fr\/actualite-france\/refus-d-obtemperer-les-chauffards-seront-desormais-systematiquement-pourchasses-par-la-police-20250519\" target=\"_blank\" data-fig-type=\"NewsFlash\" rel=\"noopener\" data-gtm-custom-categorie=\"navigation\" data-gtm-custom-action=\"crossclick\" data-gtm-custom-label=\"Contextuel\" data-gtm-event=\"customEventSPE\" data-fig-domain=\"LEFIGARO\">refus\u00e9 d\u2019obtemp\u00e9rer<\/a>\u00a0et a \u00e9t\u00e9 pris en chasse par les forces de l\u2019ordre.<\/p>\n<p class=\"fig-paragraph\">Engag\u00e9e dans une voie sans issue, la voiture a cherch\u00e9 \u00e0 reculer de mani\u00e8re soudaine, propulsant au sol un gendarme qui venait de sortir de son v\u00e9hicule. L\u2019un de ses coll\u00e8gues a alors ouvert le feu \u00e0 deux reprises en visant les roues du v\u00e9hicule, contraignant son chauffeur \u00e0 se rendre.<\/p>\n<p>                                    <a class=\"fig-a11y-skip a11y-hidden\" href=\"#fig-a11y-skip-main-inarticle\"><br \/>\n        Passer la publicit\u00e9<br \/>\n    <\/a><\/p>\n<p>Garde \u00e0 vue<\/p>\n<p class=\"fig-paragraph\">L\u2019automobiliste, \u00e2g\u00e9 de 36 ans, a \u00e9t\u00e9 aussit\u00f4t plac\u00e9 en garde \u00e0 vue. Il devrait \u00eatre poursuivi pour \u00abtentative de meurtre sur un militaire de la gendarmerie nationale\u00bb, \u00abconduite en \u00e9tat d\u2019ivresse\u00bb et \u00abrefus d\u2019obtemp\u00e9rer\u00bb. Une enqu\u00eate a \u00e9t\u00e9 ouverte par la brigade de recherches de la compagnie de gendarmerie de Nantes, confirme au Figaro une source proche du dossier. Les jours du gendarme percut\u00e9 par le v\u00e9hicule en fuite ne sont pas en danger.<\/p>\n","protected":false},"excerpt":{"rendered":"Un homme de 36 ans a \u00e9t\u00e9 interpell\u00e9, dimanche en fin d\u2019apr\u00e8s-midi, apr\u00e8s avoir tent\u00e9 d\u2019\u00e9chapper \u00e0 un&hellip;\n","protected":false},"author":2,"featured_media":443017,"comment_status":"","ping_status":"","sticky":false,"template":"","format":"standard","meta":{"footnotes":""},"categories":[2818],"tags":[1111,11,1777,674,1011,27,19911,766,12,2636,2852,25],"class_list":{"0":"post-443016","1":"post","2":"type-post","3":"status-publish","4":"format-standard","5":"has-post-thumbnail","7":"category-nantes","8":"tag-actu","9":"tag-actualites","10":"tag-eu","11":"tag-europe","12":"tag-fr","13":"tag-france","14":"tag-gendarme","15":"tag-nantes","16":"tag-news","17":"tag-pays-de-la-loire","18":"tag-refus-dobtemperer","19":"tag-republique-francaise"},"share_on_mastodon":{"url":"https:\/\/pubeurope.com\/@fr\/115327630387181182","error":""},"_links":{"self":[{"href":"https:\/\/www.europesays.com\/fr\/wp-json\/wp\/v2\/posts\/443016","targetHints":{"allow":["GET"]}}],"collection":[{"href":"https:\/\/www.europesays.com\/fr\/wp-json\/wp\/v2\/posts"}],"about":[{"href":"https:\/\/www.europesays.com\/fr\/wp-json\/wp\/v2\/types\/post"}],"author":[{"embeddable":true,"href":"https:\/\/www.europesays.com\/fr\/wp-json\/wp\/v2\/users\/2"}],"replies":[{"embeddable":true,"href":"https:\/\/www.europesays.com\/fr\/wp-json\/wp\/v2\/comments?post=443016"}],"version-history":[{"count":0,"href":"https:\/\/www.europesays.com\/fr\/wp-json\/wp\/v2\/posts\/443016\/revisions"}],"wp:featuredmedia":[{"embeddable":true,"href":"https:\/\/www.europesays.com\/fr\/wp-json\/wp\/v2\/media\/443017"}],"wp:attachment":[{"href":"https:\/\/www.europesays.com\/fr\/wp-json\/wp\/v2\/media?parent=443016"}],"wp:term":[{"taxonomy":"category","embeddable":true,"href":"https:\/\/www.europesays.com\/fr\/wp-json\/wp\/v2\/categories?post=443016"},{"taxonomy":"post_tag","embeddable":true,"href":"https:\/\/www.europesays.com\/fr\/wp-json\/wp\/v2\/tags?post=443016"}],"curies":[{"name":"wp","href":"https:\/\/api.w.org\/{rel}","templated":true}]}}