{"id":443024,"date":"2025-10-06T14:15:16","date_gmt":"2025-10-06T14:15:16","guid":{"rendered":"https:\/\/www.europesays.com\/fr\/443024\/"},"modified":"2025-10-06T14:15:16","modified_gmt":"2025-10-06T14:15:16","slug":"la-decheterie-ferme-jusqua-nouvel-ordre-apres-des-tensions-avec-des-gens-du-voyage","status":"publish","type":"post","link":"https:\/\/www.europesays.com\/fr\/443024\/","title":{"rendered":"la d\u00e9ch\u00e8terie ferme jusqu&rsquo;\u00e0 nouvel ordre apr\u00e8s des tensions avec des gens du voyage"},"content":{"rendered":"<p>            Par<br \/>\n        <strong><br \/>\n            <a href=\"https:\/\/actu.fr\/auteur\/guillaume-laurens\" title=\"Consulter tous les articles de Guillaume Laurens\" target=\"_blank\" rel=\"noopener\">Guillaume Laurens<\/a><br \/>\n        <\/strong><\/p>\n<p>        Publi\u00e9 le<\/p>\n<p>            6 oct. 2025 \u00e0 15h59        <\/p>\n<p>Grosse surprise pour les usagers de la <strong>d\u00e9ch\u00e8terie de <a href=\"https:\/\/actu.fr\/occitanie\/cornebarrieu_31150\" target=\"_blank\" rel=\"noopener\">Cornebarrieu<\/a><\/strong>, ce lundi 6\u00a0octobre 2025. C\u2019est par un mail de <strong>Decoset<\/strong> qu\u2019ils ont appris la fermeture<strong> \u00ab\u2009jusqu\u2019\u00e0 nouvel ordre\u2009\u00bb<\/strong> de cette infrastructure situ\u00e9e dans la commune du nord-ouest de Toulouse. Interrog\u00e9, le pr\u00e9sident du syndicat mixte de gestion des d\u00e9chets dans l\u2019agglom\u00e9ration d\u00e9plore des \u00ab\u2009incivilit\u00e9s\u2009\u00bb de <strong>gens du voyage<\/strong>. Ce qu\u2019il se passe.<\/p>\n<p>La d\u00e9ch\u00e8terie ferme \u00ab\u2009jusqu\u2019\u00e0 nouvel ordre\u2009\u00bb annonce Decoset<\/p>\n<p class=\" wall-content\">\u00ab\u2009La d\u00e9ch\u00e8terie de Cornebarrieu fermera ses portes \u00e0 compter du<strong> 6\u00a0octobre au soir\u2009\u00bb,<\/strong> annonce ce lundi, \u00e0 la mi-journ\u00e9e, Decoset \u00e0 ses usagers. Dans ce court message, le syndicat mixte de gestion des d\u00e9chets \u00e9voque \u00ab\u2009de <strong>nombreuses difficult\u00e9s<\/strong> rencontr\u00e9es dans <strong>l\u2019exploitation<\/strong> de la d\u00e9ch\u00e8terie\u2009\u00bb, sans en pr\u00e9ciser les raisons exactes.<\/p>\n<p>Des \u00ab\u2009incivilit\u00e9s\u2009\u00bb de gens du voyage<\/p>\n<p class=\" wall-content\">Les \u00ab\u2009nombreuses difficult\u00e9s\u2009\u00bb en question\u2009? D\u2019apr\u00e8s <strong>Vincent Terrail-Nov\u00e8s<\/strong>, le pr\u00e9sident de Decoset, cette d\u00e9ch\u00e8terie est en proie \u00e0 des tensions avec une communaut\u00e9 de <strong>gens du voyage<\/strong>, qui s\u2019est install\u00e9e juste \u00e0 c\u00f4t\u00e9.<\/p>\n<blockquote class=\"ac-article-quote wall-content\">\n<p>Des gens du voyage sont sur le terrain qui jouxte la d\u00e9ch\u00e8terie et qui est propri\u00e9t\u00e9 de Decoset. Cela fait deux mois que \u00e7a dure. Nous avons engag\u00e9 une premi\u00e8re proc\u00e9dure, mais elle n&rsquo;a pas fonctionn\u00e9 : quand les huissiers sont pass\u00e9s la premi\u00e8re fois, les gens du voyage sont partis, mais ils sont revenus quelques jours apr\u00e8s. La proc\u00e9dure repart \u00e0 z\u00e9ro.<\/p>\n<p>    <strong>Vincent Terrail-Nov\u00e8s<\/strong><br \/>\n        Pr\u00e9sident de Decoset    <\/p><\/blockquote>\n<p>Vid\u00e9os : en ce moment sur Actu\u00ab\u2009Ils vont r\u00e9cup\u00e9rer des choses dans les bennes, s\u2019adressent aux usagers\u2009\u00bb<\/p>\n<p class=\" wall-content\">Entretemps, d\u2019apr\u00e8s l\u2019\u00e9lu, \u00ab\u2009le personnel a fait jouer son droit de retrait face aux <strong>menaces<\/strong> et <strong>invectives<\/strong> dont ils sont victimes\u2009\u00bb.<\/p>\n<p class=\" wall-content\">Selon lui, des membres de cette communaut\u00e9<strong> \u00ab\u2009d\u00e9ambulent dans la d\u00e9chetterie<\/strong> pendant les horaires d\u2019ouverture pour aller <strong>r\u00e9cup\u00e9rer<\/strong> des choses directement <strong>dans les bennes<\/strong>, ce qui est formellement interdit. Ils s\u2019adressent directement aux <strong>usagers<\/strong> avant qu\u2019ils ne d\u00e9chargent, menacent et invectivent les <strong>personnels<\/strong>\u2026\u2009\u00bb.<\/p>\n<p>Votre r\u00e9gion, votre actu !<\/p>\n<p>Recevez chaque jour les infos qui comptent pour vous.<\/p>\n<p>\t<a href=\"https:\/\/actu.fr\/newsletter\" class=\"ac-btn ac-btn--corner ac-btn--medium ac-btn--blue800\" target=\"_blank\" rel=\"noopener\">S&rsquo;incrire<\/a><br \/>\n\u00ab\u2009La fermeture n\u2019est que temporaire\u2009\u00bb<\/p>\n<p class=\" wall-content\">\u00ab\u2009Un <strong>nouveau recours<\/strong> a \u00e9t\u00e9 d\u00e9pos\u00e9 devant le tribunal administratif, dans l\u2019espoir d\u2019obtenir <strong>l\u2019expulsion<\/strong> de gens du voyage rapidement\u2009\u00bb, ajoute le pr\u00e9sident de Decoset, par ailleurs maire (Renaissance) de Balma.<\/p>\n<p class=\" wall-content\">Une fois le calme revenu, il entend \u00ab\u2009prendre des mesures pour s\u00e9curiser ce site\u2009\u00bb, afin <strong>d\u2019\u00e9viter toute nouvelle installation<\/strong>. L\u2019objectif \u00e9tant de \u00ab\u2009rouvrir rapidement la d\u00e9ch\u00e8terie, dont la <strong>fermeture<\/strong> n\u2019est que <strong>temporaire\u2009\u00bb.<\/strong><\/p>\n<p>Nouveaux horaires aux d\u00e9ch\u00e8teries de Blagnac et Grenade<\/p>\n<p>\u00ab\u00a0Afin de limiter l&rsquo;impact de cette fermeture pour nos usagers\u00a0\u00bb, Decoset annonce qu&rsquo;une \u00ab\u00a0extension des horaires des d\u00e9ch\u00e8teries de Blagnac et Grenade sera mise en place \u00e0 partir du 7 octobre\u00a0\u00bb.<br \/>Le syndicat pr\u00e9cise que la d\u00e9ch\u00e8terie de Blagnac sera d\u00e9sormais ouverte du lundi au samedi de 9 heures \u00e0 18 heures, et le dimanche de 9 heures \u00e0 13 heures. Celle de Grenade sera, elle, ouverte du lundi au samedi de 9 heures \u00e0 18 heures, mais le dimanche de 9h \u00e0 12h15, puis de 13h45 \u00e0 17h30.<\/p>\n<p>Des comportements de plus en plus agressifs en d\u00e9ch\u00e8terie<\/p>\n<p class=\" wall-content\">D\u2019apr\u00e8s nos informations, outre ces tensions avec les gens du voyage, les agents de ce site \u2014 comme ceux de beaucoup d\u2019autres d\u00e9chetteries de l\u2019agglo,<a href=\"https:\/\/actu.fr\/pays-de-la-loire\/sarge-les-le-mans_72328\/agressions-insultes-racisme-les-agents-des-dechetteries-du-mans-metropole-face-a-la-violence-quotidienne_62462944.html\" target=\"_blank\" rel=\"noopener\"> et au-del\u00e0, de toute la France \u2014<\/a>, sont \u00e9galement victimes de <strong>comportements<\/strong> de plus en plus <strong>agressifs<\/strong> des usagers. Decoset pr\u00e9pare une campagne de sensibilisation \u00e0 cet effet.<\/p>\n<p>    <a href=\"https:\/\/www.google.com\/maps\/embed?pb=!1m18!1m12!1m3!1d80062.25992824977!2d1.5431680303434818!3d43.572593551064394!2m3!1f0!2f0!3f0!3m2!1i1024!2i768!4f13.1!3m3!1m2!1s0x12aeae52ad99fc11%3A0x3fedcb52df2f2640!2sD%C3%A9ch%C3%A8terie%20de%20Cornebarrieu!5e0!3m2!1sfr!2sfr!4v1759755410472!5m2!1sfr!2sfr\" title=\"Ouvrie le lien\" target=\"_blank\" rel=\"noopener\">Cliquez ici pour visualiser le contenu<\/a><\/p>\n<p class=\" wall-content\">Personnalisez votre actualit\u00e9 en ajoutant vos villes et m\u00e9dias en favori avec <a href=\"https:\/\/moncompte.actu.fr\" title=\"D\u00e9couvez Mon Actu\" rel=\"nofollow noopener\" data-trk=\"{&quot;cta&quot;:{&quot;action&quot;:&quot;https:\\\/\\\/moncompte.actu.fr&quot;,&quot;category&quot;:&quot;mon compte&quot;,&quot;from&quot;:&quot;article footer&quot;,&quot;name&quot;:&quot;Mon actu&quot;,&quot;type&quot;:&quot;cta&quot;}}\" target=\"_blank\">Mon Actu<\/a>.<\/p>\n","protected":false},"excerpt":{"rendered":"Par Guillaume Laurens Publi\u00e9 le 6 oct. 2025 \u00e0 15h59 Grosse surprise pour les usagers de la d\u00e9ch\u00e8terie&hellip;\n","protected":false},"author":2,"featured_media":443025,"comment_status":"","ping_status":"","sticky":false,"template":"","format":"standard","meta":{"footnotes":""},"categories":[2816],"tags":[1111,11,3008,436,1777,674,1011,27,12,2680,25,104,2312],"class_list":{"0":"post-443024","1":"post","2":"type-post","3":"status-publish","4":"format-standard","5":"has-post-thumbnail","7":"category-toulouse","8":"tag-actu","9":"tag-actualites","10":"tag-dechets","11":"tag-environnement","12":"tag-eu","13":"tag-europe","14":"tag-fr","15":"tag-france","16":"tag-news","17":"tag-occitanie","18":"tag-republique-francaise","19":"tag-societe","20":"tag-toulouse"},"share_on_mastodon":{"url":"https:\/\/pubeurope.com\/@fr\/115327646151660147","error":""},"_links":{"self":[{"href":"https:\/\/www.europesays.com\/fr\/wp-json\/wp\/v2\/posts\/443024","targetHints":{"allow":["GET"]}}],"collection":[{"href":"https:\/\/www.europesays.com\/fr\/wp-json\/wp\/v2\/posts"}],"about":[{"href":"https:\/\/www.europesays.com\/fr\/wp-json\/wp\/v2\/types\/post"}],"author":[{"embeddable":true,"href":"https:\/\/www.europesays.com\/fr\/wp-json\/wp\/v2\/users\/2"}],"replies":[{"embeddable":true,"href":"https:\/\/www.europesays.com\/fr\/wp-json\/wp\/v2\/comments?post=443024"}],"version-history":[{"count":0,"href":"https:\/\/www.europesays.com\/fr\/wp-json\/wp\/v2\/posts\/443024\/revisions"}],"wp:featuredmedia":[{"embeddable":true,"href":"https:\/\/www.europesays.com\/fr\/wp-json\/wp\/v2\/media\/443025"}],"wp:attachment":[{"href":"https:\/\/www.europesays.com\/fr\/wp-json\/wp\/v2\/media?parent=443024"}],"wp:term":[{"taxonomy":"category","embeddable":true,"href":"https:\/\/www.europesays.com\/fr\/wp-json\/wp\/v2\/categories?post=443024"},{"taxonomy":"post_tag","embeddable":true,"href":"https:\/\/www.europesays.com\/fr\/wp-json\/wp\/v2\/tags?post=443024"}],"curies":[{"name":"wp","href":"https:\/\/api.w.org\/{rel}","templated":true}]}}