{"id":443034,"date":"2025-10-06T14:21:12","date_gmt":"2025-10-06T14:21:12","guid":{"rendered":"https:\/\/www.europesays.com\/fr\/443034\/"},"modified":"2025-10-06T14:21:12","modified_gmt":"2025-10-06T14:21:12","slug":"le-motard-est-sorti-du-coma","status":"publish","type":"post","link":"https:\/\/www.europesays.com\/fr\/443034\/","title":{"rendered":"le motard est sorti du coma"},"content":{"rendered":"<p>Le pronostic vital du motard gravement bless\u00e9 dans un accident de la circulation, vendredi soir, avenue Lacassagne, \u00e0 Lyon 3e , ne serait plus engag\u00e9. L\u2019homme de 23 ans, qui vit \u00e0 proximit\u00e9 du lieu de la collision, \u00e9tait sorti du coma et n\u2019\u00e9tait plus intub\u00e9 lundi matin, a appris Le Progr\u00e8s.<\/p>\n<p>Il avait \u00e9t\u00e9 impliqu\u00e9 dans un dramatique carambolage, vers 19 heures, vendredi, au cours duquel une pi\u00e9tonne de 66 ans avait perdu la vie.<\/p>\n<p>  L\u2019automobiliste dit avoir contr\u00f4l\u00e9 ses angles avant de tourner<\/p>\n<p>Selon plusieurs t\u00e9moins, le motard aurait roul\u00e9 \u00e0 une vitesse excessive, quand il aurait \u00e9t\u00e9 heurt\u00e9 par le conducteur d\u2019une voiture qu\u2019il \u00e9tait a priori en train de doubler par la gauche. L\u2019automobiliste souhaitait changer de direction, pour emprunter la rue Moissonnier, lors du choc. Il a assur\u00e9 aux forces de l\u2019ordre avoir contr\u00f4l\u00e9 ses angles, avant de man\u0153uvrer.<\/p>\n<p>Le motard a chut\u00e9 de son deux-roues lors de l\u2019impact. Son engin a poursuivi sa course et a <a href=\"https:\/\/www.leprogres.fr\/faits-divers-justice\/2025\/10\/03\/on-a-vu-une-dame-voler-un-violent-accident-entre-une-voiture-et-une-moto-fait-deux-blesses-graves\" target=\"_blank\" rel=\"nofollow noopener\">violemment heurt\u00e9 la pi\u00e9tonne<\/a>, d\u00e9c\u00e9d\u00e9e sur place. Le pilote n\u2019a pas encore pu \u00eatre entendu par les services de police. Une enqu\u00eate a \u00e9t\u00e9 ouverte pour d\u00e9terminer les circonstances de l\u2019accident.<\/p>\n","protected":false},"excerpt":{"rendered":"Le pronostic vital du motard gravement bless\u00e9 dans un accident de la circulation, vendredi soir, avenue Lacassagne, \u00e0&hellip;\n","protected":false},"author":2,"featured_media":443035,"comment_status":"","ping_status":"","sticky":false,"template":"","format":"standard","meta":{"footnotes":""},"categories":[1889],"tags":[119,1111,11,2430,2757,1777,674,274,107,1011,27,2428,2756,12,25,2429],"class_list":{"0":"post-443034","1":"post","2":"type-post","3":"status-publish","4":"format-standard","5":"has-post-thumbnail","7":"category-lyon","8":"tag-accident","9":"tag-actu","10":"tag-actualites","11":"tag-auvergne-rhone-alpes","12":"tag-edition-lyon-villeurbanne","13":"tag-eu","14":"tag-europe","15":"tag-faits-divers-justice","16":"tag-fil-info","17":"tag-fr","18":"tag-france","19":"tag-lyon","20":"tag-lyon-bassin","21":"tag-news","22":"tag-republique-francaise","23":"tag-rhone"},"share_on_mastodon":{"url":"https:\/\/pubeurope.com\/@fr\/115327669607022112","error":""},"_links":{"self":[{"href":"https:\/\/www.europesays.com\/fr\/wp-json\/wp\/v2\/posts\/443034","targetHints":{"allow":["GET"]}}],"collection":[{"href":"https:\/\/www.europesays.com\/fr\/wp-json\/wp\/v2\/posts"}],"about":[{"href":"https:\/\/www.europesays.com\/fr\/wp-json\/wp\/v2\/types\/post"}],"author":[{"embeddable":true,"href":"https:\/\/www.europesays.com\/fr\/wp-json\/wp\/v2\/users\/2"}],"replies":[{"embeddable":true,"href":"https:\/\/www.europesays.com\/fr\/wp-json\/wp\/v2\/comments?post=443034"}],"version-history":[{"count":0,"href":"https:\/\/www.europesays.com\/fr\/wp-json\/wp\/v2\/posts\/443034\/revisions"}],"wp:featuredmedia":[{"embeddable":true,"href":"https:\/\/www.europesays.com\/fr\/wp-json\/wp\/v2\/media\/443035"}],"wp:attachment":[{"href":"https:\/\/www.europesays.com\/fr\/wp-json\/wp\/v2\/media?parent=443034"}],"wp:term":[{"taxonomy":"category","embeddable":true,"href":"https:\/\/www.europesays.com\/fr\/wp-json\/wp\/v2\/categories?post=443034"},{"taxonomy":"post_tag","embeddable":true,"href":"https:\/\/www.europesays.com\/fr\/wp-json\/wp\/v2\/tags?post=443034"}],"curies":[{"name":"wp","href":"https:\/\/api.w.org\/{rel}","templated":true}]}}