{"id":443056,"date":"2025-10-06T14:33:12","date_gmt":"2025-10-06T14:33:12","guid":{"rendered":"https:\/\/www.europesays.com\/fr\/443056\/"},"modified":"2025-10-06T14:33:12","modified_gmt":"2025-10-06T14:33:12","slug":"lue-et-le-maroc-trouvent-un-accord-commercial-sur-le-sahara-occidental-lexpress","status":"publish","type":"post","link":"https:\/\/www.europesays.com\/fr\/443056\/","title":{"rendered":"L&rsquo;UE et le Maroc trouvent un accord commercial sur le Sahara occidental \u2013 L&rsquo;Express"},"content":{"rendered":"<p class=\"paragraph article-body-paragraph article__item   article-body-paragraph--first \">L&rsquo;Union europ\u00e9enne et <a href=\"https:\/\/www.lexpress.fr\/monde\/afrique\/karim-boukhari-letat-francais-a-un-probleme-avec-le-maroc-YIBVVMGPCVCABDHGTPXBOFF3WE\/\" target=\"_self\" rel=\"nofollow noopener\" title=\"https:\/\/www.lexpress.fr\/monde\/afrique\/karim-boukhari-letat-francais-a-un-probleme-avec-le-maroc-YIBVVMGPCVCABDHGTPXBOFF3WE\/\">le Maroc<\/a> ont trouv\u00e9 un accord commercial, qui va \u00e9galement concerner le <a href=\"https:\/\/www.lexpress.fr\/monde\/afrique\/sahara-occidental-le-maroc-en-colere-contre-un-jugement-de-la-cour-de-justice-de-lue-HQMD4ZURTNEARKS4SAFGMGUIBA\/\" target=\"_self\" rel=\"nofollow noopener\" title=\"https:\/\/www.lexpress.fr\/monde\/afrique\/sahara-occidental-le-maroc-en-colere-contre-un-jugement-de-la-cour-de-justice-de-lue-HQMD4ZURTNEARKS4SAFGMGUIBA\/\">Sahara occidental<\/a>, pour r\u00e9pondre \u00e0 une d\u00e9cision de la Cour europ\u00e9enne de justice en 2024, a annonc\u00e9 lundi 6 octobre l&rsquo;Union europ\u00e9enne (UE). Cet accord pr\u00e9voit l&rsquo;extension du traitement pr\u00e9f\u00e9rentiel en mati\u00e8re de droits de douane, accord\u00e9 par l&rsquo;UE au Maroc, au Sahara occidental, ancienne colonie espagnole presque enti\u00e8rement pass\u00e9e sous contr\u00f4le marocain.<\/p>\n<p class=\"paragraph article-body-paragraph article__item   \">Il garantit \u00e9galement que les preuves d&rsquo;origine et l&rsquo;\u00e9tiquetage des produits pr\u00e9cisent bien qu&rsquo;ils sont issus des r\u00e9gions de production situ\u00e9s au <a href=\"https:\/\/www.lexpress.fr\/monde\/afrique\/crise-avec-lalgerie-la-france-reste-ferme-sur-le-sahara-occidental-E52O7C6HCVA3JEMIQCJU3O54HM\/\" target=\"_self\" rel=\"nofollow noopener\" title=\"https:\/\/www.lexpress.fr\/monde\/afrique\/crise-avec-lalgerie-la-france-reste-ferme-sur-le-sahara-occidental-E52O7C6HCVA3JEMIQCJU3O54HM\/\">Sahara occidental<\/a>, selon un communiqu\u00e9 de l&rsquo;UE.<\/p>\n<p>Une mesure r\u00e9clam\u00e9e par la Cour de justice de l&rsquo;UE<\/p>\n<p class=\"paragraph article-body-paragraph article__item   \">Cette mesure avait \u00e9t\u00e9 r\u00e9clam\u00e9e par la Cour de justice de l&rsquo;UE dans une d\u00e9cision rendue le 4 octobre 2024. Celle-ci avait annul\u00e9 une partie des accords r\u00e9gissant les relations commerciales entre le <a href=\"https:\/\/www.lexpress.fr\/monde\/sahara-occidental-la-france-reaffirme-la-souverainete-du-maroc-en-modifiant-la-carte-du-pays-DHZOPET5FZAVFOP547HPVYKTPI\/\" target=\"_self\" rel=\"nofollow noopener\" title=\"https:\/\/www.lexpress.fr\/monde\/sahara-occidental-la-france-reaffirme-la-souverainete-du-maroc-en-modifiant-la-carte-du-pays-DHZOPET5FZAVFOP547HPVYKTPI\/\">Maroc<\/a> et l&rsquo;Union europ\u00e9enne, jugeant qu&rsquo;ils ne tenaient pas compte des droits \u00e0 l&rsquo;auto-d\u00e9termination du peuple sahraoui. Cet accord, entr\u00e9 en vigueur vendredi, doit encore \u00eatre avalis\u00e9 par le Conseil des ministres de l&rsquo;UE et par le Parlement europ\u00e9en.<\/p>\n<p><strong class=\"article-body-link-list__item text-gray-800 article-body-link-list__item--one-item\">LIRE AUSSI : <a class=\"article-body-link-list__item-link\" href=\"https:\/\/www.lexpress.fr\/monde\/sahara-occidental-la-france-reaffirme-la-souverainete-du-maroc-en-modifiant-la-carte-du-pays-DHZOPET5FZAVFOP547HPVYKTPI\/\" rel=\"nofollow noopener\" target=\"_blank\">Sahara occidental : la France r\u00e9affirme la souverainet\u00e9 du Maroc en modifiant la carte du pays<\/a><\/strong><\/p>\n<p class=\"paragraph article-body-paragraph article__item   \">Vaste \u00e9tendue d\u00e9sertique de 266 000 km2 situ\u00e9 au nord de la Mauritanie, le Sahara occidental est le dernier territoire du continent africain dont le statut post-colonial n&rsquo;est pas r\u00e9gl\u00e9 : le Maroc en contr\u00f4le plus de 80% \u00e0 l&rsquo;ouest, le <a href=\"https:\/\/www.lexpress.fr\/monde\/sahara-occidental-lavertissement-de-lalgerie-a-la-france-UUEJ6N4TFBBV5D5IKHLFHMBHVY\/\" target=\"_self\" rel=\"nofollow noopener\" title=\"https:\/\/www.lexpress.fr\/monde\/sahara-occidental-lavertissement-de-lalgerie-a-la-france-UUEJ6N4TFBBV5D5IKHLFHMBHVY\/\">Front Polisario<\/a> moins de 20% \u00e0 l&rsquo;est, le tout \u00e9tant s\u00e9par\u00e9 par un mur de sable et une zone tampon sous contr\u00f4le des Casques bleus de l&rsquo;ONU.<\/p>\n<p class=\"paragraph article-body-paragraph article__item    article__text__endpicto\">Fin 2020, les Etats-Unis de Donald Trump avaient reconnu la <a href=\"https:\/\/www.lexpress.fr\/monde\/sahara-occidental-la-france-reitere-son-soutien-clair-et-constant-au-plan-marocain-ZW7LKG2FGNBOFEOPCDZXZDS2GY\/\" target=\"_self\" rel=\"nofollow noopener\" title=\"https:\/\/www.lexpress.fr\/monde\/sahara-occidental-la-france-reitere-son-soutien-clair-et-constant-au-plan-marocain-ZW7LKG2FGNBOFEOPCDZXZDS2GY\/\">souverainet\u00e9 marocaine<\/a> sur l&rsquo;ancienne colonie espagnole, brisant le consensus international sur le statut actuel du territoire disput\u00e9.<\/p>\n","protected":false},"excerpt":{"rendered":"L&rsquo;Union europ\u00e9enne et le Maroc ont trouv\u00e9 un accord commercial, qui va \u00e9galement concerner le Sahara occidental, pour&hellip;\n","protected":false},"author":2,"featured_media":443057,"comment_status":"","ping_status":"","sticky":false,"template":"","format":"standard","meta":{"footnotes":""},"categories":[1586],"tags":[11,879,1777,674,1011,27,74,12,25],"class_list":{"0":"post-443056","1":"post","2":"type-post","3":"status-publish","4":"format-standard","5":"has-post-thumbnail","7":"category-europe","8":"tag-actualites","9":"tag-afrique","10":"tag-eu","11":"tag-europe","12":"tag-fr","13":"tag-france","14":"tag-monde","15":"tag-news","16":"tag-republique-francaise"},"share_on_mastodon":{"url":"https:\/\/pubeurope.com\/@fr\/115327716892379759","error":""},"_links":{"self":[{"href":"https:\/\/www.europesays.com\/fr\/wp-json\/wp\/v2\/posts\/443056","targetHints":{"allow":["GET"]}}],"collection":[{"href":"https:\/\/www.europesays.com\/fr\/wp-json\/wp\/v2\/posts"}],"about":[{"href":"https:\/\/www.europesays.com\/fr\/wp-json\/wp\/v2\/types\/post"}],"author":[{"embeddable":true,"href":"https:\/\/www.europesays.com\/fr\/wp-json\/wp\/v2\/users\/2"}],"replies":[{"embeddable":true,"href":"https:\/\/www.europesays.com\/fr\/wp-json\/wp\/v2\/comments?post=443056"}],"version-history":[{"count":0,"href":"https:\/\/www.europesays.com\/fr\/wp-json\/wp\/v2\/posts\/443056\/revisions"}],"wp:featuredmedia":[{"embeddable":true,"href":"https:\/\/www.europesays.com\/fr\/wp-json\/wp\/v2\/media\/443057"}],"wp:attachment":[{"href":"https:\/\/www.europesays.com\/fr\/wp-json\/wp\/v2\/media?parent=443056"}],"wp:term":[{"taxonomy":"category","embeddable":true,"href":"https:\/\/www.europesays.com\/fr\/wp-json\/wp\/v2\/categories?post=443056"},{"taxonomy":"post_tag","embeddable":true,"href":"https:\/\/www.europesays.com\/fr\/wp-json\/wp\/v2\/tags?post=443056"}],"curies":[{"name":"wp","href":"https:\/\/api.w.org\/{rel}","templated":true}]}}