{"id":443066,"date":"2025-10-06T14:43:10","date_gmt":"2025-10-06T14:43:10","guid":{"rendered":"https:\/\/www.europesays.com\/fr\/443066\/"},"modified":"2025-10-06T14:43:10","modified_gmt":"2025-10-06T14:43:10","slug":"motogp-jorge-martin-debute-sa-reeducation-en-autriche","status":"publish","type":"post","link":"https:\/\/www.europesays.com\/fr\/443066\/","title":{"rendered":"MotoGP, Jorge Mart\u00edn d\u00e9bute sa r\u00e9\u00e9ducation en Autriche"},"content":{"rendered":"<p>Bless\u00e9 \u00e0 la clavicule droite apr\u00e8s une chute lors du Sprint du Grand Prix du Japon, Jorge Mart\u00edn est rentr\u00e9 en Espagne dans le but de se faire op\u00e9rer. Quelques jours plus tard, et apr\u00e8s avoir manqu\u00e9 une autre \u00e9preuve du calendrier, en Indon\u00e9sie, l\u2019Espagnol d\u00e9bute sa r\u00e9\u00e9ducation.<\/p>\n<p>Comme annonc\u00e9 par Aprilia ce lundi matin, le n\u00b01 s\u2019est envol\u00e9 vers l\u2019Autriche, o\u00f9 il s\u00e9journera au centre de performance des athl\u00e8tes de <a href=\"https:\/\/www.autohebdo.fr\/actualites\/ecurie\/red-bull-racing\" data-internallinksmanager029f6b8e52c=\"78\" title=\"Ecurie F1 Red Bull Racing\" rel=\"nofollow noopener\" target=\"_blank\">Red Bull<\/a>, pour entamer un programme intensif de remise en forme. Un centre d\u2019entra\u00eenement \u00e9quip\u00e9 des derni\u00e8res technologies, o\u00f9 les athl\u00e8tes sponsoris\u00e9s par la marque de boisson \u00e9nergisante sont plac\u00e9s dans les meilleures conditions pour travailler sur leurs objectifs.<\/p>\n<p>Marc M\u00e1rquez \u00e9tait lui aussi pass\u00e9 par le centre apr\u00e8s les nombreuses blessures qu\u2019il a subies au d\u00e9but de la d\u00e9cennie. Plus r\u00e9cemment, il s\u2019y \u00e9tait rendu dans le but de pr\u00e9parer sa saison 2023 de <a href=\"https:\/\/www.autohebdo.fr\/actualites\/motogp\" data-internallinksmanager029f6b8e52c=\"4\" title=\"MotoGP\" rel=\"nofollow noopener\" target=\"_blank\">MotoGP<\/a>. La derni\u00e8re qu\u2019il a disput\u00e9 avec Honda. Il n\u2019est toutefois plus encadr\u00e9 par Red Bull depuis son transfert chez Ducati, sponsoris\u00e9 par un concurrent direct.<\/p>\n<\/p>\n<p>\u00a0<\/p>\n<p>Malgr\u00e9 la motivation du champion du monde 2024, pour revenir le plus vite possible, on sait d\u00e9j\u00e0 qu\u2019il devra faire une croix sur le Grand Prix d\u2019Australie, qui aura lieu le week-end du 19 octobre, \u00e0 Phillip Island. L\u2019\u00e9ch\u00e9ance suivante sera le Grand Prix de Malaisie, \u00e0 Sepang. Ce dernier est programm\u00e9 une semaine plus tard, du 24 au 26 octobre. Il restera alors trois manches \u00e0 disputer avant la cl\u00f4ture du championnat.<\/p>\n<p><strong>\u00c0 LIRE AUSSI &gt;\u00a0<a href=\"https:\/\/www.autohebdo.fr\/actualites\/motogp\/johann-zarco-motogp-indonesie-probleme-embrayage.html\" rel=\"nofollow noopener\" target=\"_blank\">Johann Zarco victime d\u2019un probl\u00e8me d\u2019embrayage en Indon\u00e9sie<\/a><\/strong><\/p>\n","protected":false},"excerpt":{"rendered":"Bless\u00e9 \u00e0 la clavicule droite apr\u00e8s une chute lors du Sprint du Grand Prix du Japon, Jorge Mart\u00edn&hellip;\n","protected":false},"author":2,"featured_media":442845,"comment_status":"","ping_status":"","sticky":false,"template":"","format":"standard","meta":{"footnotes":""},"categories":[1413],"tags":[1011,27,1457,1456,60],"class_list":{"0":"post-443066","1":"post","2":"type-post","3":"status-publish","4":"format-standard","5":"has-post-thumbnail","7":"category-moto","8":"tag-fr","9":"tag-france","10":"tag-moto","11":"tag-motocycle","12":"tag-sports"},"share_on_mastodon":{"url":"https:\/\/pubeurope.com\/@fr\/115327756144523117","error":""},"_links":{"self":[{"href":"https:\/\/www.europesays.com\/fr\/wp-json\/wp\/v2\/posts\/443066","targetHints":{"allow":["GET"]}}],"collection":[{"href":"https:\/\/www.europesays.com\/fr\/wp-json\/wp\/v2\/posts"}],"about":[{"href":"https:\/\/www.europesays.com\/fr\/wp-json\/wp\/v2\/types\/post"}],"author":[{"embeddable":true,"href":"https:\/\/www.europesays.com\/fr\/wp-json\/wp\/v2\/users\/2"}],"replies":[{"embeddable":true,"href":"https:\/\/www.europesays.com\/fr\/wp-json\/wp\/v2\/comments?post=443066"}],"version-history":[{"count":0,"href":"https:\/\/www.europesays.com\/fr\/wp-json\/wp\/v2\/posts\/443066\/revisions"}],"wp:featuredmedia":[{"embeddable":true,"href":"https:\/\/www.europesays.com\/fr\/wp-json\/wp\/v2\/media\/442845"}],"wp:attachment":[{"href":"https:\/\/www.europesays.com\/fr\/wp-json\/wp\/v2\/media?parent=443066"}],"wp:term":[{"taxonomy":"category","embeddable":true,"href":"https:\/\/www.europesays.com\/fr\/wp-json\/wp\/v2\/categories?post=443066"},{"taxonomy":"post_tag","embeddable":true,"href":"https:\/\/www.europesays.com\/fr\/wp-json\/wp\/v2\/tags?post=443066"}],"curies":[{"name":"wp","href":"https:\/\/api.w.org\/{rel}","templated":true}]}}