{"id":443067,"date":"2025-10-06T14:44:12","date_gmt":"2025-10-06T14:44:12","guid":{"rendered":"https:\/\/www.europesays.com\/fr\/443067\/"},"modified":"2025-10-06T14:44:12","modified_gmt":"2025-10-06T14:44:12","slug":"le-desarroi-de-leclerc-a-singapour-ferrari-reste-bloquee-pas-la-moindre-solution-a-lhorizon","status":"publish","type":"post","link":"https:\/\/www.europesays.com\/fr\/443067\/","title":{"rendered":"Le d\u00e9sarroi de Leclerc \u00e0 Singapour : Ferrari reste bloqu\u00e9e, pas la moindre solution \u00e0 l\u2019horizon\u00a0"},"content":{"rendered":"<p>Charles Leclerc se montre impuissant face \u00e0 une monoplace qui refuse de progresser<br \/>Aucune nouveaut\u00e9 majeure, aucun espoir de relance concr\u00e8te<br \/>La Scuderia attend toujours le d\u00e9clic pour refaire surface<\/p>\n<p>Vous avez senti, vous aussi, cette frustration sourde pendant le Grand Prix de Singapour ?<br \/>Charles Leclerc, coinc\u00e9 derri\u00e8re son volant, incapable d\u2019attaquer, oblig\u00e9 de lever le pied dans les lignes droites. Moi, franchement, je ne supporte plus de le voir subir comme \u00e7a. On est Ferrari, bon sang !\u00a0<\/p>\n<p>Le probl\u00e8me ? Toujours le m\u00eame : la voiture chauffe, elle consomme trop, elle ne permet m\u00eame plus de se battre. Pire : Leclerc avoue qu\u2019il ne voit\u00a0<b>aucune solution<\/b>\u00a0\u00e0 court terme. Vous imaginez ? Un pilote de F1 qui vous dit en clair : \u201cOn n\u2019a rien pour avancer\u201d.\u00a0<\/p>\n<p>Et ce n\u2019est pas juste une course rat\u00e9e. C\u2019est un vrai blocage, une impasse technique et mentale. La voiture est perdue, les ing\u00e9nieurs t\u00e2tonnent, et Leclerc, lui, commence s\u00e9rieusement \u00e0 perdre patience. Et on le comprend.\u00a0<\/p>\n<p>Une SF\u201125 qui souffre\u2026 encore et toujours<\/p>\n<p>Honn\u00eatement, \u00e7a fait combien de temps qu\u2019on tra\u00eene les m\u00eames casseroles ? \u00c0 Singapour, c\u2019\u00e9tait criant : Charles Leclerc et Lewis Hamilton ont tous\u00a0deux \u00e9t\u00e9\u00a0forc\u00e9s de faire du\u00a0<b>lift and\u00a0coast<\/b>\u00a0du premier au dernier tour. Autrement dit, lever le pied bien avant le freinage pour \u00e9viter que la voiture n\u2019explose\u2026 On est loin du pilotage \u00e0 la limite, c\u2019est du baby-sitting m\u00e9canique.\u00a0<\/p>\n<p><img fetchpriority=\"high\" decoding=\"async\" class=\"size-full wp-image-49659 webpexpress-processed\" src=\"data:image\/svg+xml,%3Csvg%20xmlns=\" http:=\"\" alt=\"\u00c9tincelles sous la Ferrari SF-25 en sortie de virage sur un vibreur en pleine course\" width=\"1200\" height=\"800\" data-lazy- data-lazy- data-lazy-src=\"https:\/\/www.europesays.com\/fr\/wp-content\/uploads\/2025\/10\/ferrari-sf-25-1.png\"\/>La SF-25 crache des \u00e9tincelles\u2026 mais pas de performance : l\u2019arri\u00e8re reste instable, la voiture impr\u00e9visible<br \/>\u00a9 Scuderia Ferrari \/ Formula 1<\/p>\n<p>Leclerc n\u2019a jamais pu attaquer. Jamais. Et pendant ce temps-l\u00e0, Red Bull revient \u00e0 l\u2019avant, Mercedes affine sa strat\u00e9gie, et Ferrari ? Elle g\u00e8re les d\u00e9g\u00e2ts. Pas un tour o\u00f9 la voiture a \u00e9t\u00e9 \u201clib\u00e9r\u00e9e\u201d, pas un instant o\u00f9 l\u2019on a senti un regain de combativit\u00e9. Personnellement, \u00e7a me rend fou de voir une monoplace brid\u00e9e \u00e0 ce point sur un circuit aussi exigeant que Marina Bay.\u00a0<\/p>\n<p>C\u2019est \u00e7a, le vrai souci : cette voiture est devenue impr\u00e9visible, incontr\u00f4lable, fragile. Et en Formule 1, quand tu ne peux m\u00eame pas pousser \u00e0 100%, c\u2019est que\u00a0t\u2019es\u00a0d\u00e9j\u00e0 hors-jeu.\u00a0<\/p>\n<p>Leclerc : \u201cJe voudrais \u00eatre optimiste, mais\u2026\u201d<\/p>\n<p>Et l\u00e0, tenez-vous bien : apr\u00e8s la course, Charles Leclerc a l\u00e2ch\u00e9 une phrase qui en dit long.\u00a0<b>\u201cJe voudrais \u00eatre optimiste, mais je ne vois rien qui nous permette de faire un pas en avant.\u201d<\/b><br \/>Boom. On ne peut pas faire plus clair.\u00a0<\/p>\n<p>Il l\u2019admet : au d\u00e9but de la saison, on pensait que Ferrari progressait. Mais pendant ce temps, les autres ont fait deux fois plus de chemin. Red Bull ? Intouchable \u00e0 nouveau. Mercedes ? De retour aux avant-postes. Et Ferrari ? Coinc\u00e9e dans les m\u00eames gal\u00e8res a\u00e9rodynamiques, les m\u00eames probl\u00e8mes de gestion moteur, les m\u00eames erreurs strat\u00e9giques.\u00a0<\/p>\n<p>Ce que j\u2019admire chez Leclerc, c\u2019est qu\u2019il garde la t\u00eate haute malgr\u00e9 tout. Mais l\u00e0, franchement, on le sent \u00e0 bout. Ce n\u2019est pas de la mauvaise volont\u00e9, c\u2019est juste un pilote qui constate, impuissant, que sa machine ne suit plus. Et \u00e7a, c\u2019est dur \u00e0 avaler pour n\u2019importe quel fan rouge passionn\u00e9.\u00a0<\/p>\n<p>Aucune nouveaut\u00e9, aucun miracle \u00e0 venir\u00a0<\/p>\n<p>Et ne comptez pas sur un miracle d\u2019ici la fin de saison. Ferrari\u00a0<b>n\u2019a aucune \u00e9volution majeure pr\u00e9vue<\/b>\u00a0sur la SF-25. Aucun changement fondamental, aucune pi\u00e8ce miracle. Rien. Nada.\u00a0<\/p>\n<p>Et pendant ce temps-l\u00e0, Red Bull continue d\u2019apporter des ajustements, Mercedes affine son concept, McLaren explose tout en rythme de course. Ferrari, elle, semble fig\u00e9e. Comme si l\u2019\u00e9curie avait perdu le mode d\u2019emploi de sa propre voiture. Et \u00e7a, franchement, c\u2019est ce qui me sid\u00e8re le plus : comment une \u00e9quipe aussi mythique peut-elle se retrouver aussi perdue techniquement ?\u00a0<\/p>\n<p>\u00c0 \u00e9couter Leclerc, m\u00eame les r\u00e9unions d\u2019ing\u00e9nierie tournent en rond. Aucune des id\u00e9es test\u00e9es ne donne de r\u00e9sultats fiables. Et sans changement de cap clair, cette stagnation risque bien de durer jusqu\u2019en 2026\u2026\u00a0<\/p>\n<p>Et maintenant ? Six courses sans relance annonc\u00e9e<\/p>\n<p>La saison n\u2019est pas finie, mais c\u00f4t\u00e9 Ferrari, on dirait presque que si. Il reste\u00a0<b>six courses<\/b>, six occasions de redresser la barre. Mais avec une voiture aussi capricieuse, comment esp\u00e9rer jouer devant ? M\u00eame un podium semble devenu un exploit.\u00a0<\/p>\n<p>Leclerc, on le sent d\u00e9sabus\u00e9. Carlos Sainz ? Invisible \u00e0 Singapour, alors qu\u2019il avait \u00e9t\u00e9 le h\u00e9ros de Monza. C\u2019est \u00e7a le souci : aucune continuit\u00e9, aucune base solide. Chaque course est un pari \u00e0 pile ou face, et franchement, c\u2019est plus du haut niveau, c\u2019est de la loterie.\u00a0<\/p>\n<p>Moi, j\u2019ai envie d\u2019y croire. Mais pas aveugl\u00e9ment. Ferrari doit se ressaisir. Doit revoir sa copie. Et surtout, doit redonner \u00e0 ses pilotes une voiture digne de ce nom. Parce que sinon, les fans \u2014 comme moi, comme vous \u2014 risquent de d\u00e9crocher, lass\u00e9s de regarder une l\u00e9gende sombrer dans l\u2019impuissance.\u00a0<\/p>\n<p>\u00a0<\/p>\n<p>En tant que jeune m\u00e9dia ind\u00e9pendant, Mon Auto Neuve a besoin de votre aide. Soutenez-nous en nous suivant et en nous ajoutant \u00e0 vos favoris sur Google News. Merci !<\/p>\n<p><a href=\"https:\/\/news.google.com\/publications\/CAAqKggKIiRDQklTRlFnTWFoRUtEMjF2Ym1GMWRHOXVaWFYyWlM1bWNpZ0FQAQ?hl=fr&amp;gl=FR&amp;ceid=FR%3Afr\" target=\"_blank\" rel=\"external noopener\">Suivez-nous sur Google News <\/a><\/p>\n","protected":false},"excerpt":{"rendered":"Charles Leclerc se montre impuissant face \u00e0 une monoplace qui refuse de progresserAucune nouveaut\u00e9 majeure, aucun espoir de&hellip;\n","protected":false},"author":2,"featured_media":443068,"comment_status":"","ping_status":"","sticky":false,"template":"","format":"standard","meta":{"footnotes":""},"categories":[1412],"tags":[1451,1452,1453,1454,1455,1011,27,60],"class_list":{"0":"post-443067","1":"post","2":"type-post","3":"status-publish","4":"format-standard","5":"has-post-thumbnail","7":"category-f1","8":"tag-f1","9":"tag-formula-1","10":"tag-formula1","11":"tag-formule-1","12":"tag-formule1","13":"tag-fr","14":"tag-france","15":"tag-sports"},"share_on_mastodon":{"url":"https:\/\/pubeurope.com\/@fr\/115327760052894218","error":""},"_links":{"self":[{"href":"https:\/\/www.europesays.com\/fr\/wp-json\/wp\/v2\/posts\/443067","targetHints":{"allow":["GET"]}}],"collection":[{"href":"https:\/\/www.europesays.com\/fr\/wp-json\/wp\/v2\/posts"}],"about":[{"href":"https:\/\/www.europesays.com\/fr\/wp-json\/wp\/v2\/types\/post"}],"author":[{"embeddable":true,"href":"https:\/\/www.europesays.com\/fr\/wp-json\/wp\/v2\/users\/2"}],"replies":[{"embeddable":true,"href":"https:\/\/www.europesays.com\/fr\/wp-json\/wp\/v2\/comments?post=443067"}],"version-history":[{"count":0,"href":"https:\/\/www.europesays.com\/fr\/wp-json\/wp\/v2\/posts\/443067\/revisions"}],"wp:featuredmedia":[{"embeddable":true,"href":"https:\/\/www.europesays.com\/fr\/wp-json\/wp\/v2\/media\/443068"}],"wp:attachment":[{"href":"https:\/\/www.europesays.com\/fr\/wp-json\/wp\/v2\/media?parent=443067"}],"wp:term":[{"taxonomy":"category","embeddable":true,"href":"https:\/\/www.europesays.com\/fr\/wp-json\/wp\/v2\/categories?post=443067"},{"taxonomy":"post_tag","embeddable":true,"href":"https:\/\/www.europesays.com\/fr\/wp-json\/wp\/v2\/tags?post=443067"}],"curies":[{"name":"wp","href":"https:\/\/api.w.org\/{rel}","templated":true}]}}