{"id":443070,"date":"2025-10-06T14:47:12","date_gmt":"2025-10-06T14:47:12","guid":{"rendered":"https:\/\/www.europesays.com\/fr\/443070\/"},"modified":"2025-10-06T14:47:12","modified_gmt":"2025-10-06T14:47:12","slug":"depardieu-reclame-la-condamnation-de-complement-denquete-qui-la-tue-professionnellement","status":"publish","type":"post","link":"https:\/\/www.europesays.com\/fr\/443070\/","title":{"rendered":"Depardieu r\u00e9clame la condamnation de \u00ab\u00a0Compl\u00e9ment d\u2019Enqu\u00eate\u00a0\u00bb qui l\u2019a \u00ab\u00a0tu\u00e9 professionnellement\u00a0\u00bb"},"content":{"rendered":"<p>Devant le tribunal correctionnel de Paris, l\u2019avocat de <a href=\"https:\/\/www.20minutes.fr\/cinema\/gerard_depardieu\/\" target=\"_blank\" class=\"c-link c-link--is-underlined\" rel=\"noopener\">G\u00e9rard Depardieu<\/a> a accus\u00e9 jeudi <a href=\"https:\/\/www.20minutes.fr\/justice\/4176589-20251002-affaire-gerard-depardieu-acteur-attaque-numero-complement-enquete-accelere-chute\" target=\"_blank\" class=\"c-link c-link--is-underlined\" rel=\"noopener\">Compl\u00e9ment d\u2019Enqu\u00eate<\/a> d\u2019avoir manipul\u00e9 des images \u00e0 l\u2019origine de la chute de l\u2019acteur. Me J\u00e9r\u00e9mie Assous estime que le documentaire diffus\u00e9 en d\u00e9cembre\u00a02023 sur <a href=\"https:\/\/www.20minutes.fr\/television\/france_2\/\" target=\"_blank\" class=\"c-link c-link--is-underlined\" rel=\"noopener\">France 2<\/a> a \u00ab\u00a0tu\u00e9\u00a0\u00bb la carri\u00e8re de son client en le pr\u00e9sentant \u00e0 tort comme un homme sexualisant une fillette. \u00ab\u00a0Les journalistes ont truqu\u00e9, tronqu\u00e9, afin d\u2019obtenir un effet sensationnel\u00a0\u00bb, a-t-il fustig\u00e9, parlant d\u2019une \u00ab\u00a0d\u00e9loyaut\u00e9 absolue\u00a0\u00bb.<\/p>\n<p>La controverse porte sur une s\u00e9quence tourn\u00e9e en\u00a02018 en <a href=\"https:\/\/www.20minutes.fr\/monde\/coree_du_nord\/\" target=\"_blank\" class=\"c-link c-link--is-underlined\" rel=\"noopener\">Cor\u00e9e du Nord<\/a>, montrant Depardieu tenir des propos graveleux alors qu\u2019une enfant \u00e0 cheval appara\u00eet \u00e0 l\u2019\u00e9cran. Pour la d\u00e9fense, ces paroles visaient en r\u00e9alit\u00e9 une femme adulte absente du champ. Les avocats de l\u2019acteur et de l\u2019\u00e9crivain <a href=\"https:\/\/www.20minutes.fr\/dossier\/yann_moix\" target=\"_blank\" class=\"c-link c-link--is-underlined\" rel=\"noopener\">Yann Moix<\/a>, \u00e9galement concern\u00e9, demandent que la justice puisse acc\u00e9der \u00e0 l\u2019int\u00e9gralit\u00e9 des rushs, ce que <a href=\"https:\/\/www.20minutes.fr\/television\/france_televisions\/\" target=\"_blank\" class=\"c-link c-link--is-underlined\" rel=\"noopener\">France T\u00e9l\u00e9visions<\/a> et la soci\u00e9t\u00e9 Hikari refusent, invoquant la protection des sources et des personnes film\u00e9es.<\/p>\n<\/p>\n<p>Il \u00ab\u00a0s\u2019est tu\u00e9 lui-m\u00eame en se laissant filmer\u00a0\u00bb<\/p>\n<p>Face aux accusations, le pr\u00e9sentateur Tristan Waleckx a r\u00e9pondu que G\u00e9rard Depardieu s\u2019\u00e9tait lui-m\u00eame expos\u00e9\u00a0: \u00ab\u00a0C\u2019est G\u00e9rard Depardieu qui s\u2019est tu\u00e9 lui-m\u00eame en se laissant filmer\u00a0\u00bb, a-t-il r\u00e9pliqu\u00e9, d\u00e9fendant un montage \u00ab\u00a0honn\u00eate\u00a0\u00bb et fid\u00e8le aux faits. Le r\u00e9alisateur Damien Fleurette assure de son c\u00f4t\u00e9 avoir respect\u00e9 la r\u00e9alit\u00e9 des images\u00a0: \u00ab\u00a0J\u2019ai fait un montage absolument fid\u00e8le.\u00a0\u00bb<\/p>\n<p><a href=\"https:\/\/www.20minutes.fr\/cinema\/gerard_depardieu\/\" target=\"_blank\" class=\"c-link c-btn c-btn--primary\" rel=\"noopener\">Tous nos articles sur G\u00e9rard Depardieu<\/a><\/p>\n<p>Les avocats de l\u2019acteur avancent par ailleurs que ces propos auraient \u00e9t\u00e9 tenus dans le cadre d\u2019un projet de fiction dirig\u00e9 par Yann Moix, o\u00f9 G\u00e9rard Depardieu jouait son propre r\u00f4le. Une version que la d\u00e9fense juge \u00ab\u00a0cr\u00e9dible\u00a0\u00bb.<\/p>\n","protected":false},"excerpt":{"rendered":"Devant le tribunal correctionnel de Paris, l\u2019avocat de G\u00e9rard Depardieu a accus\u00e9 jeudi Compl\u00e9ment d\u2019Enqu\u00eate d\u2019avoir manipul\u00e9 des&hellip;\n","protected":false},"author":2,"featured_media":443071,"comment_status":"","ping_status":"","sticky":false,"template":"","format":"standard","meta":{"footnotes":""},"categories":[1359],"tags":[47,28240,13987,58,59,1011,27,2400,594,302,303,973,2694,45622],"class_list":{"0":"post-443070","1":"post","2":"type-post","3":"status-publish","4":"format-standard","5":"has-post-thumbnail","7":"category-people","8":"tag-actualite","9":"tag-complement-denquete","10":"tag-coree-du-nord","11":"tag-divertissement","12":"tag-entertainment","13":"tag-fr","14":"tag-france","15":"tag-france-televisions","16":"tag-france-2","17":"tag-gerard-depardieu","18":"tag-justice","19":"tag-people","20":"tag-proces","21":"tag-yann-moix"},"share_on_mastodon":{"url":"https:\/\/pubeurope.com\/@fr\/115327771760854794","error":""},"_links":{"self":[{"href":"https:\/\/www.europesays.com\/fr\/wp-json\/wp\/v2\/posts\/443070","targetHints":{"allow":["GET"]}}],"collection":[{"href":"https:\/\/www.europesays.com\/fr\/wp-json\/wp\/v2\/posts"}],"about":[{"href":"https:\/\/www.europesays.com\/fr\/wp-json\/wp\/v2\/types\/post"}],"author":[{"embeddable":true,"href":"https:\/\/www.europesays.com\/fr\/wp-json\/wp\/v2\/users\/2"}],"replies":[{"embeddable":true,"href":"https:\/\/www.europesays.com\/fr\/wp-json\/wp\/v2\/comments?post=443070"}],"version-history":[{"count":0,"href":"https:\/\/www.europesays.com\/fr\/wp-json\/wp\/v2\/posts\/443070\/revisions"}],"wp:featuredmedia":[{"embeddable":true,"href":"https:\/\/www.europesays.com\/fr\/wp-json\/wp\/v2\/media\/443071"}],"wp:attachment":[{"href":"https:\/\/www.europesays.com\/fr\/wp-json\/wp\/v2\/media?parent=443070"}],"wp:term":[{"taxonomy":"category","embeddable":true,"href":"https:\/\/www.europesays.com\/fr\/wp-json\/wp\/v2\/categories?post=443070"},{"taxonomy":"post_tag","embeddable":true,"href":"https:\/\/www.europesays.com\/fr\/wp-json\/wp\/v2\/tags?post=443070"}],"curies":[{"name":"wp","href":"https:\/\/api.w.org\/{rel}","templated":true}]}}