{"id":443092,"date":"2025-10-06T15:01:11","date_gmt":"2025-10-06T15:01:11","guid":{"rendered":"https:\/\/www.europesays.com\/fr\/443092\/"},"modified":"2025-10-06T15:01:11","modified_gmt":"2025-10-06T15:01:11","slug":"a-villars-plus-de-110-foyers-alimentes-en-electricite-grace-a-un-parking","status":"publish","type":"post","link":"https:\/\/www.europesays.com\/fr\/443092\/","title":{"rendered":"A Villars, plus de 110 foyers aliment\u00e9s en \u00e9lectricit\u00e9 gr\u00e2ce \u00e0 un parking"},"content":{"rendered":"<p class=\"is-style-chapo\">Fin ao\u00fbt, un nouveau parking de 66 places \u00e9tait inaugur\u00e9 \u00e0 l\u2019espace Beaunier \u00e0 Villars. Loin de solutionner la probl\u00e9matique de stationnement de la commune, il s\u2019agit surtout d\u2019un partenariat entre le Syndicat intercommunal d\u2019\u00e9nergie de la Loire et la municipalit\u00e9. Celui-ci a permis de financer des ombri\u00e8res solaires pour produire de l\u2019\u00e9nergie\u2026<\/p>\n<p><img fetchpriority=\"high\" decoding=\"async\" width=\"1024\" height=\"576\" src=\"https:\/\/www.europesays.com\/fr\/wp-content\/uploads\/2025\/10\/IMG_2912-1-1024x576.jpg\" alt=\"\" class=\"wp-image-80689\"  \/>\u00a9JT\/ If Saint-Etienne<\/p>\n<p>Il s\u2019agit de la premi\u00e8re inauguration d\u2019am\u00e9nagement sur l\u2019espace Beaunier \u00e0 <a href=\"https:\/\/www.if-saint-etienne.fr\/politique-societe\/villars-a-la-boutonne-la-justice-a-tranche\" target=\"_blank\" rel=\"noreferrer noopener\">Villars<\/a>. \u00ab\u00a0C\u2019est un tout nouveau parking public paysag\u00e9 au c\u0153ur d\u2019un territoire en pleine transformation, a d\u00e9clar\u00e9 Jordan Da Silva, maire de Villars, lors de l\u2019inauguration de ce nouvel \u00e9quipement, fin ao\u00fbt. L\u2019espace Beaunier n\u2019est pas un simple am\u00e9nagement public, il s\u2019agit d\u2019un projet au long cours qui occupe les \u00e9quipes depuis 2007\u00a0\u00bb. \u00a0Ici, il a en effet fallu acqu\u00e9rir, d\u00e9polluer, d\u00e9molir, et reconstruire\u2026Parmi les diff\u00e9rents projets, ce tout nouveau parking de 66 places, dont 54 sont abrit\u00e9es sous des ombri\u00e8res photovolta\u00efques, qui a vu le jour gr\u00e2ce \u00e0 une collaboration.<\/p>\n<p>113 foyers aliment\u00e9s en \u00e9lectricit\u00e9<\/p>\n<p>Depuis 2023, la commune de Villars a r\u00e9cup\u00e9r\u00e9 une ma\u00eetrise totale du foncier sur l\u2019ensemble de l\u2019espace Beaunier, afin d\u2019\u00eatre dans une logique d\u2019am\u00e9nagement t\u00e8nement par t\u00e8nement et d\u2019assurer la coh\u00e9rence du quartier. \u00ab\u00a0L\u2019objectif premier de cette r\u00e9alisation est de cr\u00e9er du stationnement \u00e0 c\u00f4t\u00e9 de ce nouveau quartier, ainsi que pour les habitants de la rue du Jeu de boules, qui manquent de places, a indiqu\u00e9 le maire. Sans le Siel qui a financ\u00e9 cet \u00e9quipement, il n\u2019aurait pas pu voir le jour\u00a0\u00bb.<\/p>\n<p>Ce qui fait la particularit\u00e9 de ce projet, ce sont ses 525 panneaux photovolta\u00efques, qui devraient produire chaque ann\u00e9e l\u2019\u00e9quivalent de la consommation \u00e9lectrique d\u2019environ 113 foyers, soit 32 % de la consommation actuelle de Villars. Au total, la Ville a investi 420 000 euros, dont 72 % de subventions de l\u2019Etat, via l\u2019Agence de l\u2019eau et le fonds vert. De son c\u00f4t\u00e9, le Syndicat intercommunal d\u2019\u00e9nergie de la Loire a investi 514 000 euros. Les panneaux appartiendront ainsi au <a href=\"https:\/\/www.te42.fr\/\" target=\"_blank\" rel=\"noreferrer noopener\">Siel-TE<\/a> pendant 30, qui pourra ainsi vendre la production d\u2019\u00e9lectricit\u00e9. \u00ab\u00a0Puis, dans 30 ans, Villars choisira de vendre cette \u00e9nergie ou de se r\u00e9engager avec le SieL\u00a0\u00bb, d\u00e9taillait son repr\u00e9sentant, Michel Gandilhon.<\/p>\n","protected":false},"excerpt":{"rendered":"Fin ao\u00fbt, un nouveau parking de 66 places \u00e9tait inaugur\u00e9 \u00e0 l\u2019espace Beaunier \u00e0 Villars. Loin de solutionner&hellip;\n","protected":false},"author":2,"featured_media":443093,"comment_status":"","ping_status":"","sticky":false,"template":"","format":"standard","meta":{"footnotes":""},"categories":[9653],"tags":[1111,11,2430,16350,1777,674,1011,27,16353,12,25,4001,56943,10246,16355],"class_list":{"0":"post-443092","1":"post","2":"type-post","3":"status-publish","4":"format-standard","5":"has-post-thumbnail","7":"category-saint-etienne","8":"tag-actu","9":"tag-actualites","10":"tag-auvergne-rhone-alpes","11":"tag-constructif","12":"tag-eu","13":"tag-europe","14":"tag-fr","15":"tag-france","16":"tag-jordan-da-silva","17":"tag-news","18":"tag-republique-francaise","19":"tag-saint-etienne","20":"tag-siel-loire-energie","21":"tag-villars","22":"tag-ville-de-villars"},"share_on_mastodon":{"url":"https:\/\/pubeurope.com\/@fr\/115327827423230977","error":""},"_links":{"self":[{"href":"https:\/\/www.europesays.com\/fr\/wp-json\/wp\/v2\/posts\/443092","targetHints":{"allow":["GET"]}}],"collection":[{"href":"https:\/\/www.europesays.com\/fr\/wp-json\/wp\/v2\/posts"}],"about":[{"href":"https:\/\/www.europesays.com\/fr\/wp-json\/wp\/v2\/types\/post"}],"author":[{"embeddable":true,"href":"https:\/\/www.europesays.com\/fr\/wp-json\/wp\/v2\/users\/2"}],"replies":[{"embeddable":true,"href":"https:\/\/www.europesays.com\/fr\/wp-json\/wp\/v2\/comments?post=443092"}],"version-history":[{"count":0,"href":"https:\/\/www.europesays.com\/fr\/wp-json\/wp\/v2\/posts\/443092\/revisions"}],"wp:featuredmedia":[{"embeddable":true,"href":"https:\/\/www.europesays.com\/fr\/wp-json\/wp\/v2\/media\/443093"}],"wp:attachment":[{"href":"https:\/\/www.europesays.com\/fr\/wp-json\/wp\/v2\/media?parent=443092"}],"wp:term":[{"taxonomy":"category","embeddable":true,"href":"https:\/\/www.europesays.com\/fr\/wp-json\/wp\/v2\/categories?post=443092"},{"taxonomy":"post_tag","embeddable":true,"href":"https:\/\/www.europesays.com\/fr\/wp-json\/wp\/v2\/tags?post=443092"}],"curies":[{"name":"wp","href":"https:\/\/api.w.org\/{rel}","templated":true}]}}