{"id":443094,"date":"2025-10-06T15:02:14","date_gmt":"2025-10-06T15:02:14","guid":{"rendered":"https:\/\/www.europesays.com\/fr\/443094\/"},"modified":"2025-10-06T15:02:14","modified_gmt":"2025-10-06T15:02:14","slug":"saint-etienne-ivre-il-roule-sur-les-voies-du-tram-grille-un-feu-rouge-et-prend-un-sens-interdit","status":"publish","type":"post","link":"https:\/\/www.europesays.com\/fr\/443094\/","title":{"rendered":"Saint-\u00c9tienne. Ivre, il roule sur les voies du tram, grille un feu rouge et prend un sens interdit"},"content":{"rendered":"<p>Il risque de se souvenir de sa soir\u00e9e d\u2019anniversaire pendant de longues ann\u00e9es. Ce jeune homme de 25 ans, habitant la commune de Roche-la-Moli\u00e8re, avait d\u00e9cid\u00e9 de f\u00eater l\u2019\u00e9v\u00e9nement ce samedi 4\u00a0octobre. Mais visiblement sa consommation d\u2019alcool a \u00e9t\u00e9 trop importante, et surtout il a commis l\u2019erreur de reprendre le volant.<\/p>\n<p>Vers 23\u00a0h\u00a050, un \u00e9quipage de Police secours nuit rep\u00e8re son v\u00e9hicule empruntant les voies du tramway \u00e0 hauteur de la rue Gabriel-P\u00e9ri, dans le quartier de Bellevue \u00e0 Saint-Etienne.<\/p>\n<p>  Une forte odeur d\u2019alcool s\u2019\u00e9chappe de l\u2019habitacle<\/p>\n<p>Sous l\u2019\u0153il des policiers, le jeune homme va ensuite en quelques instants griller un feu rouge boulevard Pasteur, avant de prendre la rue Marius-Chalendard en sens interdit.<\/p>\n<p>C\u2019est alors que les fonctionnaires vont stopper sa folle course pour proc\u00e9der \u00e0 un contr\u00f4le. Selon une source polici\u00e8re, \u00ab\u00a0une forte odeur d\u2019alcool s\u2019est d\u00e9gag\u00e9e de l\u2019habitacle quand le conducteur a baiss\u00e9 sa vitre\u00a0\u00bb. Et sans grande surprise, le contr\u00f4le d\u2019alcool\u00e9mie va s\u2019av\u00e9rer positif puisque\u00a0l\u2019individu se trouvait derri\u00e8re le volant avec un taux de 1,75 gramme d\u2019alcool par litre de sang.<\/p>\n<p>Interpell\u00e9 puis plac\u00e9 en garde \u00e0 vue, il s\u2019est vu remettre une ordonnance p\u00e9nale lors de sa remise en libert\u00e9, le lendemain.<\/p>\n","protected":false},"excerpt":{"rendered":"Il risque de se souvenir de sa soir\u00e9e d\u2019anniversaire pendant de longues ann\u00e9es. Ce jeune homme de 25&hellip;\n","protected":false},"author":2,"featured_media":443095,"comment_status":"","ping_status":"","sticky":false,"template":"","format":"standard","meta":{"footnotes":""},"categories":[9653],"tags":[1111,11,2430,271,272,7539,1777,674,274,1011,27,3367,12,25,4001,7538,104],"class_list":{"0":"post-443094","1":"post","2":"type-post","3":"status-publish","4":"format-standard","5":"has-post-thumbnail","7":"category-saint-etienne","8":"tag-actu","9":"tag-actualites","10":"tag-auvergne-rhone-alpes","11":"tag-crime","12":"tag-delit-et-contravention","13":"tag-edition-loire-sud","14":"tag-eu","15":"tag-europe","16":"tag-faits-divers-justice","17":"tag-fr","18":"tag-france","19":"tag-loire","20":"tag-news","21":"tag-republique-francaise","22":"tag-saint-etienne","23":"tag-saint-etienne-ville","24":"tag-societe"},"share_on_mastodon":{"url":"https:\/\/pubeurope.com\/@fr\/115327831014471845","error":""},"_links":{"self":[{"href":"https:\/\/www.europesays.com\/fr\/wp-json\/wp\/v2\/posts\/443094","targetHints":{"allow":["GET"]}}],"collection":[{"href":"https:\/\/www.europesays.com\/fr\/wp-json\/wp\/v2\/posts"}],"about":[{"href":"https:\/\/www.europesays.com\/fr\/wp-json\/wp\/v2\/types\/post"}],"author":[{"embeddable":true,"href":"https:\/\/www.europesays.com\/fr\/wp-json\/wp\/v2\/users\/2"}],"replies":[{"embeddable":true,"href":"https:\/\/www.europesays.com\/fr\/wp-json\/wp\/v2\/comments?post=443094"}],"version-history":[{"count":0,"href":"https:\/\/www.europesays.com\/fr\/wp-json\/wp\/v2\/posts\/443094\/revisions"}],"wp:featuredmedia":[{"embeddable":true,"href":"https:\/\/www.europesays.com\/fr\/wp-json\/wp\/v2\/media\/443095"}],"wp:attachment":[{"href":"https:\/\/www.europesays.com\/fr\/wp-json\/wp\/v2\/media?parent=443094"}],"wp:term":[{"taxonomy":"category","embeddable":true,"href":"https:\/\/www.europesays.com\/fr\/wp-json\/wp\/v2\/categories?post=443094"},{"taxonomy":"post_tag","embeddable":true,"href":"https:\/\/www.europesays.com\/fr\/wp-json\/wp\/v2\/tags?post=443094"}],"curies":[{"name":"wp","href":"https:\/\/api.w.org\/{rel}","templated":true}]}}