{"id":443108,"date":"2025-10-06T15:11:09","date_gmt":"2025-10-06T15:11:09","guid":{"rendered":"https:\/\/www.europesays.com\/fr\/443108\/"},"modified":"2025-10-06T15:11:09","modified_gmt":"2025-10-06T15:11:09","slug":"ce-weekend-rouen-sera-la-capitale-de-la-gastronomie","status":"publish","type":"post","link":"https:\/\/www.europesays.com\/fr\/443108\/","title":{"rendered":"ce weekend, Rouen sera la capitale de la gastronomie"},"content":{"rendered":"<p>            Par<br \/>\n        <strong><br \/>\n            <a href=\"https:\/\/actu.fr\/auteur\/jessie-leclerc\" title=\"Consulter tous les articles de Jessie Leclerc\" rel=\"nofollow noopener\" target=\"_blank\">Jessie Leclerc<\/a><br \/>\n        <\/strong><\/p>\n<p>        Publi\u00e9 le<\/p>\n<p>            6 oct. 2025 \u00e0 17h04        <\/p>\n<p>Du <strong>8 au 12\u00a0octobre 2025<\/strong>, <a href=\"https:\/\/actu.fr\/normandie\/rouen_76540\" rel=\"nofollow noopener\" target=\"_blank\">Rouen (Seine-Maritime)<\/a> accueillera la deuxi\u00e8me \u00e9dition de \u00ab\u2009Rouen \u00e0 Table\u2009!\u2009\u00bb. Seule ville fran\u00e7aise <a href=\"https:\/\/actu.fr\/normandie\/rouen_76540\/rouen-devient-ville-creative-de-l-unesco-pour-la-gastronomie-qu-est-ce-que-ca-signifie_46296951.html\" rel=\"nofollow noopener\" target=\"_blank\">labellis\u00e9e Ville cr\u00e9ative Unesco en mati\u00e8re de gastronomie<\/a>, la cit\u00e9 normande confirme son ambition de s\u2019imposer sur la carte du, tr\u00e8s tendance, tourisme culinaire. <strong>Voici le programme<\/strong>.<\/p>\n<p>En r\u00e9sonance avec la F\u00eate du Ventre<\/p>\n<p class=\" wall-content\">N\u00e9 en compl\u00e9ment de <a href=\"https:\/\/actu.fr\/normandie\/rouen_76540\/la-25e-edition-de-la-fete-du-ventre-approche-a-rouen-voici-les-nouveautes_61689428.html\" rel=\"nofollow noopener\" target=\"_blank\">l\u2019incontournable F\u00eate du Ventre<\/a>, un rendez-vous populaire qui r\u00e9unit chaque ann\u00e9e plus de 150\u2009000\u00a0visiteurs, <strong>\u00ab\u2009Rouen \u00e0 Table\u2009!\u2009\u00bb propose une programmation plus exp\u00e9rientielle<\/strong>, bas\u00e9e sur de nombreux ateliers diss\u00e9min\u00e9s dans plusieurs lieux de la ville.<\/p>\n<p class=\" wall-content\">Son objectif est de<strong> \u00ab\u2009promouvoir les savoir-faire normands\u2009\u00bb<\/strong>, explique Nicolas Mayer-Rossignol, maire de Rouen et pr\u00e9sident de la M\u00e9tropole.<\/p>\n<blockquote class=\"ac-article-quote wall-content\">\n<p>Notre patrimoine gastronomique est un potentiel touristique qui n&rsquo;est pas assez valoris\u00e9. On a voulu le faire savoir avec la F\u00eate du Ventre, que nous avons contribu\u00e9 \u00e0 renforcer, puis avec \u00ab\u00a0Rouen \u00e0 Table !\u00a0\u00bb qui vise \u00e0 montrer l&rsquo;excellence de notre gastronomie.<\/p>\n<p>    <strong>Nicolas Mayer-Rossignol<\/strong><br \/>\n        Maire de Rouen et pr\u00e9sident de la M\u00e9tropole    <\/p><\/blockquote>\n<p class=\" wall-content\">Le local sera mis \u00e0 l\u2019honneur, mais l\u2019objectif est aussi d\u2019ouvrir la sc\u00e8ne \u00e0 <a href=\"https:\/\/actu.fr\/normandie\/rouen_76540\/ils-viennent-du-monde-entier-pour-apprendre-la-french-boulangerie-patisserie-a-rouen_62582278.html\" rel=\"nofollow noopener\" target=\"_blank\">des collaborations internationales<\/a>. C\u00f4t\u00e9 chefs, \u00ab<strong>\u2009quatre continents sont repr\u00e9sent\u00e9s<\/strong>, insiste Sileyman Sow, adjoint au Maire en charge du commerce, de l\u2019\u00e9conomie et de l\u2019attractivit\u00e9. Certains viennent du Mexique, de Suisse, du Japon et m\u00eame du B\u00e9nin.\u2009\u00bb<\/p>\n<p class=\" wall-content\">Au-del\u00e0 des chefs, les \u00e9coles et centres de formation seront aussi sur le devant de la sc\u00e8ne.<\/p>\n<p>Les stars du week-end\u2009: Trois produits bien normands<\/p>\n<p class=\" wall-content\">Ils sont vendus par les organisateurs comme trois tr\u00e9sors \u00e0 respecter.<strong> La\u00a0pomme, la coquille Saint-Jacques et le cidre<\/strong> sont les stars de cette deuxi\u00e8me \u00e9dition. C\u2019est avec ces produits typiquement normands que <a href=\"https:\/\/actu.fr\/normandie\/rouen_76540\/ce-chef-de-rouen-connu-pour-ses-videos-en-langue-des-signes-cuisine-maintenant-chez-vous_61492349.html\" rel=\"nofollow noopener\" target=\"_blank\">les chefs<\/a> seront amen\u00e9s \u00e0 travailler sous le grand chapiteau du parvis de la Cath\u00e9drale, ainsi que dans 42 restaurants partenaires.<\/p>\n<p class=\" wall-content\">\u00ab\u2009L\u2019id\u00e9e est de proposer ces produits \u00e0 des chefs, notamment \u00e9trangers, qui n\u2019ont pas forc\u00e9ment l\u2019habitude de les travailler et qui vont <strong>les cuisiner autrement<\/strong> que comme on a l\u2019habitude de les voir\u2009\u00bb, pr\u00e9cise\u00a0Delphine Crocq, directrice g\u00e9n\u00e9rale de Rouen Tourisme.<\/p>\n<p>Votre r\u00e9gion, votre actu !<\/p>\n<p>Recevez chaque jour les infos qui comptent pour vous.<\/p>\n<p>\t<a href=\"https:\/\/actu.fr\/newsletter\" class=\"ac-btn ac-btn--corner ac-btn--medium ac-btn--blue800\" rel=\"nofollow noopener\" target=\"_blank\">S&rsquo;incrire<\/a><\/p>\n<p class=\" wall-content\">Valoriser ces produits de qualit\u00e9, pour Abdelkrim Marchani, conseiller municipal et pr\u00e9sident du march\u00e9 d\u2019int\u00e9r\u00eat national (MIN) de Rouen, est une fa\u00e7on de \u00ab\u2009montrer \u00e0 tous <a href=\"https:\/\/actu.fr\/normandie\/rouen_76540\/envie-de-bien-manger-a-rouen-suivez-notre-guide-des-restos-rouen-night-amp-day_62911861.html\" rel=\"nofollow noopener\" target=\"_blank\">comment bien manger,<\/a> le plus diversifi\u00e9 et le moins transform\u00e9 possible\u2009\u00bb.<\/p>\n<p>Le cin\u00e9ma \u00e0 l\u2019honneur<\/p>\n<p class=\" wall-content\">Cette ann\u00e9e, un th\u00e8me f\u00e9d\u00e8re cette manifestation\u2009: le cin\u00e9ma. <strong>Gastronomie et septi\u00e8me art se lient<\/strong>.<\/p>\n<blockquote class=\"ac-article-quote wall-content\">\n<p>Le cin\u00e9ma, c&rsquo;est populaire, c&rsquo;est la m\u00e9moire collective. Avec leurs cr\u00e9ations, les chefs auront le pouvoir de raviver des souvenirs.<\/p>\n<p>    <strong>Christine de Cintr\u00e9<\/strong><br \/>\n        Pr\u00e9sident de Rouen Tourisme    <\/p><\/blockquote>\n<p class=\" wall-content\">Les d\u00eeners s\u2019inspirent de films cultes et les ateliers s\u2019organisent autour de r\u00e9f\u00e9rences pour tous les \u00e2ges, de La Reine des Neiges \u00e0 La Soupe aux Choux, en passant par One Piece ou m\u00eame Le Parrain.<\/p>\n<p>Notre Top\u00a05 des animations<\/p>\n<p class=\" wall-content\">Le programme est riche sur ces cinq jours de f\u00eate. Voici les animations retenues par la r\u00e9daction.<\/p>\n<ul class=\" wall-content\">\n<li><strong>Battle des chefs\u2009:<\/strong> Une comp\u00e9tition entre chefs <a href=\"https:\/\/actu.fr\/normandie\/cany-barville_76159\/voyagez-partout-dans-le-monde-avec-ce-nouveau-restaurant-pres-de-fecamp_62585865.html\" rel=\"nofollow noopener\" target=\"_blank\">internationaux<\/a> ponctu\u00e9e de d\u00e9monstrations sur la Place de la Cath\u00e9drale. (Samedi 11\u00a0octobre de 14h \u00e0 19h30).<\/li>\n<li><strong>Rallyes gourmands\u2009: <\/strong>Un parcours patrimonial et gustatif de deux heures autour de sept restaurants, soit sept d\u00e9gustations de l\u2019entr\u00e9e au caf\u00e9. (Samedi 11\u00a0octobre de 11h30 \u00e0 15h, de 39 \u00e0 49\u00a0euros).<\/li>\n<li><strong>Cin\u00e9-Go\u00fbter\u2009: <\/strong>Une projection de film pour les enfants, sur la Place des Emmur\u00e9es, suivie d\u2019un go\u00fbter. (Dimanche 12\u00a0octobre \u00e0 14h, gratuit).<\/li>\n<li><strong>D\u2019un verre \u00e0 l\u2019autre\u2009: <\/strong>D\u00e9couverte de <a href=\"https:\/\/actu.fr\/normandie\/fecamp_76259\/voici-trois-recettes-de-cocktails-classiques-revisites-a-la-sauce-normande_63027250.html\" rel=\"nofollow noopener\" target=\"_blank\">trois cocktails<\/a> inspir\u00e9s de films dans trois \u00e9tablissements diff\u00e9rents. (Les 9, 10 et 11\u00a0octobre \u00e0 18h, 29\u00a0euros). L\u2019abus d\u2019alcool est dangereux pour la sant\u00e9. \u00c0 consommer avec mod\u00e9ration.<\/li>\n<\/ul>\n<ul class=\" wall-content\">\n<li><strong>Cours de cuisine\u2009: <\/strong>Un grand cours de p\u00e2tisserie puis un cours de cuisine anim\u00e9 par l\u2019\u00e9cole Fauchon dans la Halle aux Toiles. Le tout sera suivi d\u2019une d\u00e9gustation. (Samedi 11\u00a0octobre \u00e0 14h30 pour le sucr\u00e9 et 17h30 pour le sal\u00e9, 50\u00a0euros).<\/li>\n<\/ul>\n<p>Programme complet et r\u00e9servations <a href=\"https:\/\/www.visiterouen.com\/actualites\/rouen-a-table\/\" rel=\"nofollow noopener\" target=\"_blank\">en cliquant ici<\/a>.Suivez l\u2019actualit\u00e9 de Rouen <a href=\"https:\/\/www.whatsapp.com\/channel\/0029VaKfnf99hXF2ddApFB1D\" rel=\"nofollow noopener\" target=\"_blank\">sur notre cha\u00eene WhatsApp<\/a> et <a href=\"https:\/\/www.tiktok.com\/@76actu.fr?lang=fr\" rel=\"nofollow noopener\" target=\"_blank\">sur notre compte TikTok<\/a><\/p>\n<p class=\" wall-content\">Personnalisez votre actualit\u00e9 en ajoutant vos villes et m\u00e9dias en favori avec <a href=\"https:\/\/moncompte.actu.fr\" title=\"D\u00e9couvez Mon Actu\" rel=\"nofollow noopener\" data-trk=\"{&quot;cta&quot;:{&quot;action&quot;:&quot;https:\\\/\\\/moncompte.actu.fr&quot;,&quot;category&quot;:&quot;mon compte&quot;,&quot;from&quot;:&quot;article footer&quot;,&quot;name&quot;:&quot;Mon actu&quot;,&quot;type&quot;:&quot;cta&quot;}}\" target=\"_blank\">Mon Actu<\/a>.<\/p>\n<p>                    <script async src=\"\/\/www.tiktok.com\/embed.js\"><\/script><\/p>\n","protected":false},"excerpt":{"rendered":"Par Jessie Leclerc Publi\u00e9 le 6 oct. 2025 \u00e0 17h04 Du 8 au 12\u00a0octobre 2025, Rouen (Seine-Maritime) accueillera&hellip;\n","protected":false},"author":2,"featured_media":443109,"comment_status":"","ping_status":"","sticky":false,"template":"","format":"standard","meta":{"footnotes":""},"categories":[9587],"tags":[1111,11,9086,1777,674,56944,1011,27,1661,1652,12,5161,25,9590],"class_list":{"0":"post-443108","1":"post","2":"type-post","3":"status-publish","4":"format-standard","5":"has-post-thumbnail","7":"category-rouen","8":"tag-actu","9":"tag-actualites","10":"tag-bon-plan-a-rouen","11":"tag-eu","12":"tag-europe","13":"tag-fete-du-ventre","14":"tag-fr","15":"tag-france","16":"tag-gastronomie","17":"tag-loisirs-culture","18":"tag-news","19":"tag-normandie","20":"tag-republique-francaise","21":"tag-rouen"},"share_on_mastodon":{"url":"https:\/\/pubeurope.com\/@fr\/115327866315005520","error":""},"_links":{"self":[{"href":"https:\/\/www.europesays.com\/fr\/wp-json\/wp\/v2\/posts\/443108","targetHints":{"allow":["GET"]}}],"collection":[{"href":"https:\/\/www.europesays.com\/fr\/wp-json\/wp\/v2\/posts"}],"about":[{"href":"https:\/\/www.europesays.com\/fr\/wp-json\/wp\/v2\/types\/post"}],"author":[{"embeddable":true,"href":"https:\/\/www.europesays.com\/fr\/wp-json\/wp\/v2\/users\/2"}],"replies":[{"embeddable":true,"href":"https:\/\/www.europesays.com\/fr\/wp-json\/wp\/v2\/comments?post=443108"}],"version-history":[{"count":0,"href":"https:\/\/www.europesays.com\/fr\/wp-json\/wp\/v2\/posts\/443108\/revisions"}],"wp:featuredmedia":[{"embeddable":true,"href":"https:\/\/www.europesays.com\/fr\/wp-json\/wp\/v2\/media\/443109"}],"wp:attachment":[{"href":"https:\/\/www.europesays.com\/fr\/wp-json\/wp\/v2\/media?parent=443108"}],"wp:term":[{"taxonomy":"category","embeddable":true,"href":"https:\/\/www.europesays.com\/fr\/wp-json\/wp\/v2\/categories?post=443108"},{"taxonomy":"post_tag","embeddable":true,"href":"https:\/\/www.europesays.com\/fr\/wp-json\/wp\/v2\/tags?post=443108"}],"curies":[{"name":"wp","href":"https:\/\/api.w.org\/{rel}","templated":true}]}}