{"id":44311,"date":"2025-04-22T15:50:09","date_gmt":"2025-04-22T15:50:09","guid":{"rendered":"https:\/\/www.europesays.com\/fr\/44311\/"},"modified":"2025-04-22T15:50:09","modified_gmt":"2025-04-22T15:50:09","slug":"le-constructeur-chinois-nio-admet-avoir-sous-estime-la-complexite-de-sa-conquete-de-leurope","status":"publish","type":"post","link":"https:\/\/www.europesays.com\/fr\/44311\/","title":{"rendered":"le constructeur chinois Nio admet avoir \u00absous-estim\u00e9\u00bb la complexit\u00e9 de sa conqu\u00eate de l\u2019Europe"},"content":{"rendered":"<p>                             Par Le Figaro avec AFP<\/p>\n<p>\n            Publi\u00e9<br \/>\n                le 22 avril 2025 \u00e0 16h32,<br \/>\n                 mis \u00e0 jour le 22 avril 2025 \u00e0 16h47<\/p>\n<p>\u00a0\u00bb<br \/>\n        data-script=\u00a0\u00bbhttps:\/\/static.lefigaro.fr\/widget-video\/short-ttl\/video\/index.js\u00a0\u00bb<br \/>\n    &gt;<\/p>\n<p>La startup a indiqu\u00e9 ce mardi que Firefly, une marque de petites voitures urbaines, n\u2019arriverait sur le march\u00e9 europ\u00e9en qu\u2019au troisi\u00e8me trimestre 2025, alors qu\u2019elle \u00e9tait pr\u00e9vue au premier semestre.<\/p>\n<p class=\"fig-paragraph\">Le constructeur chinois de voitures \u00e9lectriques\u00a0<a href=\"http:\/\/www.lefigaro.fr\/societes\/specialise-dans-l-electrique-le-constructeur-chinois-nio-leve-plus-de-2-milliards-de-dollars-20231218\" data-fig-type=\"NewsFlash\" data-gtm-custom-categorie=\"navigation\" data-gtm-custom-action=\"crossclick\" data-gtm-custom-label=\"Contextuel\" data-gtm-event=\"customEventSPE\" data-fig-domain=\"LEFIGARO\" target=\"_blank\" rel=\"noopener\">Nio<\/a>\u00a0a indiqu\u00e9 mardi qu&rsquo;il avait \u00absous-estim\u00e9\u00bb la complexit\u00e9 de son expansion europ\u00e9enne, et que sa marque d&rsquo;entr\u00e9e de gamme Firefly pourrait arriver plus tard que pr\u00e9vu sur le continent. Face \u00e0 une concurrence sans merci sur le march\u00e9 chinois, et des usines en surcapacit\u00e9, de nombreux constructeurs chinois comme BYD, Geely ou Nio tentent d&rsquo;exporter leurs v\u00e9hicules sur les march\u00e9s europ\u00e9en, latino-am\u00e9ricain ou en Asie du Sud-Est. Mais le patron de Nio William Li a indiqu\u00e9 mardi que sa progression en Europe \u00abne correspondait pas aux objectifs initiaux\u00bb.<\/p>\n<p class=\"fig-paragraph\">\u00abNous avons sous-estim\u00e9 la difficult\u00e9 d&rsquo;\u00e9tendre nos r\u00e9seaux commerciaux et d&rsquo;entretien en Europe\u00bb, a d\u00e9clar\u00e9 William Li lors d&rsquo;une conf\u00e9rence de presse \u00e0 la veille de l&rsquo;ouverture du salon de l&rsquo;automobile de Shanghai. En Chine, il est facile d&rsquo;ouvrir 100 concessions en un mois, mais c&rsquo;est tr\u00e8s difficile &#8211; et co\u00fbteux &#8211; en Europe, a-t-il pr\u00e9cis\u00e9. La startup a indiqu\u00e9 mardi que Firefly, une marque de petites voitures urbaines, n&rsquo;arriverait sur le march\u00e9 europ\u00e9en qu&rsquo;au troisi\u00e8me trimestre 2025, alors qu&rsquo;elle \u00e9tait pr\u00e9vue au premier semestre.<\/p>\n<p class=\"fig-paragraph\">Le d\u00e9veloppement en Europe d&rsquo;un r\u00e9seau d&rsquo;\u00e9changes de batteries pour voitures \u00e9lectriques, une sp\u00e9cialit\u00e9 de Nio, est aussi plus lent que pr\u00e9vu, a indiqu\u00e9 William Li. Le constructeur a \u00e9t\u00e9 frein\u00e9 par des probl\u00e8mes logistiques mais aussi par des questions g\u00e9opolitiques.<\/p>\n<p class=\"fig-paragraph\">La Commission europ\u00e9enne a impos\u00e9 en 2024 des droits de douane suppl\u00e9mentaires sur les voitures \u00e9lectriques fabriqu\u00e9es en Chine. \u00abAvec la politique actuelle de droits de douane, une voiture comme la Firefly sera forc\u00e9ment moins comp\u00e9titive\u00bb, a soulign\u00e9 le pr\u00e9sident de Nio, Qin Lihong. Mais la marque a toujours de grandes ambitions en Europe, o\u00f9 elle compte annoncer de nouveaux partenariats. \u00abL&rsquo;Europe demande une strat\u00e9gie de long terme et de la patience\u00bb, a soulign\u00e9 William Li, en \u00e9cho aux dirigeants de BYD qui s&rsquo;y voient gagner des parts de march\u00e9 sur le long terme.<\/p>\n","protected":false},"excerpt":{"rendered":"Par Le Figaro avec AFP Publi\u00e9 le 22 avril 2025 \u00e0 16h32, mis \u00e0 jour le 22 avril&hellip;\n","protected":false},"author":2,"featured_media":44312,"comment_status":"","ping_status":"","sticky":false,"template":"","format":"standard","meta":{"footnotes":""},"categories":[6],"tags":[631,627,630,340,398,35,343,634,405,629,636,33,34,632,638,1011,27,637,6025,399,639,635,13219,401,628,633,407],"class_list":{"0":"post-44311","1":"post","2":"type-post","3":"status-publish","4":"format-standard","5":"has-post-thumbnail","7":"category-economie","8":"tag-action","9":"tag-actions-francaise","10":"tag-actualite-bourse","11":"tag-bourse","12":"tag-bourse-de-paris","13":"tag-business","14":"tag-cac-40","15":"tag-cotation","16":"tag-cotations","17":"tag-cours-des-societes-francaises","18":"tag-devises","19":"tag-economie","20":"tag-economy","21":"tag-fcp","22":"tag-figaro","23":"tag-fr","24":"tag-france","25":"tag-indices","26":"tag-industrie-automobile","27":"tag-investissement","28":"tag-le-figaro","29":"tag-marches","30":"tag-nio","31":"tag-sicav","32":"tag-societes-etrangeres","33":"tag-warrant","34":"tag-warrants"},"share_on_mastodon":{"url":"https:\/\/pubeurope.com\/@fr\/114382413843521521","error":""},"_links":{"self":[{"href":"https:\/\/www.europesays.com\/fr\/wp-json\/wp\/v2\/posts\/44311","targetHints":{"allow":["GET"]}}],"collection":[{"href":"https:\/\/www.europesays.com\/fr\/wp-json\/wp\/v2\/posts"}],"about":[{"href":"https:\/\/www.europesays.com\/fr\/wp-json\/wp\/v2\/types\/post"}],"author":[{"embeddable":true,"href":"https:\/\/www.europesays.com\/fr\/wp-json\/wp\/v2\/users\/2"}],"replies":[{"embeddable":true,"href":"https:\/\/www.europesays.com\/fr\/wp-json\/wp\/v2\/comments?post=44311"}],"version-history":[{"count":0,"href":"https:\/\/www.europesays.com\/fr\/wp-json\/wp\/v2\/posts\/44311\/revisions"}],"wp:featuredmedia":[{"embeddable":true,"href":"https:\/\/www.europesays.com\/fr\/wp-json\/wp\/v2\/media\/44312"}],"wp:attachment":[{"href":"https:\/\/www.europesays.com\/fr\/wp-json\/wp\/v2\/media?parent=44311"}],"wp:term":[{"taxonomy":"category","embeddable":true,"href":"https:\/\/www.europesays.com\/fr\/wp-json\/wp\/v2\/categories?post=44311"},{"taxonomy":"post_tag","embeddable":true,"href":"https:\/\/www.europesays.com\/fr\/wp-json\/wp\/v2\/tags?post=44311"}],"curies":[{"name":"wp","href":"https:\/\/api.w.org\/{rel}","templated":true}]}}