{"id":443110,"date":"2025-10-06T15:12:29","date_gmt":"2025-10-06T15:12:29","guid":{"rendered":"https:\/\/www.europesays.com\/fr\/443110\/"},"modified":"2025-10-06T15:12:29","modified_gmt":"2025-10-06T15:12:29","slug":"livres-produits-locaux-cartes-postales-une-boutique-bientot-de-retour-au-musee-des-beaux-arts-de-rouen","status":"publish","type":"post","link":"https:\/\/www.europesays.com\/fr\/443110\/","title":{"rendered":"Livres, produits locaux, cartes postales&#8230; Une boutique bient\u00f4t de retour au mus\u00e9e des beaux-arts de Rouen"},"content":{"rendered":"<p>            Par<br \/>\n        <strong><br \/>\n            <a href=\"https:\/\/actu.fr\/auteur\/fmass\" title=\"Consulter tous les articles de Fabien Massin\" target=\"_blank\" rel=\"noopener\">Fabien Massin<\/a><br \/>\n        <\/strong><\/p>\n<p>        Publi\u00e9 le<\/p>\n<p>            6 oct. 2025 \u00e0 11h37        <\/p>\n<p>Apr\u00e8s le <a href=\"https:\/\/actu.fr\/normandie\/rouen_76540\/mangez-entre-les-chefs-d-oeuvre-du-musee-des-beaux-arts-de-rouen-avec-le-nouveau-restaurant-cafe-sculptures_62905797.html\" target=\"_blank\" rel=\"noopener\">caf\u00e9-restaurant<\/a>, un nouveau service va faire son retour au mus\u00e9e des beaux-arts de <a href=\"https:\/\/actu.fr\/normandie\/rouen_76540\" target=\"_blank\" rel=\"noopener\">Rouen (Seine-Maritime)<\/a>\u2009: <strong>la boutique\/librairie<\/strong>. Depuis quelques ann\u00e9es, celle-ci \u00e9tait ferm\u00e9e \u2014 son espace laiss\u00e9 vacant ou utilis\u00e9 pour des activit\u00e9s de m\u00e9diation \u2014 et <a href=\"https:\/\/actu.fr\/normandie\/rouen_76540\/les-locaux-sont-prets-a-l-emploi-bientot-un-cafe-avec-restauration-au-musee-des-beaux-arts-de-rouen_62383675.html\" target=\"_blank\" rel=\"noopener\">remplac\u00e9e par un petit espace librairie\/carterie<\/a> \u00e0 proximit\u00e9 de l\u2019accueil.<\/p>\n<p>Produits locaux, cartes postales, parfums\u2026<\/p>\n<p class=\" wall-content\">\u00ab\u2009Une boutique ouvrira o\u00f9 se trouvait la librairie au premier trimestre 2026, peut-\u00eatre au mois d\u2019avril\u2009\u00bb, informe <strong>Robert Blaizeau<\/strong>, directeur des mus\u00e9es de l\u2019agglo de Rouen (11 mus\u00e9es). \u00ab\u2009Ce sera bien plus qu\u2019une librairie, mais une boutique plus large. Par exemple, on se rend compte que les cartes postales marchent tr\u00e8s bien, <strong>elles n\u2019ont pas du tout \u00e9t\u00e9 balay\u00e9es par le num\u00e9rique<\/strong>. Nous allons donc renforcer cet aspect.\u2009\u00bb<\/p>\n<p class=\" wall-content\">Par ailleurs, il y aura bien s\u00fbr des livres d\u2019histoire de l\u2019art et les catalogues d\u2019exposition, mais aussi des produits d\u00e9riv\u00e9s des mus\u00e9es, cr\u00e9\u00e9s \u00e0 partir des collections, des produits de cr\u00e9ateurs et d\u2019artisanat locaux, des produits pour les enfants, <strong>et m\u00eame des parfums inspir\u00e9s des mus\u00e9es<\/strong>.<\/p>\n<p class=\" wall-content\">\u00ab\u2009L\u2019id\u00e9e est de proposer des choses responsables et de qualit\u00e9,<strong> pas des goodies venus de l\u2019autre bout du monde<\/strong>\u2009\u00bb, souligne le directeur de mus\u00e9es.<\/p>\n<p>Le hall d\u2019accueil repens\u00e9<\/p>\n<p class=\" wall-content\">\u00c0 noter que cette future boutique<strong> sera tenue par les \u00e9quipes des mus\u00e9es<\/strong>, contrairement \u00e0 ce qui \u00e9tait en vigueur il y a quelques ann\u00e9es, cette fois-ci la <a href=\"https:\/\/actu.fr\/normandie\/rouen_76540\/neuf-musees-de-rouen-sont-gratuits-et-sunissent-pour-acquerir-une-dimension-europeenne_633222.html\" target=\"_blank\" rel=\"noopener\">R\u00e9union des mus\u00e9es m\u00e9tropolitains<\/a> ne fera pas appel \u00e0 un prestataire.<\/p>\n<p class=\" wall-content\">\u00ab\u2009Nous en profiterons \u00e9galement pour <strong>r\u00e9am\u00e9nager le hall d\u2019accueil\u2009<\/strong>\u00bb, ajoute Robert Blaizeau. \u00ab\u2009Il s\u2019agit d\u2019assurer une gestion des flux optimale, ce qui n\u2019est pas simple, avec une fr\u00e9quentation de <strong>250\u2009000\u00a0visiteurs par an<\/strong>.\u2009\u00bb<\/p>\n<p>Votre r\u00e9gion, votre actu !<\/p>\n<p>Recevez chaque jour les infos qui comptent pour vous.<\/p>\n<p>\t<a href=\"https:\/\/actu.fr\/newsletter\" class=\"ac-btn ac-btn--corner ac-btn--medium ac-btn--blue800\" target=\"_blank\" rel=\"noopener\">S&rsquo;incrire<\/a><br \/>\nSuivez l\u2019actualit\u00e9 de Rouen sur notre\u00a0<a href=\"https:\/\/www.whatsapp.com\/channel\/0029VaKfnf99hXF2ddApFB1D\" target=\"_blank\" rel=\"noopener\">cha\u00eene WhatsApp<\/a>\u00a0et sur notre\u00a0<a href=\"https:\/\/www.tiktok.com\/@76actu.fr?lang=fr\" target=\"_blank\" rel=\"noopener\">compte TikTok<\/a><\/p>\n<p class=\" wall-content\">Personnalisez votre actualit\u00e9 en ajoutant vos villes et m\u00e9dias en favori avec <a href=\"https:\/\/moncompte.actu.fr\" title=\"D\u00e9couvez Mon Actu\" rel=\"nofollow noopener\" data-trk=\"{&quot;cta&quot;:{&quot;action&quot;:&quot;https:\\\/\\\/moncompte.actu.fr&quot;,&quot;category&quot;:&quot;mon compte&quot;,&quot;from&quot;:&quot;article footer&quot;,&quot;name&quot;:&quot;Mon actu&quot;,&quot;type&quot;:&quot;cta&quot;}}\" target=\"_blank\">Mon Actu<\/a>.<\/p>\n<p>                    <script async src=\"\/\/www.tiktok.com\/embed.js\"><\/script><\/p>\n","protected":false},"excerpt":{"rendered":"Par Fabien Massin Publi\u00e9 le 6 oct. 2025 \u00e0 11h37 Apr\u00e8s le caf\u00e9-restaurant, un nouveau service va faire&hellip;\n","protected":false},"author":2,"featured_media":443111,"comment_status":"","ping_status":"","sticky":false,"template":"","format":"standard","meta":{"footnotes":""},"categories":[9587],"tags":[1111,11,1777,674,1011,27,1652,9725,12,5161,25,9590,602],"class_list":{"0":"post-443110","1":"post","2":"type-post","3":"status-publish","4":"format-standard","5":"has-post-thumbnail","7":"category-rouen","8":"tag-actu","9":"tag-actualites","10":"tag-eu","11":"tag-europe","12":"tag-fr","13":"tag-france","14":"tag-loisirs-culture","15":"tag-metropole-rouen","16":"tag-news","17":"tag-normandie","18":"tag-republique-francaise","19":"tag-rouen","20":"tag-tourisme"},"share_on_mastodon":{"url":"https:\/\/pubeurope.com\/@fr\/115327870332223929","error":""},"_links":{"self":[{"href":"https:\/\/www.europesays.com\/fr\/wp-json\/wp\/v2\/posts\/443110","targetHints":{"allow":["GET"]}}],"collection":[{"href":"https:\/\/www.europesays.com\/fr\/wp-json\/wp\/v2\/posts"}],"about":[{"href":"https:\/\/www.europesays.com\/fr\/wp-json\/wp\/v2\/types\/post"}],"author":[{"embeddable":true,"href":"https:\/\/www.europesays.com\/fr\/wp-json\/wp\/v2\/users\/2"}],"replies":[{"embeddable":true,"href":"https:\/\/www.europesays.com\/fr\/wp-json\/wp\/v2\/comments?post=443110"}],"version-history":[{"count":0,"href":"https:\/\/www.europesays.com\/fr\/wp-json\/wp\/v2\/posts\/443110\/revisions"}],"wp:featuredmedia":[{"embeddable":true,"href":"https:\/\/www.europesays.com\/fr\/wp-json\/wp\/v2\/media\/443111"}],"wp:attachment":[{"href":"https:\/\/www.europesays.com\/fr\/wp-json\/wp\/v2\/media?parent=443110"}],"wp:term":[{"taxonomy":"category","embeddable":true,"href":"https:\/\/www.europesays.com\/fr\/wp-json\/wp\/v2\/categories?post=443110"},{"taxonomy":"post_tag","embeddable":true,"href":"https:\/\/www.europesays.com\/fr\/wp-json\/wp\/v2\/tags?post=443110"}],"curies":[{"name":"wp","href":"https:\/\/api.w.org\/{rel}","templated":true}]}}