{"id":443112,"date":"2025-10-06T15:13:12","date_gmt":"2025-10-06T15:13:12","guid":{"rendered":"https:\/\/www.europesays.com\/fr\/443112\/"},"modified":"2025-10-06T15:13:12","modified_gmt":"2025-10-06T15:13:12","slug":"un-appel-a-la-greve-lance-aupres-du-personnel-de-mtag-ce-jeudi","status":"publish","type":"post","link":"https:\/\/www.europesays.com\/fr\/443112\/","title":{"rendered":"un appel \u00e0 la gr\u00e8ve lanc\u00e9 aupr\u00e8s du personnel de MTag ce jeudi"},"content":{"rendered":"<p>La col\u00e8re gronde depuis plusieurs mois \u00e0 MTag. Apr\u00e8s une alerte lanc\u00e9e en <a href=\"https:\/\/www.ledauphine.com\/social\/2024\/09\/17\/isere-metropole-de-grenoble-mtag-l-intersyndicale-denonce-une-maltraitance-sociale-et-une-degradation-du-service\" target=\"_blank\" rel=\"noopener\">septembre\u00a02024<\/a> puis un <a href=\"https:\/\/www.ledauphine.com\/social\/2025\/06\/06\/isere-transports-en-commun-les-syndicats-de-mtag-deposent-un-preavis-de-greve-pour-la-fete-de-la-musique\" target=\"_blank\" rel=\"noopener\">mouvement en juin dernier<\/a>, les salari\u00e9s de l\u2019entreprise, qui exploite les r\u00e9seaux de transports en commun de la M\u00e9tropole de Grenoble, du Voironnais et du Gr\u00e9sivaudan, sont de nouveau appel\u00e9s \u00e0 se mettre en gr\u00e8ve en r\u00e9ponse au pr\u00e9avis d\u00e9pos\u00e9 par l\u2019intersyndicale FO, Sud Solidaires, Unsa et CFE-CGC.<\/p>\n<p>En cause, le <a href=\"https:\/\/www.ledauphine.com\/transport\/2025\/06\/21\/isere-metropole-de-grenoble-greve-a-mtag-mon-role-est-d-appliquer-une-feuille-de-route-pas-de-negocier-un-contrat\" target=\"_blank\" rel=\"noopener\">contrat d\u2019obligation de service public (OSP)<\/a> que la direction de MTag a sign\u00e9 \u201cseule avec le Syndicat mixte des mobilit\u00e9s de l\u2019aire grenobloise (Smmag), et rejet\u00e9 par toutes les organisations syndicales\u201d et qui, selon les syndicats, am\u00e8nent \u00e0 des conditions de travail d\u00e9grad\u00e9es.<\/p>\n<p>  \u201cUne tr\u00e8s forte d\u00e9gradation des conditions de travail\u201d<\/p>\n<p>Cette nouvelle journ\u00e9e d\u2019actions, sera donc la suite du mouvement entam\u00e9 en juin. \u201cDepuis la rentr\u00e9e de septembre, le plan brutal et injuste men\u00e9 par nos dirigeants et nos politiques se traduit par une tr\u00e8s forte d\u00e9gradation des conditions de travail au sein de tous les services de MTag\u201d, \u00e9crivent les syndicats.<\/p>\n<p>Ils d\u00e9noncent \u201cla diminution forte des effectifs conducteurs sur l\u2019ensemble des lignes, un sous-effectif organis\u00e9 dans l\u2019ensemble des services de la MTag entra\u00eenant une surcharge de travail et des risques de burn-outs, une augmentation des cadences sur toute la cha\u00eene d\u2019exploitation mise \u00e0 contribution, la modification des m\u00e9thodes de travail,\u2026 Les plans d\u2019\u00e9conomies impos\u00e9s par <a href=\"https:\/\/www.ledauphine.com\/transport\/2024\/07\/04\/metropole-de-grenoble-gresivaudan-voironnais-m-tag-le-contrat-qui-valait-(presque)-un-milliard-pour-les-transports-en-commun\" target=\"_blank\" rel=\"noopener\">le contrat d\u2019OSP<\/a>, d\u00e9cid\u00e9s par la direction de MTag \u00e0 la demande des \u00e9lus, d\u00e9truisent le service public que nous rendons chaque jour aux usagers. Ces mesures aggravent nos conditions de vie au travail et affaiblissent la qualit\u00e9 du service que les habitants de l\u2019agglom\u00e9ration sont en droit d\u2019attendre\u201d, estiment les syndicats qui disent refuser \u00ab\u00a0la d\u00e9gradation continue de nos conditions de travail et la remise en cause de nos acquis sociaux\u00a0!\u201d<\/p>\n<p>  Une date symbolique<\/p>\n<p>\u201cOn sait ce qu\u2019ils veulent faire sur les six prochaines ann\u00e9es et ils d\u00e9roulent leur plan. Depuis la crise sanitaire, nous sommes en sous-effectifs et ils veulent encore optimiser pour faire des \u00e9conomies. Les salari\u00e9s sont fatigu\u00e9s, on a des taux d\u2019absent\u00e9isme et d\u2019accident du travail qui ont explos\u00e9\u201d, indique Fernando Martins, secr\u00e9taire et d\u00e9l\u00e9gu\u00e9 syndical FO (majoritaire) \u00e0 MTag.<\/p>\n<p>La date de la mobilisation ce jeudi sera fortement symbolique pour l\u2019intersyndicale. \u201cPendant que les dirigeants de MTag f\u00eateront, dans nos locaux \u00e0 Eybens, les 50 ans de notre r\u00e9seau, nous serons en gr\u00e8ve pour d\u00e9fendre l\u2019avenir de nos m\u00e9tiers, l\u2019ADN de notre entreprise et du service public. Tous les personnels se mobilisent, pas seulement les agents de conduite, mais aussi les \u00e9quipes de contr\u00f4le, les services techniques, administratifs, les agents de ma\u00eetrise, les salari\u00e9s des agences Mobilit\u00e9s, et bien d\u2019autres encore. Dans plusieurs services, la mobilisation devrait atteindre 100\u00a0%\u00a0!\u201d, annoncent les syndicats.<\/p>\n<p>Le d\u00e9tail des perturbations sur les lignes MReso devrait \u00eatre connu dans les prochaines heures.<\/p>\n","protected":false},"excerpt":{"rendered":"La col\u00e8re gronde depuis plusieurs mois \u00e0 MTag. Apr\u00e8s une alerte lanc\u00e9e en septembre\u00a02024 puis un mouvement en&hellip;\n","protected":false},"author":2,"featured_media":443113,"comment_status":"","ping_status":"","sticky":false,"template":"","format":"standard","meta":{"footnotes":""},"categories":[9566],"tags":[1111,11,2430,9671,12492,9852,112,113,114,341,1777,674,107,9592,1011,27,12505,2731,2732,108,3294,9597,12,25,9448,16668,801,2803,35595,7831,19641],"class_list":{"0":"post-443112","1":"post","2":"type-post","3":"status-publish","4":"format-standard","5":"has-post-thumbnail","7":"category-grenoble","8":"tag-actu","9":"tag-actualites","10":"tag-auvergne-rhone-alpes","11":"tag-conflit-social","12":"tag-domene","13":"tag-echirolles","14":"tag-edition-grenoble-agglomeration","15":"tag-edition-gresivaudan-oisans","16":"tag-edition-voiron-saint-marcellin","17":"tag-emploi","18":"tag-eu","19":"tag-europe","20":"tag-fil-info","21":"tag-fontaine","22":"tag-fr","23":"tag-france","24":"tag-gieres","25":"tag-grenoble","26":"tag-grenoble-bassin","27":"tag-isere","28":"tag-le-pont-de-claix","29":"tag-meylan","30":"tag-news","31":"tag-republique-francaise","32":"tag-saint-martin-dheres","33":"tag-sassenage","34":"tag-social","35":"tag-transport","36":"tag-vizille","37":"tag-voiron","38":"tag-voreppe"},"share_on_mastodon":{"url":"https:\/\/pubeurope.com\/@fr\/115327874168160844","error":""},"_links":{"self":[{"href":"https:\/\/www.europesays.com\/fr\/wp-json\/wp\/v2\/posts\/443112","targetHints":{"allow":["GET"]}}],"collection":[{"href":"https:\/\/www.europesays.com\/fr\/wp-json\/wp\/v2\/posts"}],"about":[{"href":"https:\/\/www.europesays.com\/fr\/wp-json\/wp\/v2\/types\/post"}],"author":[{"embeddable":true,"href":"https:\/\/www.europesays.com\/fr\/wp-json\/wp\/v2\/users\/2"}],"replies":[{"embeddable":true,"href":"https:\/\/www.europesays.com\/fr\/wp-json\/wp\/v2\/comments?post=443112"}],"version-history":[{"count":0,"href":"https:\/\/www.europesays.com\/fr\/wp-json\/wp\/v2\/posts\/443112\/revisions"}],"wp:featuredmedia":[{"embeddable":true,"href":"https:\/\/www.europesays.com\/fr\/wp-json\/wp\/v2\/media\/443113"}],"wp:attachment":[{"href":"https:\/\/www.europesays.com\/fr\/wp-json\/wp\/v2\/media?parent=443112"}],"wp:term":[{"taxonomy":"category","embeddable":true,"href":"https:\/\/www.europesays.com\/fr\/wp-json\/wp\/v2\/categories?post=443112"},{"taxonomy":"post_tag","embeddable":true,"href":"https:\/\/www.europesays.com\/fr\/wp-json\/wp\/v2\/tags?post=443112"}],"curies":[{"name":"wp","href":"https:\/\/api.w.org\/{rel}","templated":true}]}}