{"id":443114,"date":"2025-10-06T15:14:12","date_gmt":"2025-10-06T15:14:12","guid":{"rendered":"https:\/\/www.europesays.com\/fr\/443114\/"},"modified":"2025-10-06T15:14:12","modified_gmt":"2025-10-06T15:14:12","slug":"cabinet-de-curiosite-devenu-institution-de-reference-le-museum-de-grenoble-fete-ses-250-ans","status":"publish","type":"post","link":"https:\/\/www.europesays.com\/fr\/443114\/","title":{"rendered":"cabinet de curiosit\u00e9 devenu institution de r\u00e9f\u00e9rence, le Mus\u00e9um de Grenoble f\u00eate ses 250 ans"},"content":{"rendered":"<p class=\"article__intro\">Le Mus\u00e9um d&rsquo;histoire naturelle de Grenoble f\u00eate ses 250 ans. Ce qui \u00e9tait au d\u00e9part un cabinet de curiosit\u00e9 est devenu une r\u00e9f\u00e9rence internationale pour certaines esp\u00e8ces, avec des collections riches de 1,5 million d&rsquo;objets et de sp\u00e9cimens.<\/p>\n<p>\n      L\u2019actu des r\u00e9gions\n    <\/p>\n<p>\n      Chaque jour, un tour d\u2019horizon des principales infos de toutes les r\u00e9gions.\n    <\/p>\n<p>    France T\u00e9l\u00e9visions utilise votre adresse e-mail afin de vous envoyer la newsletter \u00ab\u00a0L\u2019actu des r\u00e9gions\u00a0\u00bb. Vous pouvez vous d\u00e9sinscrire \u00e0 tout moment via le lien en bas de cette newsletter. <a target=\"_blank\" href=\"https:\/\/www.francetelevisions.fr\/groupe\/confidentialite\/politique-de-confidentialite\/politique-de-confidentialite-de-france-televisions-6503\" rel=\"nofollow noopener\">Notre politique de confidentialit\u00e9<\/a><\/p>\n<p>Pousser les portes du Mus\u00e9um d&rsquo;histoire naturelle de Grenoble, c&rsquo;est arpenter le pont d&rsquo;un vieux navire en bois \u00e0 travers les temps g\u00e9ologiques. Minerais, fossiles et cristaux renvoient le visiteur \u00e0 la formation des Alpes et du continent europ\u00e9en.<\/p>\n<p>Un voyage temporel dans une ambiance chaleureuse \u00ab\u00a0avec ce parquet qui craque, ces balcons\u00a0\u00bb, observe Sophie, une visiteuse. \u00ab\u00a0Au niveau de l&rsquo;architecture et du contenu, c&rsquo;est top. C&rsquo;est pour \u00e7a qu&rsquo;on vient souvent\u00a0\u00bb, sourit la m\u00e8re de famille. \u00ab\u00a0J&rsquo;ai \u00e9t\u00e9 surpris de voir que c&rsquo;est tr\u00e8s diversifi\u00e9. Il y a de tout, on peut chercher tout ce qu&rsquo;on veut : du quartz, des fossiles, des insectes\u00a0\u00bb, liste Noah, un jeune visiteur.<\/p>\n<p>Le b\u00e2timent, construit en 1955, propose aussi un face-\u00e0-face avec les animaux qui peuplent le monde. Une d\u00e9couverte de la nature en plein centre-ville propos\u00e9e depuis son ouverture en 1775. A l&rsquo;\u00e9poque, le Mus\u00e9um n&rsquo;\u00e9tait qu&rsquo;un cabinet de curiosit\u00e9 exposant notamment des animaux naturalis\u00e9s.<\/p>\n<p>\u00ab\u00a0On a pu, au XIXe si\u00e8cle, avoir des montages tr\u00e8s spectaculaires qui montrent des sc\u00e8nes de pr\u00e9dation, ou des animaux qui peuvent para\u00eetre agressifs. Au fil du temps, on est all\u00e9s vers des taxidermies plus r\u00e9alistes, avec des sp\u00e9cimens dans des situations de repos, ou de soumission\u00a0\u00bb, retrace R\u00e9becca Bilon, directrice du mus\u00e9e.<\/p>\n<p>Riche de plusieurs millions de sp\u00e9cimens, le Mus\u00e9um est une source de connaissance inestimable pour de nombreux chercheurs. Sa collection de papillons Apollon, une esp\u00e8ce de montagne embl\u00e9matique des Alpes, a contribu\u00e9 \u00e0 deux \u00e9tudes scientifiques encore en cours.<\/p>\n<p>    dur\u00e9e de la vid\u00e9o : 00h02mn01s<\/p>\n<p>        <img decoding=\"async\" width=\"640\" height=\"426\" class=\"article-image not-lazy\" src=\"https:\/\/france3-regions.franceinfo.fr\/assets\/img\/logos\/fallbackFr3_16_9.webp\" alt=\"\" fetchpriority=\"high\"\/><\/p>\n<p>              Voir la video\u00a0(2 minutes 1 secondes).\u00a0<br \/>\n                  2 min 1 s<\/p>\n<p>\n          Le Mus\u00e9um d&rsquo;histoire naturelle de Grenoble f\u00eate ses 250 ans. Ce qui \u00e9tait au d\u00e9part un cabinet de curiosit\u00e9 est devenu une r\u00e9f\u00e9rence internationale pour certaines esp\u00e8ces, avec des collections riches de 1,5 million d&rsquo;objets et de sp\u00e9cimens.<\/p>\n<p>        \u2022<\/p>\n<p>              \u00a9France T\u00e9l\u00e9visions\n      <\/p>\n<p>\u00ab\u00a0Ce qui est pertinent, c&rsquo;est qu&rsquo;avec les sp\u00e9cimens anciens, on peut avoir un \u00e9tat de l&rsquo;art initial et expliquer ce qu&rsquo;on a aujourd&rsquo;hui, observer la progression qui est malheureusement rarement positive. Pour l&rsquo;Apollon, on a vraiment une population en d\u00e9clin\u00a0\u00bb, note Charlotte Fetiveau, charg\u00e9e des collections entomologiques.<\/p>\n<p>Les collections du Mus\u00e9um sont compos\u00e9es de 1,5 million d&rsquo;objets et de sp\u00e9cimens dans les disciplines de la botanique, de la zoologie, de la g\u00e9ologie ou encore de l&rsquo;ethnologie. Une mission de conservation qui prend tout son sens aujourd&rsquo;hui avec l&rsquo;acc\u00e9l\u00e9ration du r\u00e9chauffement climatique dans les Alpes<\/p>\n","protected":false},"excerpt":{"rendered":"Le Mus\u00e9um d&rsquo;histoire naturelle de Grenoble f\u00eate ses 250 ans. Ce qui \u00e9tait au d\u00e9part un cabinet de&hellip;\n","protected":false},"author":2,"featured_media":443115,"comment_status":"","ping_status":"","sticky":false,"template":"","format":"standard","meta":{"footnotes":""},"categories":[9566],"tags":[1111,11,2430,1777,674,1011,27,2731,12,25],"class_list":{"0":"post-443114","1":"post","2":"type-post","3":"status-publish","4":"format-standard","5":"has-post-thumbnail","7":"category-grenoble","8":"tag-actu","9":"tag-actualites","10":"tag-auvergne-rhone-alpes","11":"tag-eu","12":"tag-europe","13":"tag-fr","14":"tag-france","15":"tag-grenoble","16":"tag-news","17":"tag-republique-francaise"},"share_on_mastodon":{"url":"https:\/\/pubeurope.com\/@fr\/115327878609518389","error":""},"_links":{"self":[{"href":"https:\/\/www.europesays.com\/fr\/wp-json\/wp\/v2\/posts\/443114","targetHints":{"allow":["GET"]}}],"collection":[{"href":"https:\/\/www.europesays.com\/fr\/wp-json\/wp\/v2\/posts"}],"about":[{"href":"https:\/\/www.europesays.com\/fr\/wp-json\/wp\/v2\/types\/post"}],"author":[{"embeddable":true,"href":"https:\/\/www.europesays.com\/fr\/wp-json\/wp\/v2\/users\/2"}],"replies":[{"embeddable":true,"href":"https:\/\/www.europesays.com\/fr\/wp-json\/wp\/v2\/comments?post=443114"}],"version-history":[{"count":0,"href":"https:\/\/www.europesays.com\/fr\/wp-json\/wp\/v2\/posts\/443114\/revisions"}],"wp:featuredmedia":[{"embeddable":true,"href":"https:\/\/www.europesays.com\/fr\/wp-json\/wp\/v2\/media\/443115"}],"wp:attachment":[{"href":"https:\/\/www.europesays.com\/fr\/wp-json\/wp\/v2\/media?parent=443114"}],"wp:term":[{"taxonomy":"category","embeddable":true,"href":"https:\/\/www.europesays.com\/fr\/wp-json\/wp\/v2\/categories?post=443114"},{"taxonomy":"post_tag","embeddable":true,"href":"https:\/\/www.europesays.com\/fr\/wp-json\/wp\/v2\/tags?post=443114"}],"curies":[{"name":"wp","href":"https:\/\/api.w.org\/{rel}","templated":true}]}}