{"id":443122,"date":"2025-10-06T15:18:16","date_gmt":"2025-10-06T15:18:16","guid":{"rendered":"https:\/\/www.europesays.com\/fr\/443122\/"},"modified":"2025-10-06T15:18:16","modified_gmt":"2025-10-06T15:18:16","slug":"pres-de-strasbourg-un-immeuble-reinvente-les-colombages-en-mode-contemporain","status":"publish","type":"post","link":"https:\/\/www.europesays.com\/fr\/443122\/","title":{"rendered":"Pr\u00e8s de Strasbourg, un immeuble r\u00e9invente les colombages en mode contemporain"},"content":{"rendered":"<p>Quel dr\u00f4le d&rsquo;immeuble\u00a0! Avec ses colombages artistiques, il est tout droit sorti de l&rsquo;imagination de la Maison Edouard Fran\u00e7ois, Fran\u00e7ois Mangeol et Vinci Immobilier dans le cadre du programme 1 immeuble, 1 \u0153uvre. <\/p>\n<p class=\"para r3\">\u00a0<\/p>\n<p>Entre ville et nature, tramway et for\u00eat, le projet des Rives du Bohrie s&rsquo;inscrit dans un site aux contraintes fortes\u00a0: un r\u00e8glement de ZAC rigoureux et un contexte paysager et urbain d&rsquo;une richesse remarquable.  Alors que pour la Maison Edouard Fran\u00e7ois, l&rsquo;architecture des ZAC doit \u00e9tablir davantage de connexions avec les centres-villes qu&rsquo;elles avoisinent, cet immeuble s&rsquo;est tr\u00e8s vite transform\u00e9 en v\u00e9ritable manifeste architectural, plaidant pour la prise en compte des valeurs contextuelles des m\u00e9tropoles dans les constructions p\u00e9riph\u00e9riques. Bien loin d&rsquo;un mim\u00e9tisme d&rsquo;inspiration r\u00e9gionaliste,  <\/p>\n<p>Il vous reste 85% \u00e0 d\u00e9couvrir.<\/p>\n","protected":false},"excerpt":{"rendered":"Quel dr\u00f4le d&rsquo;immeuble\u00a0! Avec ses colombages artistiques, il est tout droit sorti de l&rsquo;imagination de la Maison Edouard&hellip;\n","protected":false},"author":2,"featured_media":443123,"comment_status":"","ping_status":"","sticky":false,"template":"","format":"standard","meta":{"footnotes":""},"categories":[2820],"tags":[1111,11,1777,674,1011,27,775,12,25,640],"class_list":{"0":"post-443122","1":"post","2":"type-post","3":"status-publish","4":"format-standard","5":"has-post-thumbnail","7":"category-strasbourg","8":"tag-actu","9":"tag-actualites","10":"tag-eu","11":"tag-europe","12":"tag-fr","13":"tag-france","14":"tag-grand-est","15":"tag-news","16":"tag-republique-francaise","17":"tag-strasbourg"},"share_on_mastodon":{"url":"https:\/\/pubeurope.com\/@fr\/115327893768598304","error":""},"_links":{"self":[{"href":"https:\/\/www.europesays.com\/fr\/wp-json\/wp\/v2\/posts\/443122","targetHints":{"allow":["GET"]}}],"collection":[{"href":"https:\/\/www.europesays.com\/fr\/wp-json\/wp\/v2\/posts"}],"about":[{"href":"https:\/\/www.europesays.com\/fr\/wp-json\/wp\/v2\/types\/post"}],"author":[{"embeddable":true,"href":"https:\/\/www.europesays.com\/fr\/wp-json\/wp\/v2\/users\/2"}],"replies":[{"embeddable":true,"href":"https:\/\/www.europesays.com\/fr\/wp-json\/wp\/v2\/comments?post=443122"}],"version-history":[{"count":0,"href":"https:\/\/www.europesays.com\/fr\/wp-json\/wp\/v2\/posts\/443122\/revisions"}],"wp:featuredmedia":[{"embeddable":true,"href":"https:\/\/www.europesays.com\/fr\/wp-json\/wp\/v2\/media\/443123"}],"wp:attachment":[{"href":"https:\/\/www.europesays.com\/fr\/wp-json\/wp\/v2\/media?parent=443122"}],"wp:term":[{"taxonomy":"category","embeddable":true,"href":"https:\/\/www.europesays.com\/fr\/wp-json\/wp\/v2\/categories?post=443122"},{"taxonomy":"post_tag","embeddable":true,"href":"https:\/\/www.europesays.com\/fr\/wp-json\/wp\/v2\/tags?post=443122"}],"curies":[{"name":"wp","href":"https:\/\/api.w.org\/{rel}","templated":true}]}}