{"id":443131,"date":"2025-10-06T15:23:12","date_gmt":"2025-10-06T15:23:12","guid":{"rendered":"https:\/\/www.europesays.com\/fr\/443131\/"},"modified":"2025-10-06T15:23:12","modified_gmt":"2025-10-06T15:23:12","slug":"un-conducteur-percute-un-gendarme-en-prenant-la-fuite-son-collegue-ouvre-le-feu","status":"publish","type":"post","link":"https:\/\/www.europesays.com\/fr\/443131\/","title":{"rendered":"Un conducteur percute un gendarme en prenant la fuite, son coll\u00e8gue ouvre le feu"},"content":{"rendered":"<p>Un conducteur en fuite a percut\u00e9 <a href=\"https:\/\/www.20minutes.fr\/dossier\/gendarmerie\" target=\"_blank\" class=\"c-link c-link--is-underlined\" rel=\"noopener\">un gendarme<\/a> avant d\u2019\u00eatre arr\u00eat\u00e9 et plac\u00e9 en garde \u00e0 vue, stopp\u00e9 par les tirs d\u2019un second militaire. Les faits se sont d\u00e9roul\u00e9s dimanche vers 18h45 \u00e0 La-Chapelle-sur-Erdre (Loire-Atlantique), au nord de <a href=\"https:\/\/www.20minutes.fr\/nantes\/\" target=\"_blank\" class=\"c-link c-link--is-underlined\" rel=\"noopener\">Nantes<\/a>.<\/p>\n<p>Des gendarmes \u00ab\u00a0ont \u00e9t\u00e9 sollicit\u00e9s pour de multiples infractions de la part d\u2019un automobiliste\u00a0\u00bb, affirme \u00e0 20 Minutes le lieutenant-colonel Gag\u00e9 de la gendarmerie du <a href=\"https:\/\/www.20minutes.fr\/societe\/4177388-20251006-pays-loire-horaires-certains-ter-modifies-lundi-voici-pourquoi\" target=\"_blank\" class=\"c-link c-link--is-underlined\" rel=\"noopener\">Pays-de-la-Loire<\/a>, confirmant une information de <a href=\"https:\/\/www.ouest-france.fr\/societe\/faits-divers\/un-gendarme-ouvre-le-feu-pres-de-nantes-pour-stopper-un-chauffard-qui-a-percute-son-collegue-5cacddaa-a293-11f0-a698-dbf3ac8f3cb6\" target=\"_blank\" class=\"c-link c-link--is-underlined\" rel=\"noopener\">Ouest-France<\/a>. Somm\u00e9 de s\u2019arr\u00eater, l\u2019individu a pris la fuite \u00e0 bord de son v\u00e9hicule engendrant une poursuite au cours de laquelle \u00ab\u00a0le v\u00e9hicule a percut\u00e9 une habitation\u00a0\u00bb. Sur place, l\u2019un des gendarmes est sorti de son v\u00e9hicule dans le but de proc\u00e9der aux injonctions avant que l\u2019automobiliste n\u2019ouvre sa porti\u00e8re pour finalement reculer et le percuter.<\/p>\n<p>Etat d\u2019\u00e9bri\u00e9t\u00e9<\/p>\n<p>\u00ab\u00a0Pour \u00e9viter que son coll\u00e8gue soit percut\u00e9 une deuxi\u00e8me fois, le second militaire a ouvert le feu en visant les roues de fa\u00e7on \u00e0 immobiliser le v\u00e9hicule\u00a0\u00bb, d\u00e9taille la gendarmerie. L\u2019individu a \u00e9t\u00e9 interpell\u00e9 et plac\u00e9 en garde \u00e0 vue dans la soir\u00e9e pour refus d\u2019obtemp\u00e9rer et pour avoir volontairement percut\u00e9 un gendarme.<\/p>\n<p>Le gendarme \u00ab\u00a0ne pr\u00e9sente que des contusions\u00a0\u00bb. L\u2019individu interpell\u00e9 est un homme de 35 ans d\u00e9j\u00e0 connu des services de gendarmerie. Il conduisait en <a href=\"https:\/\/www.20minutes.fr\/societe\/ivresse\/\" target=\"_blank\" class=\"c-link c-link--is-underlined\" rel=\"noopener\">\u00e9tat d\u2019\u00e9bri\u00e9t\u00e9<\/a>.<\/p>\n","protected":false},"excerpt":{"rendered":"Un conducteur en fuite a percut\u00e9 un gendarme avant d\u2019\u00eatre arr\u00eat\u00e9 et plac\u00e9 en garde \u00e0 vue, stopp\u00e9&hellip;\n","protected":false},"author":2,"featured_media":443132,"comment_status":"","ping_status":"","sticky":false,"template":"","format":"standard","meta":{"footnotes":""},"categories":[2818],"tags":[1111,47,11,1777,674,118,6944,1011,27,3381,3047,766,12,2636,2852,25],"class_list":{"0":"post-443131","1":"post","2":"type-post","3":"status-publish","4":"format-standard","5":"has-post-thumbnail","7":"category-nantes","8":"tag-actu","9":"tag-actualite","10":"tag-actualites","11":"tag-eu","12":"tag-europe","13":"tag-faits-divers","14":"tag-faits-divers-nantes","15":"tag-fr","16":"tag-france","17":"tag-gendarmerie","18":"tag-loire-atlantique","19":"tag-nantes","20":"tag-news","21":"tag-pays-de-la-loire","22":"tag-refus-dobtemperer","23":"tag-republique-francaise"},"share_on_mastodon":{"url":"https:\/\/pubeurope.com\/@fr\/115327913476058495","error":""},"_links":{"self":[{"href":"https:\/\/www.europesays.com\/fr\/wp-json\/wp\/v2\/posts\/443131","targetHints":{"allow":["GET"]}}],"collection":[{"href":"https:\/\/www.europesays.com\/fr\/wp-json\/wp\/v2\/posts"}],"about":[{"href":"https:\/\/www.europesays.com\/fr\/wp-json\/wp\/v2\/types\/post"}],"author":[{"embeddable":true,"href":"https:\/\/www.europesays.com\/fr\/wp-json\/wp\/v2\/users\/2"}],"replies":[{"embeddable":true,"href":"https:\/\/www.europesays.com\/fr\/wp-json\/wp\/v2\/comments?post=443131"}],"version-history":[{"count":0,"href":"https:\/\/www.europesays.com\/fr\/wp-json\/wp\/v2\/posts\/443131\/revisions"}],"wp:featuredmedia":[{"embeddable":true,"href":"https:\/\/www.europesays.com\/fr\/wp-json\/wp\/v2\/media\/443132"}],"wp:attachment":[{"href":"https:\/\/www.europesays.com\/fr\/wp-json\/wp\/v2\/media?parent=443131"}],"wp:term":[{"taxonomy":"category","embeddable":true,"href":"https:\/\/www.europesays.com\/fr\/wp-json\/wp\/v2\/categories?post=443131"},{"taxonomy":"post_tag","embeddable":true,"href":"https:\/\/www.europesays.com\/fr\/wp-json\/wp\/v2\/tags?post=443131"}],"curies":[{"name":"wp","href":"https:\/\/api.w.org\/{rel}","templated":true}]}}