{"id":443137,"date":"2025-10-06T15:26:11","date_gmt":"2025-10-06T15:26:11","guid":{"rendered":"https:\/\/www.europesays.com\/fr\/443137\/"},"modified":"2025-10-06T15:26:11","modified_gmt":"2025-10-06T15:26:11","slug":"felicitations-au-pr-sebastien-vergez-elu-secretaire-general-de-la-sforl","status":"publish","type":"post","link":"https:\/\/www.europesays.com\/fr\/443137\/","title":{"rendered":"F\u00e9licitations au Pr S\u00e9bastien Vergez \u00e9lu secr\u00e9taire g\u00e9n\u00e9ral de la SFORL"},"content":{"rendered":"<p><img decoding=\"async\" src=\"https:\/\/www.europesays.com\/fr\/wp-content\/uploads\/2025\/10\/12c7dfbe53aa5102ac930b50a10cc1.jpg\" alt=\"\" width=\"320\" height=\"480\" fetchpriority=\"low\" loading=\"lazy\"\/><\/p>\n<p>Le Pr S\u00e9bastien Vergez, chef du service ORL et Chirurgie cervico-faciale \u00e0 l\u2019H\u00f4pital Larrey au CHU de Toulouse et chef du d\u00e9partement de chirurgie de l\u2019Institut Universitaire du Cancer de Toulouse \u2013 Oncopole, vient d\u2019\u00eatre \u00e9lu secr\u00e9taire g\u00e9n\u00e9ral de la Soci\u00e9t\u00e9 Fran\u00e7aise d\u2019Oto-Rhino-Laryngologie (SFORL).<br class=\"autobr\"\/><br \/>\nCette \u00e9lection lors du congr\u00e8s annuel de la SFORL \u00e0 Lille, marque une reconnaissance du dynamisme de l\u2019\u00e9cole ORL toulousaine.<\/p>\n<p>\u00ab\u00a0C\u2019est avec humilit\u00e9 mais enthousiasme que j\u2019aborde cette nouvelle responsabilit\u00e9\u00a0\u00bb, indique le Pr Vergez, qui dirigera la soci\u00e9t\u00e9 savante pendant 6 ans.<br class=\"autobr\"\/><br \/>\n\u00ab\u00a0Ma mission sera de d\u00e9fendre les ORL et leurs patients, de faire vivre les savoirs et de promouvoir la communaut\u00e9 ORL fran\u00e7aise \u00e0 l\u2019international.\u00a0\u00bb<\/p>\n<p>Le CHU de Toulouse f\u00e9licite \u00e9galement le Dr Marie-No\u00eblle Calmels (PH ORL Purpan), qui int\u00e8gre le nouveau bureau de la SFORL.<\/p>\n","protected":false},"excerpt":{"rendered":"Le Pr S\u00e9bastien Vergez, chef du service ORL et Chirurgie cervico-faciale \u00e0 l\u2019H\u00f4pital Larrey au CHU de Toulouse&hellip;\n","protected":false},"author":2,"featured_media":443138,"comment_status":"","ping_status":"","sticky":false,"template":"","format":"standard","meta":{"footnotes":""},"categories":[2816],"tags":[1111,11,1777,674,1011,27,12,2680,25,2312],"class_list":{"0":"post-443137","1":"post","2":"type-post","3":"status-publish","4":"format-standard","5":"has-post-thumbnail","7":"category-toulouse","8":"tag-actu","9":"tag-actualites","10":"tag-eu","11":"tag-europe","12":"tag-fr","13":"tag-france","14":"tag-news","15":"tag-occitanie","16":"tag-republique-francaise","17":"tag-toulouse"},"share_on_mastodon":{"url":"https:\/\/pubeurope.com\/@fr\/115327925284149518","error":""},"_links":{"self":[{"href":"https:\/\/www.europesays.com\/fr\/wp-json\/wp\/v2\/posts\/443137","targetHints":{"allow":["GET"]}}],"collection":[{"href":"https:\/\/www.europesays.com\/fr\/wp-json\/wp\/v2\/posts"}],"about":[{"href":"https:\/\/www.europesays.com\/fr\/wp-json\/wp\/v2\/types\/post"}],"author":[{"embeddable":true,"href":"https:\/\/www.europesays.com\/fr\/wp-json\/wp\/v2\/users\/2"}],"replies":[{"embeddable":true,"href":"https:\/\/www.europesays.com\/fr\/wp-json\/wp\/v2\/comments?post=443137"}],"version-history":[{"count":0,"href":"https:\/\/www.europesays.com\/fr\/wp-json\/wp\/v2\/posts\/443137\/revisions"}],"wp:featuredmedia":[{"embeddable":true,"href":"https:\/\/www.europesays.com\/fr\/wp-json\/wp\/v2\/media\/443138"}],"wp:attachment":[{"href":"https:\/\/www.europesays.com\/fr\/wp-json\/wp\/v2\/media?parent=443137"}],"wp:term":[{"taxonomy":"category","embeddable":true,"href":"https:\/\/www.europesays.com\/fr\/wp-json\/wp\/v2\/categories?post=443137"},{"taxonomy":"post_tag","embeddable":true,"href":"https:\/\/www.europesays.com\/fr\/wp-json\/wp\/v2\/tags?post=443137"}],"curies":[{"name":"wp","href":"https:\/\/api.w.org\/{rel}","templated":true}]}}