{"id":443139,"date":"2025-10-06T15:27:11","date_gmt":"2025-10-06T15:27:11","guid":{"rendered":"https:\/\/www.europesays.com\/fr\/443139\/"},"modified":"2025-10-06T15:27:11","modified_gmt":"2025-10-06T15:27:11","slug":"flottille-pour-gaza-detenus-en-israel-le-depute-francois-piquemal-et-deux-autres-toulousains-ont-ete-liberes","status":"publish","type":"post","link":"https:\/\/www.europesays.com\/fr\/443139\/","title":{"rendered":"Flottille pour Gaza. D\u00e9tenus en Isra\u00ebl, le d\u00e9put\u00e9 Fran\u00e7ois Piquemal et deux autres Toulousains ont \u00e9t\u00e9 lib\u00e9r\u00e9s"},"content":{"rendered":"<p>            Par<br \/>\n        <strong><br \/>\n            <a href=\"https:\/\/actu.fr\/auteur\/guillaume-laurens\" title=\"Consulter tous les articles de Guillaume Laurens\" rel=\"nofollow noopener\" target=\"_blank\">Guillaume Laurens<\/a><br \/>\n        <\/strong><\/p>\n<p>        Publi\u00e9 le<\/p>\n<p>            6 oct. 2025 \u00e0 17h20        <\/p>\n<p>C\u2019est <strong>In\u00e8s Djelida<\/strong>, collaboratrice parlementaire du d\u00e9put\u00e9 (LFI) de la 4e circonscription de la Haute-Garonne, qui a annonc\u00e9 la nouvelle ce lundi 6 octobre 2025, en fin d\u2019apr\u00e8s-midi : <strong>Fran\u00e7ois Piquemal<\/strong> et les deux autres militants de Toulouse <a href=\"https:\/\/actu.fr\/occitanie\/toulouse_31555\/flotille-pour-gaza-detenu-en-israel-le-depute-francois-piquemal-debute-une-greve-de-la-faim_63255150.html\" rel=\"nofollow noopener\" target=\"_blank\">arr\u00eat\u00e9s par l\u2019arm\u00e9e isra\u00e9lienne<\/a> ont \u00e9t\u00e9 lib\u00e9r\u00e9s de la prison o\u00f9 ils \u00e9taient d\u00e9tenus depuis cinq jours. Ils \u00ab\u00a0ont pris un avion\u00a0\u00bb de retour vers la Gr\u00e8ce.<\/p>\n<p>Trois Toulousains \u00e9taient d\u00e9tenus en Isra\u00ebl<\/p>\n<p class=\" wall-content\">Outre Fran\u00e7ois Piquemal, le m\u00e9decin Khaled Benboutrif et le secr\u00e9taire d\u00e9partemental de la CGT C\u00e9dric Caub\u00e8re, avaient \u00e9t\u00e9 emprisonn\u00e9s \u00e0 la prison de Ketziot, au c\u0153ur du d\u00e9sert du N\u00e9guev, \u00ab\u00a0connue pour ses conditions indignes\u00a0\u00bb, se sont \u00e9mus leurs proches ce lundi.<\/p>\n<p>\u00ab\u00a0Ils ont \u00e9t\u00e9 lib\u00e9r\u00e9s\u00a0\u00bb, annonce In\u00e8s Djelida<\/p>\n<p class=\" wall-content\">\u00ab\u00a0Nous avons appris hier que <strong>28 Fran\u00e7ais allaient \u00eatre rapatri\u00e9s<\/strong> en France\u00a0\u00bb, a d\u00e9but\u00e9 ce lundi la collaboratrice parlementaire de Fran\u00e7ois Piquemal.<\/p>\n<blockquote class=\"ac-article-quote wall-content\">\n<p>Nous savons que les trois Toulousains sont dans l\u2019avion retour. Ils ont \u00e9t\u00e9 lib\u00e9r\u00e9s et sont dans un vol qui est arriv\u00e9 \u00e0 Ath\u00e8nes (Gr\u00e8ce) \u00bb vers 16 heures.<\/p>\n<p>    <strong>In\u00e8s Djelida<\/strong><br \/>\n        Collaboratrice parlementaire du d\u00e9put\u00e9 (LFI) de la 4e circonscription de la Haute-Garonne    <\/p><\/blockquote>\n<p>\u00ab\u00a0Tout est pass\u00e9 par le consulat\u00a0\u00bb<\/p>\n<p class=\" wall-content\">\u00ab\u00a0La France n\u2019a strictement rien fait pour stopper N\u00e9tanyahou, mais aussi pour agir sur la lib\u00e9ration des membres de la flottille\u00a0\u00bb, a longuement d\u00e9plor\u00e9 <strong>Pauline Salingue,<\/strong> figure de la CGT et du NPA \u00e0 Toulouse. \u00ab Nous n\u2019avons eu aucun contact direct avec nos trois militants, tout est pass\u00e9 par le consulat \u00bb, a-t-elle regrett\u00e9, lors d\u2019une conf\u00e9rence de presse en pr\u00e9sence de l\u2019entourage et des proches des trois Toulousains incarc\u00e9r\u00e9s en Isra\u00ebl. \u00ab Ils n\u2019ont plus de t\u00e9l\u00e9phone, plus d\u2019affaire. Les messages que l\u2019on a du consulat sont tr\u00e8s troubles\u00a0\u00bb, a \u00e9tay\u00e9 In\u00e8s Djelida.<\/p>\n<p>Vid\u00e9os : en ce moment sur Actu<\/p>\n<p class=\" wall-content\">En fin de conf\u00e9rence de presse, Pauline Salingue a re\u00e7u un appel puis s\u2019est exclam\u00e9e quelques instants apr\u00e8s : \u00ab\u00a0Je viens d\u2019avoir C\u00e9dric Caub\u00e8re au t\u00e9l\u00e9phone, ils vont bien\u00a0\u00bb.<\/p>\n<p class=\" wall-content\">Plus d\u2019infos \u00e0 suivre sur Actu Toulouse<\/p>\n<p class=\" wall-content\">Personnalisez votre actualit\u00e9 en ajoutant vos villes et m\u00e9dias en favori avec <a href=\"https:\/\/moncompte.actu.fr\" title=\"D\u00e9couvez Mon Actu\" rel=\"nofollow noopener\" data-trk=\"{&quot;cta&quot;:{&quot;action&quot;:&quot;https:\\\/\\\/moncompte.actu.fr&quot;,&quot;category&quot;:&quot;mon compte&quot;,&quot;from&quot;:&quot;article footer&quot;,&quot;name&quot;:&quot;Mon actu&quot;,&quot;type&quot;:&quot;cta&quot;}}\" target=\"_blank\">Mon Actu<\/a>.<\/p>\n","protected":false},"excerpt":{"rendered":"Par Guillaume Laurens Publi\u00e9 le 6 oct. 2025 \u00e0 17h20 C\u2019est In\u00e8s Djelida, collaboratrice parlementaire du d\u00e9put\u00e9 (LFI)&hellip;\n","protected":false},"author":2,"featured_media":443140,"comment_status":"","ping_status":"","sticky":false,"template":"","format":"standard","meta":{"footnotes":""},"categories":[2816],"tags":[1111,11,1777,674,1011,27,665,12,2680,25,104,2312],"class_list":{"0":"post-443139","1":"post","2":"type-post","3":"status-publish","4":"format-standard","5":"has-post-thumbnail","7":"category-toulouse","8":"tag-actu","9":"tag-actualites","10":"tag-eu","11":"tag-europe","12":"tag-fr","13":"tag-france","14":"tag-gaza","15":"tag-news","16":"tag-occitanie","17":"tag-republique-francaise","18":"tag-societe","19":"tag-toulouse"},"share_on_mastodon":{"url":"https:\/\/pubeurope.com\/@fr\/115327929285148574","error":""},"_links":{"self":[{"href":"https:\/\/www.europesays.com\/fr\/wp-json\/wp\/v2\/posts\/443139","targetHints":{"allow":["GET"]}}],"collection":[{"href":"https:\/\/www.europesays.com\/fr\/wp-json\/wp\/v2\/posts"}],"about":[{"href":"https:\/\/www.europesays.com\/fr\/wp-json\/wp\/v2\/types\/post"}],"author":[{"embeddable":true,"href":"https:\/\/www.europesays.com\/fr\/wp-json\/wp\/v2\/users\/2"}],"replies":[{"embeddable":true,"href":"https:\/\/www.europesays.com\/fr\/wp-json\/wp\/v2\/comments?post=443139"}],"version-history":[{"count":0,"href":"https:\/\/www.europesays.com\/fr\/wp-json\/wp\/v2\/posts\/443139\/revisions"}],"wp:featuredmedia":[{"embeddable":true,"href":"https:\/\/www.europesays.com\/fr\/wp-json\/wp\/v2\/media\/443140"}],"wp:attachment":[{"href":"https:\/\/www.europesays.com\/fr\/wp-json\/wp\/v2\/media?parent=443139"}],"wp:term":[{"taxonomy":"category","embeddable":true,"href":"https:\/\/www.europesays.com\/fr\/wp-json\/wp\/v2\/categories?post=443139"},{"taxonomy":"post_tag","embeddable":true,"href":"https:\/\/www.europesays.com\/fr\/wp-json\/wp\/v2\/tags?post=443139"}],"curies":[{"name":"wp","href":"https:\/\/api.w.org\/{rel}","templated":true}]}}