{"id":443145,"date":"2025-10-06T15:30:13","date_gmt":"2025-10-06T15:30:13","guid":{"rendered":"https:\/\/www.europesays.com\/fr\/443145\/"},"modified":"2025-10-06T15:30:13","modified_gmt":"2025-10-06T15:30:13","slug":"la-banque-alimentaire-des-bouches-du-rhone-fait-sa-rentree-et-cherche-des-benevoles","status":"publish","type":"post","link":"https:\/\/www.europesays.com\/fr\/443145\/","title":{"rendered":"La Banque alimentaire des Bouches-du-Rh\u00f4ne fait sa rentr\u00e9e et cherche des b\u00e9n\u00e9voles"},"content":{"rendered":"<p>L\u2019odeur du caf\u00e9 chaud embaume les murs de l\u2019h\u00f4tel du D\u00e9partement (4e). Ce lundi 6\u00a0octobre, la <a href=\"https:\/\/www.laprovence.com\/article\/contenu-sponsorise\/1027165318607914\/laits-go-les-entreprises-marseillaises-se-mobilisent-pour-une-collecte-de-50-000-litres-de-lait\" target=\"_blank\" rel=\"noopener\">Banque alimentaire des Bouches-du-Rh\u00f4ne<\/a> &#8211; premier r\u00e9seau d\u2019aide alimentaire depuis\u00a01986 &#8211; y organisait son \u00ab\u00a0caf\u00e9 de rentr\u00e9e\u00a0\u00bb. En France, 7\u00a0millions de personnes sont concern\u00e9es par l\u2019aide alimentaire selon le Cocolupa (Comit\u00e9 national de coordination de la lutte contre la pr\u00e9carit\u00e9 alimentaire) en\u00a02020, et le r\u00e9seau des Banques alimentaires permet d\u2019en aider 2,4\u00a0millions. \u00ab\u00a0La situation est alarmante. La pr\u00e9carit\u00e9 alimentaire s\u2019installe et les b\u00e9n\u00e9voles manquent\u00a0\u00bb, rappelle son <a href=\"https:\/\/www.laprovence.com\/article\/economie\/1172655249547515\/je-noublie-pas-dou-je-viens-le-portrait-de-joseph-arakel\" target=\"_blank\" rel=\"noopener\">pr\u00e9sident Joseph Arakel<\/a>.<\/p>\n<p>3\u00a0000 b\u00e9n\u00e9voles pour r\u00e9colter 10% du stock annuel<\/p>\n<p>En\u00a02024, dans le d\u00e9partement, la Banque alimentaire a distribu\u00e9 3\u00a0889 tonnes de denr\u00e9es et 7,8\u00a0millions de repas aux CCAS (centre communal d\u2019action sociale) et associations partenaires comme <a href=\"https:\/\/www.laprovence.com\/article\/societe\/27623607754588\/au-manier-une-oasis-de-fraicheur-et-de-convivialite-pour-les-seniors-isoles-et-demunis-a-marseille\" target=\"_blank\" rel=\"noopener\">Les Petits Fr\u00e8res des Pauvres<\/a>, <a href=\"https:\/\/www.laprovence.com\/article\/region\/28824730067407\/precarite-alimentaire-des-etudiants-a-marseille-une-semaine-de-repas-gratuits-dans-les-restos-u\" target=\"_blank\" rel=\"noopener\">Cop1<\/a>, la Croix-Rouge ou <a href=\"https:\/\/www.laprovence.com\/article\/edition-aubagne-la-ciotat\/5854344\/vendredi13-ouvre-un-centre-dhebergement-durgence.html\" target=\"_blank\" rel=\"noopener\">Vendredi\u00a013.<\/a> Ces denr\u00e9es sont r\u00e9colt\u00e9es lors de la \u00ab\u00a0Grande collecte annuelle\u00a0\u00bb organis\u00e9e les 28, 29 et 30\u00a0novembre.<\/p>\n<p>Un \u00e9v\u00e9nement qui permet de r\u00e9cup\u00e9rer 10\u00a0% du stock annuel de l\u2019association, des produits alimentaires et d\u2019hygi\u00e8ne collect\u00e9s aupr\u00e8s du grand public, des industriels, des producteurs, des coop\u00e9ratives et des grandes surfaces. \u00ab\u00a0Nous sommes \u00e0 l\u2019os. Les b\u00e9n\u00e9voles manquent\u00a0\u00bb, soutient Denis Rossi, \u00e9lu (DVD) des 13e\u00a0et 14e\u00a0arrondissements de Marseille et conseiller d\u00e9partemental.<\/p>\n<p>En\u00a02024, 3\u00a0000 coordinateurs se sont pourtant mobilis\u00e9s. Des associations d\u2019aide alimentaire, des clubs tels que le Rotary International, des structures \u00e9tudiantes mais aussi des <a href=\"https:\/\/www.laprovence.com\/article\/region\/1339554228111215\/de-nouvelles-epiceries-solidaires-pour-les-etudiants-sur-les-campus-marseillais\" target=\"_blank\" rel=\"noopener\">\u00e9piceries solidaires<\/a>. Au 74, Cours Julien, \u00c9lodie Albert re\u00e7oit chaque jour de nouvelles demandes au c\u0153ur du <a href=\"https:\/\/www.laprovence.com\/article\/edition-marseille\/3361890\/les-plus-pauvres-vont-ils-etre-prives-de-repas.html\" target=\"_blank\" rel=\"noopener\">restaurant Social Noga<\/a>, g\u00e9r\u00e9 par l\u2019association Maavar.<\/p>\n<p>\u00ab\u00a0On ne peut pas r\u00e9pondre \u00e0 tous les b\u00e9n\u00e9ficiaires et ils sont de plus en plus nombreux\u00a0\u00bb, d\u00e9plore-t-elle pour l\u2019association Maavar. La Banque alimentaire esp\u00e8re, cette ann\u00e9e, r\u00e9colter 20\u00a0tonnes de plus et mobiliser de nouveaux partenaires, industriels et associatifs.<\/p>\n","protected":false},"excerpt":{"rendered":"L\u2019odeur du caf\u00e9 chaud embaume les murs de l\u2019h\u00f4tel du D\u00e9partement (4e). Ce lundi 6\u00a0octobre, la Banque alimentaire&hellip;\n","protected":false},"author":2,"featured_media":443146,"comment_status":"","ping_status":"","sticky":false,"template":"","format":"standard","meta":{"footnotes":""},"categories":[2814],"tags":[17,1111,11,13194,523,885,1809,154,1777,674,21,1011,27,884,12,882,16,28313,25],"class_list":{"0":"post-443145","1":"post","2":"type-post","3":"status-publish","4":"format-standard","5":"has-post-thumbnail","7":"category-marseille","8":"tag-17","9":"tag-actu","10":"tag-actualites","11":"tag-alimentaire","12":"tag-banque","13":"tag-bouches-du-rhone","14":"tag-cherche","15":"tag-des","16":"tag-eu","17":"tag-europe","18":"tag-fait","19":"tag-fr","20":"tag-france","21":"tag-marseille","22":"tag-news","23":"tag-provence-alpes-cote-dazur","24":"tag-region","25":"tag-rentree","26":"tag-republique-francaise"},"share_on_mastodon":{"url":"https:\/\/pubeurope.com\/@fr\/115327941114150971","error":""},"_links":{"self":[{"href":"https:\/\/www.europesays.com\/fr\/wp-json\/wp\/v2\/posts\/443145","targetHints":{"allow":["GET"]}}],"collection":[{"href":"https:\/\/www.europesays.com\/fr\/wp-json\/wp\/v2\/posts"}],"about":[{"href":"https:\/\/www.europesays.com\/fr\/wp-json\/wp\/v2\/types\/post"}],"author":[{"embeddable":true,"href":"https:\/\/www.europesays.com\/fr\/wp-json\/wp\/v2\/users\/2"}],"replies":[{"embeddable":true,"href":"https:\/\/www.europesays.com\/fr\/wp-json\/wp\/v2\/comments?post=443145"}],"version-history":[{"count":0,"href":"https:\/\/www.europesays.com\/fr\/wp-json\/wp\/v2\/posts\/443145\/revisions"}],"wp:featuredmedia":[{"embeddable":true,"href":"https:\/\/www.europesays.com\/fr\/wp-json\/wp\/v2\/media\/443146"}],"wp:attachment":[{"href":"https:\/\/www.europesays.com\/fr\/wp-json\/wp\/v2\/media?parent=443145"}],"wp:term":[{"taxonomy":"category","embeddable":true,"href":"https:\/\/www.europesays.com\/fr\/wp-json\/wp\/v2\/categories?post=443145"},{"taxonomy":"post_tag","embeddable":true,"href":"https:\/\/www.europesays.com\/fr\/wp-json\/wp\/v2\/tags?post=443145"}],"curies":[{"name":"wp","href":"https:\/\/api.w.org\/{rel}","templated":true}]}}