{"id":44315,"date":"2025-04-22T15:52:08","date_gmt":"2025-04-22T15:52:08","guid":{"rendered":"https:\/\/www.europesays.com\/fr\/44315\/"},"modified":"2025-04-22T15:52:08","modified_gmt":"2025-04-22T15:52:08","slug":"une-fille-de-15-ans-victime-de-revenge-porn-en-seine-saint-denis-sa-mere-la-brule-au-fer-a-repasser","status":"publish","type":"post","link":"https:\/\/www.europesays.com\/fr\/44315\/","title":{"rendered":"Une fille de 15 ans victime de revenge porn en Seine-Saint-Denis, sa m\u00e8re la br\u00fble au fer \u00e0 repasser"},"content":{"rendered":"<p>C&rsquo;est une sordide histoire que r\u00e9v\u00e8le <a href=\"https:\/\/www.leparisien.fr\/faits-divers\/une-ado-victime-de-revenge-porn-sa-mere-decouvre-la-video-et-brule-sa-fille-au-fer-a-repasser-22-04-2025-LBA4U3FOZZDL3AIOUPIT5ZNJEA.php\" target=\"_blank\" rel=\"noopener\">Le Parisien<\/a>, ce mardi 22 avril. Une jeune fille \u00e2g\u00e9e de 15 ans et scolaris\u00e9e dans un coll\u00e8ge de <a href=\"https:\/\/www.laprovence.com\/article\/faits-divers-justice\/4069891836442214\/un-elu-municipal-de-seine-saint-denis-agresse-a-son-domicile\" target=\"_blank\" rel=\"noopener\">Seine-Saint-Denis<\/a> a \u00e9t\u00e9 victime de <a href=\"https:\/\/www.laprovence.com\/actu\/en-direct\/6285307\/la-police-supprime-un-de-ses-tweets-de-prevention-contre-le-revenge-porn.html\" target=\"_blank\" rel=\"noopener\">revenge porn<\/a>, une pratique qui consiste \u00e0 rendre public des contenus pornographiques sans le consentement d&rsquo;une des personnes pr\u00e9sentes sur les images.<\/p>\n<p>Selon nos confr\u00e8res, Anna* a \u00e9t\u00e9 film\u00e9e par deux autres filles de son \u00e9tablissement scolaire lors d&rsquo;un acte sexuel avec un gar\u00e7on avant de diffuser les images sur les r\u00e9seaux sociaux. Une vid\u00e9o qui ne tarde pas \u00e0 faire le tour du coll\u00e8ge et d\u00e9j\u00e0, la victime subit le harc\u00e8lement de ses camarades de classe.<\/p>\n<p>Le fr\u00e8re et la m\u00e8re de la victime plac\u00e9s sous contr\u00f4le judiciaire<\/p>\n<p>Ensuite, les deux filles \u00e0 l&rsquo;origine de ce revenge porn vont montrer les images au fr\u00e8re et \u00e0 la m\u00e8re de l&rsquo;adolescente.<\/p>\n<p>Cette derni\u00e8re se serait alors empar\u00e9e d&rsquo;un fer \u00e0 repasser et aurait br\u00fbl\u00e9 sa fille au mollet. Le m\u00e9decin lui a prescrit 10 jours d&rsquo;ITT Incapacit\u00e9 totale de travail). Les deux parents ont \u00e9t\u00e9 plac\u00e9s en garde \u00e0 vue apr\u00e8s les faits.<\/p>\n<p>La m\u00e8re ainsi que le fr\u00e8re, qui aurait frapp\u00e9 Anna apr\u00e8s avoir d\u00e9couvert la vid\u00e9o, ont \u00e9t\u00e9 plac\u00e9s sous contr\u00f4le judiciaire et sont dans l&rsquo;attente d&rsquo;une audience, pr\u00e9vue le 30\u00a0mai.<\/p>\n<p>Contact\u00e9 par nos confr\u00e8res, le rectorat de l&rsquo;acad\u00e9mie de Cr\u00e9teil ne souhaite pas communiquer sur les suites disciplinaires.<\/p>\n","protected":false},"excerpt":{"rendered":"C&rsquo;est une sordide histoire que r\u00e9v\u00e8le Le Parisien, ce mardi 22 avril. Une jeune fille \u00e2g\u00e9e de 15&hellip;\n","protected":false},"author":2,"featured_media":44316,"comment_status":"","ping_status":"","sticky":false,"template":"","format":"standard","meta":{"footnotes":""},"categories":[4],"tags":[17,11,1764,274,195,1011,27,12,13221,25,13220,1945,96,9418],"class_list":{"0":"post-44315","1":"post","2":"type-post","3":"status-publish","4":"format-standard","5":"has-post-thumbnail","7":"category-france","8":"tag-17","9":"tag-actualites","10":"tag-ans","11":"tag-faits-divers-justice","12":"tag-fille","13":"tag-fr","14":"tag-france","15":"tag-news","16":"tag-porn","17":"tag-republique-francaise","18":"tag-revenge","19":"tag-seine-saint-denis","20":"tag-une","21":"tag-victime"},"share_on_mastodon":{"url":"https:\/\/pubeurope.com\/@fr\/114382421623402345","error":""},"_links":{"self":[{"href":"https:\/\/www.europesays.com\/fr\/wp-json\/wp\/v2\/posts\/44315","targetHints":{"allow":["GET"]}}],"collection":[{"href":"https:\/\/www.europesays.com\/fr\/wp-json\/wp\/v2\/posts"}],"about":[{"href":"https:\/\/www.europesays.com\/fr\/wp-json\/wp\/v2\/types\/post"}],"author":[{"embeddable":true,"href":"https:\/\/www.europesays.com\/fr\/wp-json\/wp\/v2\/users\/2"}],"replies":[{"embeddable":true,"href":"https:\/\/www.europesays.com\/fr\/wp-json\/wp\/v2\/comments?post=44315"}],"version-history":[{"count":0,"href":"https:\/\/www.europesays.com\/fr\/wp-json\/wp\/v2\/posts\/44315\/revisions"}],"wp:featuredmedia":[{"embeddable":true,"href":"https:\/\/www.europesays.com\/fr\/wp-json\/wp\/v2\/media\/44316"}],"wp:attachment":[{"href":"https:\/\/www.europesays.com\/fr\/wp-json\/wp\/v2\/media?parent=44315"}],"wp:term":[{"taxonomy":"category","embeddable":true,"href":"https:\/\/www.europesays.com\/fr\/wp-json\/wp\/v2\/categories?post=44315"},{"taxonomy":"post_tag","embeddable":true,"href":"https:\/\/www.europesays.com\/fr\/wp-json\/wp\/v2\/tags?post=44315"}],"curies":[{"name":"wp","href":"https:\/\/api.w.org\/{rel}","templated":true}]}}