{"id":443157,"date":"2025-10-06T15:36:15","date_gmt":"2025-10-06T15:36:15","guid":{"rendered":"https:\/\/www.europesays.com\/fr\/443157\/"},"modified":"2025-10-06T15:36:15","modified_gmt":"2025-10-06T15:36:15","slug":"comment-les-republicains-ont-pousse-sebastien-lecornu-a-demissionner","status":"publish","type":"post","link":"https:\/\/www.europesays.com\/fr\/443157\/","title":{"rendered":"comment Les R\u00e9publicains ont pouss\u00e9 S\u00e9bastien Lecornu \u00e0 d\u00e9missionner"},"content":{"rendered":"<p>\n  Le pr\u00e9sident de la R\u00e9publique a accept\u00e9 lundi matin la d\u00e9mission de son Premier ministre, qui avait pourtant annonc\u00e9 la veille une partie de son gouvernement. S\u00e9bastien Lecornu s&rsquo;est heurt\u00e9 \u00e0 la fronde des LR, emmen\u00e9s par leur chef, Bruno Retailleau.\n<\/p>\n<p>\u00ab\u00a0Lunaire.\u00a0\u00bb Chez les macronistes, la sid\u00e9ration est totale. A 21h22, dimanche 5 octobre, Bruno Retailleau l\u00e2che une petite bombe, alors qu&rsquo;il vient pourtant d&rsquo;\u00eatre reconduit au minist\u00e8re de l&rsquo;Int\u00e9rieur, poste qu&rsquo;il occupe depuis un an. \u00ab\u00a0La composition du gouvernement ne refl\u00e8te pas la rupture promise. Devant la situation politique cr\u00e9\u00e9e par cette annonce, je convoque le comit\u00e9 strat\u00e9gique des R\u00e9publicains\u00a0\u00bb, annonce-t-il dans <a href=\"https:\/\/x.com\/BrunoRetailleau\/status\/1974918032603644215\" target=\"_blank\" rel=\"noopener nofollow\">un message post\u00e9 sur X<\/a>. \u00ab\u00a0Il veut d\u00e9missionner avant d&rsquo;\u00eatre censur\u00e9\u00a0\u00bb, tente de d\u00e9crypter un influent parlementaire du bloc central, tandis que le RN et la gauche menacent d\u00e9j\u00e0 depuis plusieurs jours de renverser le futur gouvernement.\u00a0<\/p>\n<p>Il ne sera finalement pas question de la d\u00e9mission de Bruno Retailleau, mais de <a href=\"https:\/\/www.franceinfo.fr\/politique\/gouvernement-de-sebastien-lecornu\/demission-de-sebastien-lecornu-comment-le-gouvernement-a-implose-en-moins-de-24-heures_7534978.html\" rel=\"nofollow noopener\" target=\"_blank\">celle de S\u00e9bastien Lecornu lui-m\u00eame<\/a>. Il n&rsquo;est pas encore 10\u00a0heures lundi matin que le couperet tombe sous forme d&rsquo;<a href=\"https:\/\/www.franceinfo.fr\/politique\/gouvernement-de-sebastien-lecornu\/le-premier-ministre-sebastien-lecornu-a-remis-sa-demission-a-emmanuel-macron-qui-l-a-acceptee-annonce-l-elysee_7535035.html\" rel=\"nofollow noopener\" target=\"_blank\">un communiqu\u00e9 de l&rsquo;Elys\u00e9e<\/a>. \u00ab\u00a0Monsieur S\u00e9bastien Lecornu a remis la d\u00e9mission de son gouvernement au pr\u00e9sident de la R\u00e9publique qui l&rsquo;a accept\u00e9e.\u00a0\u00bb Le locataire de Matignon, qui a mis 26\u00a0jours \u00e0 annoncer son gouvernement \u2013\u00a0un record sous la Ve\u00a0R\u00e9publique\u00a0\u2013 d\u00e9croche aussi le titre de <a href=\"https:\/\/www.franceinfo.fr\/politique\/gouvernement-de-sebastien-lecornu\/avec-seulement-27-jours-passes-a-matignon-sebastien-lecornu-devient-le-premier-ministre-le-plus-ephemere-de-la-ve-republique_7535152.html\" rel=\"nofollow noopener\" target=\"_blank\">Premier ministre le plus \u00e9ph\u00e9m\u00e8re<\/a> depuis 1958. Son gouvernement <a href=\"https:\/\/www.franceinfo.fr\/politique\/gouvernement-de-sebastien-lecornu\/demission-de-sebastien-lecornu-un-gouvernement-de-14-heures-je-n-en-connais-pas-d-autres-analyse-un-professeur-d-histoire-politique_7535266.html\" rel=\"nofollow noopener\" target=\"_blank\">n&rsquo;aura dur\u00e9 que 14\u00a0heures<\/a>. Du jamais-vu.<\/p>\n<p>\u00ab\u00a0On ne peut pas \u00eatre Premier ministre lorsque les conditions ne sont pas remplies\u00a0\u00bb, fustige, depuis le perron de Matignon, <a href=\"https:\/\/www.franceinfo.fr\/politique\/gouvernement-de-sebastien-lecornu\/video-il-suffirait-de-peu-pour-que-ca-fonctionne-assure-sebastien-lecornu-apres-sa-demission-appelant-la-classe-politique-a-faire-preuve-d-humilite_7535125.html\" rel=\"nofollow noopener\" target=\"_blank\">S\u00e9bastien Lecornu<\/a>, lundi vers 10h45, peu apr\u00e8s l&rsquo;annonce de sa d\u00e9mission. \u00ab\u00a0La composition du gouvernement n&rsquo;a pas \u00e9t\u00e9 fluide\u00a0\u00bb et a r\u00e9veill\u00e9 \u00ab\u00a0des int\u00e9r\u00eats partisans\u00a0\u00bb avec, en arri\u00e8re-fond, des ambitions pr\u00e9sidentielles, poursuit l&rsquo;ancien ministre des Arm\u00e9es. Et de conclure\u00a0: \u00ab\u00a0Il faut toujours pr\u00e9f\u00e9rer son pays \u00e0 son parti. Il faut savoir \u00e9couter ses militants, mais penser aux Fran\u00e7aises et aux Fran\u00e7ais.\u00a0\u00bb Un message qui semble directement adress\u00e9 \u00e0 Bruno Retailleau et aux R\u00e9publicains.\u00a0<\/p>\n<p>L&rsquo;ancien parti de Nicolas Sarkozy, embarqu\u00e9 avec les macronistes dans le socle commun, appellation n\u00e9e sous Michel Barnier, a litt\u00e9ralement vu rouge \u00e0 la lecture des noms des ministres \u00e9gren\u00e9s par Emmanuel Moulin, le secr\u00e9taire g\u00e9n\u00e9ral de l&rsquo;Elys\u00e9e, peu avant 20\u00a0heures dimanche. \u00ab\u00a0Les \u00e9quilibres gouvernementaux\u00a0\u00bb ne sont pas respect\u00e9s, fait savoir l&rsquo;entourage de Bruno Retailleau, assurant que c&rsquo;est d\u00e9sormais \u00ab\u00a0la participation de LR qui est sur la table\u00a0\u00bb. Outre Bruno Retailleau, Annie Genevard vient d&rsquo;\u00eatre reconduite \u00e0 l&rsquo;Agriculture, tout comme Philippe Tabarot aux Transports, ou Rachida Dati \u00e0 la Culture. Mais le quota des macronistes est trop \u00e9lev\u00e9, peste-t-on chez LR.\u00a0<\/p>\n<blockquote class=\"ftvi_content_quote\">\n<p class=\"ftvi_citation_quote\">\u00ab\u00a0Moins il y a de macronistes dans le pays, plus il y en a au gouvernement.\u00a0\u00bb<\/p>\n<p>L&rsquo;entourage de Bruno Retailleau<\/p>\n<p class=\"ftvi_citation_source\">\u00e0 franceinfo<\/p>\n<\/blockquote>\n<p>\u00ab\u00a0On avait dit que la macronie devait finir. Cette composition refl\u00e8te davantage les \u00e9checs des huit derni\u00e8res ann\u00e9es que le n\u00e9cessaire redressement du pays\u00a0\u00bb, appuie un d\u00e9put\u00e9 LR. \u00ab\u00a0C&rsquo;est le retour ou la confirmation de tous les nuls de la macronie. Il faut mettre la derni\u00e8re pellet\u00e9e de terre sur le cercueil du macronisme, rench\u00e9rit un cadre du parti. Je ne connais pas un LR qui veut rester.\u00a0\u00bb<\/p>\n<p>Les R\u00e9publicains sont aussi pouss\u00e9s par les oppositions, qui critiquent abondamment le casting des ministres. \u00ab\u00a0Le gouvernement annonc\u00e9 ce soir, compos\u00e9 des derniers macronistes agripp\u00e9s au radeau de la M\u00e9duse, a d\u00e9cid\u00e9ment tout de la continuit\u00e9, absolument rien de la rupture que les Fran\u00e7ais attendent\u00a0\u00bb, d\u00e9nonce le patron du RN, Jordan Bardella, <a href=\"https:\/\/x.com\/J_Bardella\/status\/1974893373795545218\" target=\"_blank\" rel=\"noopener nofollow\">sur X<\/a>. \u00ab\u00a0Ils perdent les \u00e9lections mais ils gouvernent. Ils n&rsquo;ont pas de majorit\u00e9 mais refusent les compromis. Ils se font renverser mais restent en poste\u00a0\u00bb, critique Boris Vallaud, le pr\u00e9sident du groupe PS \u00e0 l&rsquo;Assembl\u00e9e, <a href=\"https:\/\/x.com\/BorisVallaud\/status\/1974906095811678402\" target=\"_blank\" rel=\"noopener nofollow\">sur X<\/a>. Au m\u00eame moment, l&rsquo;entourage de S\u00e9bastien Lecornu vante un gouvernement qui \u00ab\u00a0ressemble au socle commun\u00a0\u00bb et qui \u00ab\u00a0allie la stabilit\u00e9 et le renouvellement\u00a0\u00bb.<\/p>\n<p>Le socle commun est pourtant au bord de l&rsquo;implosion. Outre les \u00e9quilibres entre les diff\u00e9rentes composantes de la coalition, un nom fait vriller Les R\u00e9publicains\u00a0: celui de Bruno Le Maire. Le retour de l&rsquo;ancien patron de Bercy au gouvernement, en tant que ministre des Arm\u00e9es, ne passe pas. \u00ab\u00a0C&rsquo;est l&rsquo;incarnation des pires \u00e9checs des quinquennats Macron\u00a0\u00bb, glisse un d\u00e9put\u00e9 LR. \u00ab\u00a0Les retours sont catastrophiques\u00a0\u00bb, encha\u00eene un autre, assailli, comme ses coll\u00e8gues, de messages de militants m\u00e9contents.\u00a0<\/p>\n<blockquote class=\"ftvi_content_quote\">\n<p class=\"ftvi_citation_quote\">\u00ab\u00a0Pour nous, Bruno Le Maire, c&rsquo;est le symbole de la d\u00e9rive des finances publiques et du recyclage.\u00a0\u00bb<\/p>\n<p>Un d\u00e9put\u00e9 LR<\/p>\n<p class=\"ftvi_citation_source\">\u00e0 franceinfo<\/p>\n<\/blockquote>\n<p>Lundi, au \u00ab\u00a013 heures\u00a0\u00bb de <a href=\"https:\/\/x.com\/CastetsLucie\/status\/1975171497493664161\" target=\"_blank\" rel=\"noopener nofollow\">TF1<\/a>, Bruno Retailleau accuse S\u00e9bastien Lecornu de lui avoir cach\u00e9 la nomination de l&rsquo;ancien d\u00e9put\u00e9 de l&rsquo;Eure. \u00ab\u00a0Hier, j&rsquo;ai \u00e9t\u00e9 re\u00e7u pendant une heure trente par le Premier ministre, quelques minutes avant l&rsquo;annonce de la composition du gouvernement. Jamais il ne m&rsquo;a dit que Bruno Le Maire serait nomm\u00e9 (&#8230;). Il est associ\u00e9 aux mille milliards de dette\u00a0\u00bb, affirme-t-il. Selon nos informations, c&rsquo;est devant son poste de t\u00e9l\u00e9vision, en \u00e9coutant Emmanuel Moulin, que le Vend\u00e9en a d\u00e9couvert le pot aux roses.<\/p>\n<p>Des d\u00e9clarations qui font bondir les proches de Bruno Le Maire. \u00ab\u00a0Ils ont la trouille de se faire censurer tout de suite et ils trouvent un pr\u00e9texte\u00a0\u00bb, assure l&rsquo;un d&rsquo;eux. Ajoutant que \u00ab\u00a0S\u00e9bastien Lecornu n&rsquo;est pas oblig\u00e9 de d\u00e9voiler aux LR les noms de ceux qu&rsquo;il nomme \u00e0 la t\u00eate des minist\u00e8res relevant du domaine pr\u00e9sidentiel\u00a0\u00bb. Mais certains caciques de droite en profitent pour publiquement accentuer la pression. \u00ab\u00a0LR accepte \u2013\u00a0sans consulter les instances\u00a0\u2013 de participer \u00e0 un gouvernement sans en conna\u00eetre les principaux membres\u00a0? Dans le contexte actuel\u00a0? En sachant le risque d&rsquo;appara\u00eetre complices du dernier soubresaut du macronisme agonisant\u00a0?\u00a0\u00bb, <a href=\"https:\/\/x.com\/davidlisnard\/status\/1974926930349601166\" target=\"_blank\" rel=\"noopener nofollow\">\u00e9crit peu avant 22\u00a0heures, dimanche, sur X<\/a>, le maire LR de Cannes, David Lisnard, qui met sa d\u00e9mission de vice-pr\u00e9sident de LR dans la balance si son parti poursuit au gouvernement.<\/p>\n<p>\u00ab\u00a0On aura invent\u00e9 l&rsquo;autocensure\u00a0\u00bb, se d\u00e9sesp\u00e8re peu avant 23\u00a0heures un t\u00e9nor de Renaissance. Au m\u00eame moment, l&rsquo;UDI d&rsquo;Herv\u00e9 Marseille, qui faisait partie de la coalition gouvernementale et avait deux ministres sous Fran\u00e7ois Bayrou, annonce reprendre \u00ab\u00a0son enti\u00e8re libert\u00e9\u00a0\u00bb. S\u00e9bastien Lecornu \u00ab\u00a0a r\u00e9ussi \u00e0 faire imploser le socle, champion\u00a0!\u00a0\u00bb, ironise un cadre du parti de centre droit. A 7h40 lundi, sur <a href=\"https:\/\/x.com\/xavierbertrand\/status\/1975086730895339611\" target=\"_blank\" rel=\"noopener nofollow\">RTL<\/a>, Xavier Bertrand, le pr\u00e9sident LR de la r\u00e9gion Hauts-de-France, enfonce le clou en assurant que son parti ne peut \u00ab\u00a0pas participer \u00e0 ce gouvernement\u00a0\u00bb. Sur <a href=\"https:\/\/x.com\/franceinter\/status\/1975079285078544887\" target=\"_blank\" rel=\"noopener nofollow\">France Inter<\/a>, un peu plus tard, Jean-No\u00ebl Barrot, ministre des Affaires \u00e9trang\u00e8res tout juste reconduit, tente un dernier appel aux LR. \u00ab\u00a0Je ne peux pas croire que, dans la situation tragique dans laquelle se trouve notre pays (&#8230;), le parti du g\u00e9n\u00e9ral de Gaulle puisse se d\u00e9solidariser, puisse se livrer \u00e0 un chantage sur les places\u00a0\u00bb, livre-t-il.<\/p>\n<p>Peine perdue. Les amarres semblent d\u00e9j\u00e0 bien largu\u00e9es chez LR, alors m\u00eame que la r\u00e9union strat\u00e9gique n&rsquo;est pr\u00e9vue qu&rsquo;\u00e0 11h30. \u00ab\u00a0Bruno Retailleau s&rsquo;est pris une avalanche de messages de la base et de nos cadres, en col\u00e8re. On ne peut pas accepter d&rsquo;\u00eatre pris pour les meubles\u00a0\u00bb, confie un cadre du parti. \u00ab\u00a0A d\u00e9faut de rupture, la rupture de confiance est r\u00e9elle\u00a0\u00bb, encha\u00eene un autre. <\/p>\n<p>Au sein du bloc central, les retours sont \u00ab\u00a0cataclysmiques\u00a0\u00bb, \u00e0 en croire une cadre macroniste. \u00ab\u00a0Les LR portent une responsabilit\u00e9 importante dans la situation actuelle. Ils se projettent d\u00e9j\u00e0 sur les municipales et les n\u00e9gociations avec eux sont particuli\u00e8rement compliqu\u00e9es, tant ils se per\u00e7oivent comme les futurs vainqueurs de la pr\u00e9sidentielle. C&rsquo;est insupportable\u00a0\u00bb, compl\u00e8te un d\u00e9put\u00e9 Ensemble pour la R\u00e9publique (EPR). \u00ab\u00a0Les LR ont voulu faire un coup pour avoir plus\u00a0\u00bb, croit savoir un parlementaire macroniste.<\/p>\n<blockquote class=\"ftvi_content_quote\">\n<p class=\"ftvi_citation_quote\">\u00ab\u00a0Honn\u00eatement, des partenaires comme les LR et l&rsquo;UDI, \u00e7a permet \u00e0 nos dirigeants de se rendre compte qu&rsquo;on ne peut pas compter sur leur fiabilit\u00e9.\u00a0\u00bb<\/p>\n<p>Un parlementaire macroniste<\/p>\n<p class=\"ftvi_citation_source\">\u00e0 franceinfo<\/p>\n<\/blockquote>\n<p>Les R\u00e9publicains n&rsquo;auront pas eu l&rsquo;opportunit\u00e9 d&rsquo;annoncer qu&rsquo;ils quittaient officiellement le gouvernement. S\u00e9bastien Lecornu les a donc pris de court en d\u00e9clarant son retrait, accept\u00e9 par Emmanuel Macron. \u00ab\u00a0Je n&rsquo;ai jamais envisag\u00e9 la d\u00e9mission de Lecornu sous cette forme et ce matin\u00a0\u00bb, confie, abasourdi, un d\u00e9put\u00e9 LR. Une d\u00e9mission dont Bruno Retailleau assure ne \u00ab\u00a0pas du tout\u00a0\u00bb se sentir \u00ab\u00a0responsable\u00a0\u00bb. \u00ab\u00a0Nous ne basculons pas dans l&rsquo;opposition\u00a0\u00bb, a martel\u00e9 le chef de la droite sur TF1. Selon nos informations, ce dernier a lui-m\u00eame \u00e9t\u00e9 surpris par la rapidit\u00e9 du choix du Premier ministre. <a href=\"https:\/\/www.franceinfo.fr\/politique\/gouvernement-de-sebastien-lecornu\/demission-de-sebastien-lecornu-quelles-sont-les-options-d-emmanuel-macron-pour-tenter-de-redonner-une-stabilite-politique-au-pays_7535164.html\" rel=\"nofollow noopener\" target=\"_blank\">La balle est d\u00e9sormais dans le camp d&rsquo;Emmanuel Macron<\/a>, de nouveau en premi\u00e8re ligne dans cette \u00e9ni\u00e8me crise politique.<\/p>\n","protected":false},"excerpt":{"rendered":"Le pr\u00e9sident de la R\u00e9publique a accept\u00e9 lundi matin la d\u00e9mission de son Premier ministre, qui avait pourtant&hellip;\n","protected":false},"author":2,"featured_media":443158,"comment_status":"","ping_status":"","sticky":false,"template":"","format":"standard","meta":{"footnotes":""},"categories":[1888],"tags":[1111,1928,11,1927,1777,674,1011,27,12,1926,626,1925,25],"class_list":{"0":"post-443157","1":"post","2":"type-post","3":"status-publish","4":"format-standard","5":"has-post-thumbnail","7":"category-paris","8":"tag-actu","9":"tag-actu-paris","10":"tag-actualites","11":"tag-actualites-paris","12":"tag-eu","13":"tag-europe","14":"tag-fr","15":"tag-france","16":"tag-news","17":"tag-news-paris","18":"tag-paris","19":"tag-paris-news","20":"tag-republique-francaise"},"share_on_mastodon":{"url":"https:\/\/pubeurope.com\/@fr\/115327964544936768","error":""},"_links":{"self":[{"href":"https:\/\/www.europesays.com\/fr\/wp-json\/wp\/v2\/posts\/443157","targetHints":{"allow":["GET"]}}],"collection":[{"href":"https:\/\/www.europesays.com\/fr\/wp-json\/wp\/v2\/posts"}],"about":[{"href":"https:\/\/www.europesays.com\/fr\/wp-json\/wp\/v2\/types\/post"}],"author":[{"embeddable":true,"href":"https:\/\/www.europesays.com\/fr\/wp-json\/wp\/v2\/users\/2"}],"replies":[{"embeddable":true,"href":"https:\/\/www.europesays.com\/fr\/wp-json\/wp\/v2\/comments?post=443157"}],"version-history":[{"count":0,"href":"https:\/\/www.europesays.com\/fr\/wp-json\/wp\/v2\/posts\/443157\/revisions"}],"wp:featuredmedia":[{"embeddable":true,"href":"https:\/\/www.europesays.com\/fr\/wp-json\/wp\/v2\/media\/443158"}],"wp:attachment":[{"href":"https:\/\/www.europesays.com\/fr\/wp-json\/wp\/v2\/media?parent=443157"}],"wp:term":[{"taxonomy":"category","embeddable":true,"href":"https:\/\/www.europesays.com\/fr\/wp-json\/wp\/v2\/categories?post=443157"},{"taxonomy":"post_tag","embeddable":true,"href":"https:\/\/www.europesays.com\/fr\/wp-json\/wp\/v2\/tags?post=443157"}],"curies":[{"name":"wp","href":"https:\/\/api.w.org\/{rel}","templated":true}]}}