{"id":443159,"date":"2025-10-06T15:37:10","date_gmt":"2025-10-06T15:37:10","guid":{"rendered":"https:\/\/www.europesays.com\/fr\/443159\/"},"modified":"2025-10-06T15:37:10","modified_gmt":"2025-10-06T15:37:10","slug":"la-ville-de-paris-felicitee-par-une-agence-de-notation","status":"publish","type":"post","link":"https:\/\/www.europesays.com\/fr\/443159\/","title":{"rendered":"la Ville de Paris f\u00e9licit\u00e9e par une agence de notation"},"content":{"rendered":"<p>            Par<br \/>\n        <strong><br \/>\n            <a href=\"https:\/\/actu.fr\/auteur\/redaction-paris\" title=\"Consulter tous les articles de R\u00e9daction Paris\" rel=\"nofollow noopener\" target=\"_blank\">R\u00e9daction Paris<\/a><br \/>\n        <\/strong><\/p>\n<p>        Publi\u00e9 le<\/p>\n<p>            6 oct. 2025 \u00e0 17h00        <\/p>\n<p>Soulagement \u00e0 l\u2019H\u00f4tel de Ville. Une dizaine de jours apr\u00e8s la <a href=\"https:\/\/actu.fr\/ile-de-france\/paris_75056\/une-dette-en-hausse-de-120-en-dix-ans-un-rapport-alerte-sur-les-finances-de-la-ville-de-paris_63214458.html\" rel=\"nofollow noopener\" target=\"_blank\">publication d\u2019un rapport alarmant<\/a> de la chambre r\u00e9gionale des comptes d\u2019\u00cele-de-France, l\u2019agence de notation Standard &amp; Poor\u2019s vient d\u2019attribuer la note <strong>AA-<\/strong> \u00e0 la <a href=\"https:\/\/actu.fr\/tag\/mairie-de-paris\" rel=\"nofollow noopener\" target=\"_blank\">Ville de Paris<\/a>, la note maximale pour une collectivit\u00e9, a indiqu\u00e9 la mairie dans un communiqu\u00e9 ce lundi 6 octobre 2025.<\/p>\n<p>\u00ab\u00a0La r\u00e9silience financi\u00e8re de la Ville\u00a0\u00bb<\/p>\n<p class=\" wall-content\">Le 25 septembre 2025, la chambre r\u00e9gionale des comptes d\u2019\u00cele-de-France tirait la sonnette d\u2019alarme sur la situation financi\u00e8re \u00ab\u2009d\u00e9grad\u00e9e\u2009\u00bb de la capitale, dont la <strong>dette de 9,3 milliards<\/strong> d\u2019euros aurait augment\u00e9 de 120 % depuis le d\u00e9but du premier mandat d\u2019Anne Hidalgo.<\/p>\n<p class=\" wall-content\">Dans son rapport, Standard &amp; Poor\u2019s donne une toute autre vision des finances de la capitale. \u00ab La note de Paris est soutenue par son <strong>\u00e9conomie tr\u00e8s prosp\u00e8re<\/strong>, sa gestion prudente et sophistiqu\u00e9e de la dette et de la tr\u00e9sorerie, traduisant son anticipation selon laquelle la Ville maintiendra une \u00e9pargne brute sup\u00e9rieure \u00e0 5 % d\u2019ici \u00e0 2027 \u00bb, rapporte la municipalit\u00e9. L\u2019agence de notation mettrait en avant \u00ab\u2009sa planification financi\u00e8re, qu\u2019elle juge solide, et des projections pluriannuelles consid\u00e9r\u00e9es comme r\u00e9alistes. \u00bb<\/p>\n<p class=\" wall-content\">Une bonne sant\u00e9 financi\u00e8re d\u00e9fendue d\u00e8s la publication du rapport de la Chambre par <a href=\"https:\/\/actu.fr\/tag\/anne-hidalgo\" rel=\"nofollow noopener\" target=\"_blank\">Anne Hidalgo<\/a> et Paul Simondon, adjoint aux finances qui pointait du doigt la <strong>responsabilit\u00e9 de l\u2019\u00c9tat<\/strong> qui \u00ab\u00a0ponctionne pour combler une partie de son d\u00e9ficit\u00a0\u00bb.\u00a0<\/p>\n<p class=\" wall-content\">Une tr\u00e8s bonne notation qui n\u2019\u00e9tonne donc pas l\u2019\u00e9lu. \u00ab Cette note d\u00e9montre la r\u00e9silience financi\u00e8re de la Ville, qui a su <strong>r\u00e9sister aux diff\u00e9rentes crises<\/strong> depuis 2020 tout en maintenant un niveau d\u2019investissement tr\u00e8s important, en faveur du logement social et de la transition \u00e9cologique. Cet investissement pour pr\u00e9server l\u2019avenir des Parisiennes et des Parisiens se traduit par une augmentation continue du patrimoine de la Ville, aujourd\u2019hui \u00e9valu\u00e9 \u00e0 47 milliards d\u2019euros. \u00bb<\/p>\n<p class=\" wall-content\">Personnalisez votre actualit\u00e9 en ajoutant vos villes et m\u00e9dias en favori avec <a href=\"https:\/\/moncompte.actu.fr\" title=\"D\u00e9couvez Mon Actu\" rel=\"nofollow noopener\" data-trk=\"{&quot;cta&quot;:{&quot;action&quot;:&quot;https:\\\/\\\/moncompte.actu.fr&quot;,&quot;category&quot;:&quot;mon compte&quot;,&quot;from&quot;:&quot;article footer&quot;,&quot;name&quot;:&quot;Mon actu&quot;,&quot;type&quot;:&quot;cta&quot;}}\" target=\"_blank\">Mon Actu<\/a>.<\/p>\n","protected":false},"excerpt":{"rendered":"Par R\u00e9daction Paris Publi\u00e9 le 6 oct. 2025 \u00e0 17h00 Soulagement \u00e0 l\u2019H\u00f4tel de Ville. Une dizaine de&hellip;\n","protected":false},"author":2,"featured_media":313735,"comment_status":"","ping_status":"","sticky":false,"template":"","format":"standard","meta":{"footnotes":""},"categories":[1888],"tags":[1111,1928,11,1927,1777,674,1011,27,2381,12,1926,626,1925,25,104],"class_list":{"0":"post-443159","1":"post","2":"type-post","3":"status-publish","4":"format-standard","5":"has-post-thumbnail","7":"category-paris","8":"tag-actu","9":"tag-actu-paris","10":"tag-actualites","11":"tag-actualites-paris","12":"tag-eu","13":"tag-europe","14":"tag-fr","15":"tag-france","16":"tag-mairie-de-paris","17":"tag-news","18":"tag-news-paris","19":"tag-paris","20":"tag-paris-news","21":"tag-republique-francaise","22":"tag-societe"},"share_on_mastodon":{"url":"https:\/\/pubeurope.com\/@fr\/115327968588578987","error":""},"_links":{"self":[{"href":"https:\/\/www.europesays.com\/fr\/wp-json\/wp\/v2\/posts\/443159","targetHints":{"allow":["GET"]}}],"collection":[{"href":"https:\/\/www.europesays.com\/fr\/wp-json\/wp\/v2\/posts"}],"about":[{"href":"https:\/\/www.europesays.com\/fr\/wp-json\/wp\/v2\/types\/post"}],"author":[{"embeddable":true,"href":"https:\/\/www.europesays.com\/fr\/wp-json\/wp\/v2\/users\/2"}],"replies":[{"embeddable":true,"href":"https:\/\/www.europesays.com\/fr\/wp-json\/wp\/v2\/comments?post=443159"}],"version-history":[{"count":0,"href":"https:\/\/www.europesays.com\/fr\/wp-json\/wp\/v2\/posts\/443159\/revisions"}],"wp:featuredmedia":[{"embeddable":true,"href":"https:\/\/www.europesays.com\/fr\/wp-json\/wp\/v2\/media\/313735"}],"wp:attachment":[{"href":"https:\/\/www.europesays.com\/fr\/wp-json\/wp\/v2\/media?parent=443159"}],"wp:term":[{"taxonomy":"category","embeddable":true,"href":"https:\/\/www.europesays.com\/fr\/wp-json\/wp\/v2\/categories?post=443159"},{"taxonomy":"post_tag","embeddable":true,"href":"https:\/\/www.europesays.com\/fr\/wp-json\/wp\/v2\/tags?post=443159"}],"curies":[{"name":"wp","href":"https:\/\/api.w.org\/{rel}","templated":true}]}}