{"id":443164,"date":"2025-10-06T15:40:16","date_gmt":"2025-10-06T15:40:16","guid":{"rendered":"https:\/\/www.europesays.com\/fr\/443164\/"},"modified":"2025-10-06T15:40:16","modified_gmt":"2025-10-06T15:40:16","slug":"george-de-russie-et-victoria-romanovna-retrouvent-adriana-abascal-a-versailles","status":"publish","type":"post","link":"https:\/\/www.europesays.com\/fr\/443164\/","title":{"rendered":"George de Russie et Victoria Romanovna retrouvent Adriana Abascal \u00e0 Versailles"},"content":{"rendered":"<p class=\"mb-4 text-lg md:leading-8 break-words\">La nuit est tomb\u00e9e sur Versailles. Devant la fa\u00e7ade illumin\u00e9e du palais du Roi-Soleil, la princesse <a href=\"https:\/\/www.pointdevue.fr\/grand-angle\/biographies\/victoria-romanovna\" rel=\"nofollow noopener\" target=\"_blank\" data-ylk=\"slk:Victoria Romanovna;elm:context_link;itc:0;sec:content-canvas\" class=\"link \">Victoria Romanovna<\/a> prend la pose dans une robe noire couverte d\u2019une longue veste de la m\u00eame couleur, orn\u00e9e de dorure. <strong>L\u2019\u00e9pouse du grand-duc George de Russie participe au d\u00eener de gala de l\u2019ADOR<\/strong>, l\u2019association des Amis de l\u2019Op\u00e9ra Royal. Pour sa huiti\u00e8me \u00e9dition, les m\u00e9c\u00e8nes assistent \u00e0 une soir\u00e9e exceptionnelle dans l\u2019enceinte du ch\u00e2teau, au b\u00e9n\u00e9fice de la saison musicale de l\u2019Op\u00e9ra Royal. Au programme\u00a0: un concert suivi d\u2019un cocktail au Salon d\u2019Hercule, un d\u00eener dans la Galerie des Batailles puis d\u2019un After et un feu d\u2019artifices dans la Galerie des Glaces.<\/p>\n<p>Des retrouvailles \u00e0 la hauteur<\/p>\n<p class=\"mb-4 text-lg md:leading-8 break-words\">Dans ce lieu embl\u00e9matique du ch\u00e2teau de Versailles, la m\u00e8re du prince Alexander et de la princesse Kira Leonida immortalise l\u2019instant. Sur un autre clich\u00e9 publi\u00e9 sur son compte Instagram, elle se tient aupr\u00e8s d\u2019<a href=\"https:\/\/www.pointdevue.fr\/grand-angle\/biographies\/adriana-abascal\" rel=\"nofollow noopener\" target=\"_blank\" data-ylk=\"slk:Adriana Abascal;elm:context_link;itc:0;sec:content-canvas\" class=\"link \">Adriana Abascal<\/a>, venue sans le prince <a href=\"https:\/\/www.pointdevue.fr\/grand-angle\/biographies\/emmanuel-philibert-de-savoie\" rel=\"nofollow noopener\" target=\"_blank\" data-ylk=\"slk:Emanuele Filiberto de Savoie;elm:context_link;itc:0;sec:content-canvas\" class=\"link \">Emanuele Filiberto de Savoie<\/a>, du prince Joachim Murat et de son \u00e9poux, George de Russie. \u00ab\u00a0Honor\u00e9e d\u2019avoir particip\u00e9 au d\u00eener de gala des M\u00e9c\u00e8nes de Versailles. <strong>L\u2019art et la culture n\u2019ont pas de fronti\u00e8res, ils traversent les pays, les croyances religieuses, les traditions et les mentalit\u00e9s<\/strong> pour cr\u00e9er un patrimoine culturel commun que nous partageons tous et que nous devons pr\u00e9server pour les g\u00e9n\u00e9rations futures\u00a0\u00bb, \u00e9crit-elle en l\u00e9gende des moments captur\u00e9s pendant la soir\u00e9e.<\/p>\n<p>Une solide amiti\u00e9<\/p>\n<p class=\"mb-4 text-lg md:leading-8 break-words\">Le grand-duc a lui aussi partag\u00e9 quelques images, dont un portrait de la princesse Victoria Romanovna et Adriana Abascal dans la Galerie des Glaces. Le trio ne se quitte plus. <a href=\"https:\/\/www.pointdevue.fr\/royal\/couronnes-du-monde\/emanuele-filiberto-de-savoie-et-adriana-abascal-recoivent-george-de-russie-et-sa-famille-a-cavallo\" rel=\"nofollow noopener\" target=\"_blank\" data-ylk=\"slk:Apr\u00e8s quelques jours de vacances en ao\u00fbt \u00e0 Cavallo;elm:context_link;itc:0;sec:content-canvas\" class=\"link \">Apr\u00e8s quelques jours de vacances en ao\u00fbt \u00e0 Cavallo<\/a> \u2013 la villa familiale du chef de la maison de Savoie en Corse, ils se sont retrouv\u00e9s <strong>\u00e0 Rome pour un moment historique le week-end dernier<\/strong>. Invit\u00e9s au chapitre g\u00e9n\u00e9ral des ordres dynastiques, <a href=\"https:\/\/www.pointdevue.fr\/royal\/couronnes-du-monde\/adriana-abascal-au-cote-demanuele-filiberto-de-savoie-au-chapitre-general-des-ordres-dynastiques-a-rome\" rel=\"nofollow noopener\" target=\"_blank\" data-ylk=\"slk:George de Russie a re\u00e7u la plus haute distinction des mains du prince Emanuele Filiberto;elm:context_link;itc:0;sec:content-canvas\" class=\"link \">George de Russie a re\u00e7u la plus haute distinction des mains du prince Emanuele Filiberto<\/a>, le collier de l\u2019ordre supr\u00eame de la Tr\u00e8s Sainte Annonciade, et son \u00e9pouse les insignes de dame grand-croix de l\u2019ordre des Saints-Maurice-et-Lazare. <strong>Les deux couples ont pris la pose ensemble \u00e0 plusieurs reprises<\/strong> avant et pendant la c\u00e9r\u00e9monie, ainsi que lors du d\u00eener de gala organis\u00e9 aux Corsie Sistine.<\/p>\n<p class=\"mb-4 text-lg md:leading-8 break-words\">Il faut dire qu\u2019<strong>une v\u00e9ritable harmonie r\u00e8gne entre eux<\/strong>. Le chef de la maison de Savoie a \u00e9t\u00e9 choisi pour \u00eatre <a href=\"https:\/\/www.pointdevue.fr\/royal\/couronnes-du-monde\/george-de-russie-et-victoria-romanovna-celebrent-le-bapteme-de-leur-fille-la-princesse-kira-leonida\" rel=\"nofollow noopener\" target=\"_blank\" data-ylk=\"slk:l\u2019un des parrains de la princesse Kira Leonida;elm:context_link;itc:0;sec:content-canvas\" class=\"link \">l\u2019un des parrains de la princesse Kira Leonida<\/a>, n\u00e9e le 2 juin dernier. Dans une interview r\u00e9cemment accord\u00e9e au magazine Mujerhoy, <a href=\"https:\/\/www.pointdevue.fr\/royal\/couronnes-du-monde\/une-personnalite-incroyable-victoria-romanovna-fascinee-par-adriana-abascal\" rel=\"nofollow noopener\" target=\"_blank\" data-ylk=\"slk:Victoria Romanovna ne tarit pas d\u2019\u00e9loges au sujet de sa compagne, Adriana Abascal;elm:context_link;itc:0;sec:content-canvas\" class=\"link \">Victoria Romanovna ne tarit pas d\u2019\u00e9loges au sujet de sa compagne, Adriana Abascal<\/a>. \u00ab\u00a0C\u2019est une femme charmante, une personne tr\u00e8s sympathique. Sa personnalit\u00e9 est incroyable\u00a0; je la trouve fascinante. Elle a accompli beaucoup de choses dans sa vie, et <strong>je peux vous assurer que lorsqu&rsquo;elle entre dans une pi\u00e8ce, elle l&rsquo;illumine de sa pr\u00e9sence<\/strong>\u00ab\u00a0, a-t-elle d\u00e9clar\u00e9. Une amie qui vous veut du bien.<\/p>\n<p><img alt=\"La princesse Victoria Romanovna pose aupr\u00e8s d'Adriana Abascal \u00e0 Rome, le samedi 27 septembre 2025.\" loading=\"lazy\" width=\"810\" height=\"1225\" decoding=\"async\" data-nimg=\"1\" class=\"rounded-lg\" style=\"color:transparent\" src=\"https:\/\/www.europesays.com\/fr\/wp-content\/uploads\/2025\/10\/5a9c697f8ea67f784e6c75aeb01f47e6.jpeg\"\/><\/p>\n<p><strong>La princesse Victoria Romanovna pose aupr\u00e8s d&rsquo;Adriana Abascal \u00e0 Rome, le samedi 27 septembre 2025.<\/strong> \u00a9 David NIVIERE<\/p>\n<p class=\"mb-4 text-lg md:leading-8 break-words\">Lire aussi &gt;&gt; <a href=\"https:\/\/www.pointdevue.fr\/royal\/couronnes-du-monde\/avec-emanuele-filiberto-on-est-plus-fort-ensemble-adriana-abascal-se-confie-sur-son-prince\" rel=\"nofollow noopener\" target=\"_blank\" data-ylk=\"slk:&quot;Avec Emanuele Filiberto, on est plus fort ensemble &quot; : Adriana Abascal se confie sur son prince;elm:context_link;itc:0;sec:content-canvas\" class=\"link \">\u00ab\u00a0Avec Emanuele Filiberto, on est plus fort ensemble \u00a0\u00bb : Adriana Abascal se confie sur son prince<\/a><\/p>\n","protected":false},"excerpt":{"rendered":"La nuit est tomb\u00e9e sur Versailles. Devant la fa\u00e7ade illumin\u00e9e du palais du Roi-Soleil, la princesse Victoria Romanovna&hellip;\n","protected":false},"author":2,"featured_media":443165,"comment_status":"","ping_status":"","sticky":false,"template":"","format":"standard","meta":{"footnotes":""},"categories":[1591],"tags":[11,22154,56945,1887,22155,56946,12,1885,1886,132,20423,14111],"class_list":{"0":"post-443164","1":"post","2":"type-post","3":"status-publish","4":"format-standard","5":"has-post-thumbnail","7":"category-russie","8":"tag-actualites","9":"tag-chateau-de-versailles","10":"tag-diner-de-gala","11":"tag-federation-de-russie","12":"tag-galerie-des-glaces","13":"tag-george-de-russie","14":"tag-news","15":"tag-russia","16":"tag-russian-federation","17":"tag-russie","18":"tag-versailles","19":"tag-victoria-romanovna"},"share_on_mastodon":{"url":"https:\/\/pubeurope.com\/@fr\/115327980425070850","error":""},"_links":{"self":[{"href":"https:\/\/www.europesays.com\/fr\/wp-json\/wp\/v2\/posts\/443164","targetHints":{"allow":["GET"]}}],"collection":[{"href":"https:\/\/www.europesays.com\/fr\/wp-json\/wp\/v2\/posts"}],"about":[{"href":"https:\/\/www.europesays.com\/fr\/wp-json\/wp\/v2\/types\/post"}],"author":[{"embeddable":true,"href":"https:\/\/www.europesays.com\/fr\/wp-json\/wp\/v2\/users\/2"}],"replies":[{"embeddable":true,"href":"https:\/\/www.europesays.com\/fr\/wp-json\/wp\/v2\/comments?post=443164"}],"version-history":[{"count":0,"href":"https:\/\/www.europesays.com\/fr\/wp-json\/wp\/v2\/posts\/443164\/revisions"}],"wp:featuredmedia":[{"embeddable":true,"href":"https:\/\/www.europesays.com\/fr\/wp-json\/wp\/v2\/media\/443165"}],"wp:attachment":[{"href":"https:\/\/www.europesays.com\/fr\/wp-json\/wp\/v2\/media?parent=443164"}],"wp:term":[{"taxonomy":"category","embeddable":true,"href":"https:\/\/www.europesays.com\/fr\/wp-json\/wp\/v2\/categories?post=443164"},{"taxonomy":"post_tag","embeddable":true,"href":"https:\/\/www.europesays.com\/fr\/wp-json\/wp\/v2\/tags?post=443164"}],"curies":[{"name":"wp","href":"https:\/\/api.w.org\/{rel}","templated":true}]}}