{"id":443168,"date":"2025-10-06T15:42:16","date_gmt":"2025-10-06T15:42:16","guid":{"rendered":"https:\/\/www.europesays.com\/fr\/443168\/"},"modified":"2025-10-06T15:42:16","modified_gmt":"2025-10-06T15:42:16","slug":"pourquoi-les-voyages-vers-les-etats-unis-diminuent-ils-en-2025","status":"publish","type":"post","link":"https:\/\/www.europesays.com\/fr\/443168\/","title":{"rendered":"Pourquoi les voyages vers les \u00c9tats-Unis diminuent-ils en 2025?"},"content":{"rendered":"<p>L\u2019arriv\u00e9e de touristes internationaux aux \u00c9tats-Unis conna\u00eet une baisse pour la premi\u00e8re fois depuis 2020, marquant un coup d\u2019arr\u00eat \u00e0 la reprise post-pand\u00e9mie. Selon un rapport de l\u2019US Travel Association publi\u00e9 le 1er octobre 2025, le nombre de visites internationales chuterait de 6,3 % cette ann\u00e9e, pour s\u2019\u00e9tablir \u00e0 67,9 millions, soit seulement 85 % des niveaux de 2019.<\/p>\n<p><img fetchpriority=\"high\" decoding=\"async\" class=\"size-medium wp-image-91060\" src=\"https:\/\/www.europesays.com\/fr\/wp-content\/uploads\/2025\/10\/igor-omilaev-OCl0vCTQ0IE-unsplash-300x169.jpg\" alt=\"La baisse du nombre de touristes internationaux vers les USA est une r\u00e9alit\u00e9\" width=\"300\" height=\"169\"  \/>La baisse du nombre de touristes internationaux vers les USA est une r\u00e9alit\u00e9<\/p>\n<p>Les donn\u00e9es de 2025 confirment une baisse significative du tourisme \u00e9tranger, avec une diminution de plus de 3 millions de visiteurs internationaux et une perte estim\u00e9e \u00e0 12,5 milliards de dollars de d\u00e9penses touristiques, principalement en raison des politiques d\u2019immigration, de la rh\u00e9torique politique, de la hausse des co\u00fbts et de la concurrence d\u2019autres destinations plus attractives.<\/p>\n<p><img loading=\"lazy\" decoding=\"async\" class=\"wp-image-91043 size-medium\" src=\"https:\/\/www.europesays.com\/fr\/wp-content\/uploads\/2025\/10\/us_travel_industry-300x178.png\" alt=\"La baisse du nombre de touristes internationaux vers les USA est une r\u00e9alit\u00e9\" width=\"300\" height=\"178\"  \/>La baisse du nombre de touristes internationaux vers les USA est une r\u00e9alit\u00e9<br \/>\nL\u2019US Travel Association pr\u00e9voyait une hausse de 8,8%\u2026<\/p>\n<p>En janvier, l\u2019<a href=\"https:\/\/www.ustravel.org\/\" target=\"_blank\" rel=\"noopener\">US Travel Association<\/a> pr\u00e9voyait une hausse de 8,8 %, portant les visites \u00e0 78,8 millions, avec un d\u00e9passement des niveaux pr\u00e9-pand\u00e9mie d\u00e8s 2026. Or, la r\u00e9alit\u00e9 est plus sombre : la chute de 6,3 % s\u2019explique principalement par un effondrement des voyages en provenance du Canada, principal partenaire touristique, d\u00fb \u00e0 des tensions \u00e9conomiques et des restrictions frontali\u00e8res persistantes. Les autres march\u00e9s, comme l\u2019Europe ou l\u2019Asie, montrent peu de croissance, frein\u00e9s par l\u2019inflation mondiale et les incertitudes g\u00e9opolitiques.<\/p>\n<p><img loading=\"lazy\" decoding=\"async\" class=\"size-medium wp-image-91061\" src=\"https:\/\/www.europesays.com\/fr\/wp-content\/uploads\/2025\/10\/natilyn-hicks-photography-O7e-kL4o3RA-unsplash-300x200.jpg\" alt=\"La baisse du nombre de touristes internationaux vers les USA est une r\u00e9alit\u00e9\" width=\"300\" height=\"200\"  \/>La baisse du nombre de touristes internationaux vers les USA est une r\u00e9alit\u00e9<\/p>\n<p>Cette r\u00e9vision \u00e0 la baisse repousse la pleine r\u00e9cup\u00e9ration \u00e0 2029, avec des pertes \u00e9conomiques estim\u00e9es \u00e0 plusieurs milliards de dollars pour les \u00c9tats-Unis. Les destinations comme New York, Miami ou Las Vegas, d\u00e9pendantes des touristes \u00e9trangers, pourraient voir leurs revenus chuter de 10 \u00e0 15 %, impactant emplois et investissements dans l\u2019h\u00f4tellerie et la restauration.<\/p>\n<p><img loading=\"lazy\" decoding=\"async\" class=\"size-medium wp-image-91041\" src=\"https:\/\/www.europesays.com\/fr\/wp-content\/uploads\/2025\/10\/esta-300x200.jpg\" alt=\"\" width=\"300\" height=\"200\"  \/>La baisse du nombre de touristes internationaux vers les USA est une r\u00e9alit\u00e9<br \/>\nL\u2019administration Trump en partie responsable ?<\/p>\n<p>L\u2019administration Trump, revenue au pouvoir en 2025, n\u2019a pas explicitement anticip\u00e9 cette baisse dans ses priorit\u00e9s touristiques, se concentrant plut\u00f4t sur des mesures protectionnistes et migratoires.<\/p>\n<p>Des politiques comme le renforcement des contr\u00f4les aux fronti\u00e8res et une rh\u00e9torique anti-immigration ont pu d\u00e9courager les visiteurs potentiels, particuli\u00e8rement du Canada et d\u2019Europe, en cr\u00e9ant une perception d\u2019un pays moins accueillant.<\/p>\n<p><img loading=\"lazy\" decoding=\"async\" class=\"size-medium wp-image-91062\" src=\"https:\/\/www.europesays.com\/fr\/wp-content\/uploads\/2025\/10\/colin-lloyd-KQPRye6h2a8-unsplash-300x200.jpg\" alt=\"La baisse du nombre de touristes internationaux vers les USA est une r\u00e9alit\u00e9\" width=\"300\" height=\"200\"  \/>La baisse du nombre de touristes internationaux vers les USA est une r\u00e9alit\u00e9<\/p>\n<p>Bien que le tourisme ne soit pas au c\u0153ur du programme trumpien ( focalis\u00e9 sur l\u2019industrie et le commerce), l\u2019absence de campagnes promotionnelles agressives ou d\u2019assouplissements visa (comme pour les <a href=\"https:\/\/apply.usvisaconnection.com\/\" target=\"_blank\" rel=\"noopener\">ESTA<\/a>) a amplifi\u00e9 les effets n\u00e9gatifs. <\/p>\n<p>Des experts estiment que ces choix, sans vision touristique d\u00e9di\u00e9e, ont contribu\u00e9 \u00e0 la stagnation, contrastant avec les efforts de l\u2019\u00e8re Biden pour relancer le secteur via des partenariats internationaux.<\/p>\n<p><img loading=\"lazy\" decoding=\"async\" class=\" wp-image-56025\" src=\"https:\/\/www.europesays.com\/fr\/wp-content\/uploads\/2025\/10\/brandUSA-300x273.png\" alt=\"\" width=\"220\" height=\"200\"  \/>La baisse du nombre de touristes internationaux vers les USA est une r\u00e9alit\u00e9<br \/>\nDes espoirs pour 2026 ?<\/p>\n<p>Pour inverser la tendance en 2026, les \u00c9tats-Unis misent sur des \u00e9v\u00e9nements phares qui pourraient attirer des millions de visiteurs. <\/p>\n<p>La Coupe du Monde de Football FIFA 2026, co-organis\u00e9e par les \u00c9tats-Unis, le Canada et le Mexique, est un atout majeur : avec 48 \u00e9quipes et des matchs dans 11 villes am\u00e9ricaines (dont Los Angeles, New York et Miami), elle pourrait g\u00e9n\u00e9rer jusqu\u2019\u00e0 5 milliards de dollars en retomb\u00e9es touristiques. <\/p>\n<p>D\u2019autres initiatives incluent la promotion de la \u00ab\u00a0<a href=\"https:\/\/www.thebrandusa.com\/\" target=\"_blank\" rel=\"noopener\">Brand USA<\/a>\u00a0\u00bb via des campagnes digitales ciblant l\u2019Asie et l\u2019Europe, et des incitations fiscales pour les h\u00f4tels et a\u00e9roports.<\/p>\n<p><img loading=\"lazy\" decoding=\"async\" class=\"size-medium wp-image-91058\" src=\"https:\/\/www.europesays.com\/fr\/wp-content\/uploads\/2025\/10\/abhinav-bhardwaj-oKn80LzRcU-unsplash-200x300.jpg\" alt=\"La baisse du nombre de touristes internationaux vers les USA est une r\u00e9alit\u00e9\" width=\"200\" height=\"300\"  \/>La baisse du nombre de touristes internationaux vers les USA est une r\u00e9alit\u00e9<br \/>\nL\u2019US Travel Association esp\u00e8re, mais ne r\u00eave plus<\/p>\n<p>Les autorit\u00e9s pourraient aussi assouplir les visas pour les voyageurs d\u2019affaires et de loisir, ou investir dans des infrastructures durables pour s\u00e9duire un tourisme \u00e9co-responsable. Cependant, sans ajustements politiques ces efforts risquent d\u2019\u00eatre limit\u00e9s. <\/p>\n<p>L\u2019US Travel Association appelle \u00e0 une strat\u00e9gie nationale pour acc\u00e9l\u00e9rer la r\u00e9cup\u00e9ration, soulignant que 2026 pourrait \u00eatre l\u2019ann\u00e9e du rebond si les le\u00e7ons de 2025 sont tir\u00e9es.<\/p>\n<p><img loading=\"lazy\" decoding=\"async\" class=\"size-medium wp-image-91057\" src=\"https:\/\/www.europesays.com\/fr\/wp-content\/uploads\/2025\/10\/the-now-time-30oZkAz4u1Y-unsplash-300x200.jpg\" alt=\"La baisse du nombre de touristes internationaux vers les USA est une r\u00e9alit\u00e9\" width=\"300\" height=\"200\"  \/>La baisse du nombre de touristes internationaux vers les USA est une r\u00e9alit\u00e9<br \/>\nLa baisse des touristes internationaux en 2025 r\u00e9v\u00e8le les vuln\u00e9rabilit\u00e9s du secteur am\u00e9ricain, exacerb\u00e9es par des politiques non adapt\u00e9es<\/p>\n<p>Avec des \u00e9v\u00e9nements comme la Coupe du Monde, 2026 offre une opportunit\u00e9 de relance, mais une vision proactive est essentielle pour restaurer l\u2019attractivit\u00e9 des \u00c9tats-Unis sur la sc\u00e8ne mondiale.<\/p>\n","protected":false},"excerpt":{"rendered":"L\u2019arriv\u00e9e de touristes internationaux aux \u00c9tats-Unis conna\u00eet une baisse pour la premi\u00e8re fois depuis 2020, marquant un coup&hellip;\n","protected":false},"author":2,"featured_media":443169,"comment_status":"","ping_status":"","sticky":false,"template":"","format":"standard","meta":{"footnotes":""},"categories":[1589],"tags":[11,3929,574,56948,18833,75,73,1866,56949,12,1864,1865,1863,56947,308],"class_list":{"0":"post-443168","1":"post","2":"type-post","3":"status-publish","4":"format-standard","5":"has-post-thumbnail","7":"category-etats-unis","8":"tag-actualites","9":"tag-brand-usa","10":"tag-canada","11":"tag-chute-du-nombre-de-touristes-internationaux","12":"tag-coupe-du-monde-2026","13":"tag-donald-trump","14":"tag-etats-unis","15":"tag-etats-unis-damerique","16":"tag-les-canadiens-evitent-les-etats-unis","17":"tag-news","18":"tag-united-states","19":"tag-united-states-of-america","20":"tag-us","21":"tag-us-travel-organization","22":"tag-usa"},"share_on_mastodon":{"url":"https:\/\/pubeurope.com\/@fr\/115327988913601323","error":""},"_links":{"self":[{"href":"https:\/\/www.europesays.com\/fr\/wp-json\/wp\/v2\/posts\/443168","targetHints":{"allow":["GET"]}}],"collection":[{"href":"https:\/\/www.europesays.com\/fr\/wp-json\/wp\/v2\/posts"}],"about":[{"href":"https:\/\/www.europesays.com\/fr\/wp-json\/wp\/v2\/types\/post"}],"author":[{"embeddable":true,"href":"https:\/\/www.europesays.com\/fr\/wp-json\/wp\/v2\/users\/2"}],"replies":[{"embeddable":true,"href":"https:\/\/www.europesays.com\/fr\/wp-json\/wp\/v2\/comments?post=443168"}],"version-history":[{"count":0,"href":"https:\/\/www.europesays.com\/fr\/wp-json\/wp\/v2\/posts\/443168\/revisions"}],"wp:featuredmedia":[{"embeddable":true,"href":"https:\/\/www.europesays.com\/fr\/wp-json\/wp\/v2\/media\/443169"}],"wp:attachment":[{"href":"https:\/\/www.europesays.com\/fr\/wp-json\/wp\/v2\/media?parent=443168"}],"wp:term":[{"taxonomy":"category","embeddable":true,"href":"https:\/\/www.europesays.com\/fr\/wp-json\/wp\/v2\/categories?post=443168"},{"taxonomy":"post_tag","embeddable":true,"href":"https:\/\/www.europesays.com\/fr\/wp-json\/wp\/v2\/tags?post=443168"}],"curies":[{"name":"wp","href":"https:\/\/api.w.org\/{rel}","templated":true}]}}