{"id":443170,"date":"2025-10-06T15:43:12","date_gmt":"2025-10-06T15:43:12","guid":{"rendered":"https:\/\/www.europesays.com\/fr\/443170\/"},"modified":"2025-10-06T15:43:12","modified_gmt":"2025-10-06T15:43:12","slug":"il-ne-reste-plus-beaucoup-doptions-a-emmanuel-macron","status":"publish","type":"post","link":"https:\/\/www.europesays.com\/fr\/443170\/","title":{"rendered":"Il ne reste plus beaucoup d\u2019options \u00e0 Emmanuel Macron"},"content":{"rendered":"\n<p>Au sortir de la Seconde Guerre mondiale, la France est pass\u00e9e par une longue p\u00e9riode de turbulence politique. Pendant dix ans, les gouvernements se sont succ\u00e9d\u00e9, remaniement apr\u00e8s remaniement, les \u00e9lecteurs \u00e9taient d\u00e9boussol\u00e9s, la menace d\u2019un coup d\u2019\u00c9tat pesait.<\/p>\n<p>En 1958, le g\u00e9n\u00e9ral de Gaulle est revenu au pouvoir et a mis un terme \u00e0 ce chaos en imposant une <a href=\"https:\/\/www.courrierinternational.com\/article\/vu-de-l-etranger-crise-politique-en-france-est-ce-enfin-la-fin-de-la-ve-republique_225393\" target=\"_blank\" rel=\"noopener\">Constitution centr\u00e9e <\/a>sur un pr\u00e9sident fort. Quatre ans plus tard, il provoquait une \u00e9lection pr\u00e9sidentielle qu\u2019il remportait haut la main, sauvant effectivement la d\u00e9mocratie fran\u00e7aise.<\/p>\n<p>Le pr\u00e9sident Macron semble aujourd\u2019hui d\u00e9mantele<a href=\"https:\/\/www.courrierinternational.com\/article\/vu-de-letranger-de-gaulle-cette-etrange-ombre-qui-plane-sur-la-france\" target=\"_blank\" rel=\"noopener\">r l\u2019h\u00e9ritage du G\u00e9n\u00e9ral<\/a>. Des observateurs chevronn\u00e9s estiment que sa d\u00e9cision d\u2019organiser des \u00e9lections l\u00e9gislatives anticip\u00e9es en 2024 \u2013 faisant \u00e9merger une Assembl\u00e9e sans majorit\u00e9 \u2013 a fait replonger la France dans le d\u00e9sordre des ann\u00e9es 1950. Une fois encore, les ministres tombent comme des quilles, les partis s\u2019activent dans des man\u0153uvres en coulisse et les \u00e9lecteurs sont \u00e0 bout.<\/p>\n<p>Trois Premier ministres sont pass\u00e9s par l\u2019h\u00f4tel de Matignon au cours des douze derniers mois. Le budget de cette ann\u00e9e a \u00e9t\u00e9 adopt\u00e9 \u00e0 la toute fin de l\u2019ann\u00e9e derni\u00e8re, et celui de l\u2019ann\u00e9e prochaine a de bonnes chances de ne jamais l\u2019\u00eatre.<\/p>\n<p> Vers la porte de sortie <\/p>\n<p>En th\u00e9orie, Emmanuel Macron conserve le vaste \u00e9ventail d<\/p>\n<p>                                      <strong class=\"paywall-title\">Cet article est r\u00e9serv\u00e9 aux\u00a0abonn\u00e9s.<\/strong>   <\/p>\n<p class=\"paywall-text\">Lisez la\u00a0suite et\u00a0acc\u00e9dez \u00e0\u00a0une s\u00e9lection unique d\u2019articles traduits de\u00a0la\u00a0presse \u00e9trang\u00e8re.<\/p>\n<p class=\"article-authors\">                         <a href=\"https:\/\/www.courrierinternational.com\/auteur\/adam-sage\" target=\"_blank\" rel=\"noopener\">Adam Sage<\/a>    <\/p>\n<p class=\"article-vo\"><a href=\"https:\/\/www.thetimes.com\/world\/europe\/article\/president-macron-is-a-lame-duck-running-out-of-options-7nqhgct90\" rel=\"noopener\" target=\"_blank\">Lire l\u2019article original<\/a><\/p>\n<p>Source de l\u2019article<\/p>\n<p>   <img decoding=\"async\" class=\"source-logo\" src=\"https:\/\/www.europesays.com\/fr\/wp-content\/uploads\/2025\/04\/1745749512_584_6daa7ca_1643653582538-the-times.jpg\"  alt=\"Logo\" loading=\"lazy\" width=\"32\" height=\"32\"\/>  The Times  (Londres)       <\/p>\n<p>Le plus ancien des quotidiens britanniques (1785) et le plus connu \u00e0 l\u2019\u00e9tranger appartient depuis 1981\u00a0\u00e0 News UK, propri\u00e9t\u00e9 du milliardaire Rupert Murdoch. De tendance conservatrice, il a longtemps \u00e9t\u00e9 le journal de r\u00e9f\u00e9rence et la voix de l\u2019establishment. En 2016, The Times se prononce contre la sortie du Royaume-Uni de l\u2019Union europ\u00e9enne et continue de militer pour la pr\u00e9servation de bonnes relations avec le continent.<\/p>\n<p>Aux quelque 360\u00a0000\u00a0lecteurs du journal en version papier s\u2019ajoutent plus de 400\u00a0000\u00a0abonn\u00e9s num\u00e9riques. Au d\u00e9but de l\u2019agression russe en Ukraine, le 24\u00a0f\u00e9vrier 2022, le site de The Times (partag\u00e9 avec son \u00e9dition dominicale The Sunday Times) enregistre 1\u00a0000\u00a0nouveaux abonnements par jour, reflet de son excellent travail de terrain en mati\u00e8re d\u2019actualit\u00e9 internationale. Sept reporters couvrent le conflit en permanence, sur le terrain.<\/p>\n<p>En 2020, News UK a lanc\u00e9 Times Radio, station de radio g\u00e9n\u00e9raliste pens\u00e9e pour concurrencer BBC Radio 4, l\u2019\u00e9quivalent britannique de France Inter. Anim\u00e9es en partie par des journalistes de la r\u00e9daction de The Times, ses \u00e9missions attirent un demi-million d\u2019auditeurs par semaine.<\/p>\n<p>      <a href=\"https:\/\/www.courrierinternational.com\/notule-source\/the-times\" class=\"source-link\" target=\"_blank\" rel=\"noopener\">Lire la suite<\/a>                 <\/p>\n<p>Nos services<\/p>\n","protected":false},"excerpt":{"rendered":"Au sortir de la Seconde Guerre mondiale, la France est pass\u00e9e par une longue p\u00e9riode de turbulence politique.&hellip;\n","protected":false},"author":2,"featured_media":443171,"comment_status":"","ping_status":"","sticky":false,"template":"","format":"standard","meta":{"footnotes":""},"categories":[1588],"tags":[11,1073,1777,674,27,3821,12,316,473,1853,36559,1851,1850,1852],"class_list":{"0":"post-443170","1":"post","2":"type-post","3":"status-publish","4":"format-standard","5":"has-post-thumbnail","7":"category-royaume-uni","8":"tag-actualites","9":"tag-emmanuel-macron","10":"tag-eu","11":"tag-europe","12":"tag-france","13":"tag-la-france-vue-de-lu2019u00e9tranger","14":"tag-news","15":"tag-politique","16":"tag-royaume-uni","17":"tag-royaume-uni-de-grande-bretagne-et-dirlande-du-nord","18":"tag-su00e9bastien-lecornu","19":"tag-uk","20":"tag-united-kingdom","21":"tag-united-kingdom-of-great-britain-and-northern-ireland"},"share_on_mastodon":{"url":"https:\/\/pubeurope.com\/@fr\/115327992239415178","error":""},"_links":{"self":[{"href":"https:\/\/www.europesays.com\/fr\/wp-json\/wp\/v2\/posts\/443170","targetHints":{"allow":["GET"]}}],"collection":[{"href":"https:\/\/www.europesays.com\/fr\/wp-json\/wp\/v2\/posts"}],"about":[{"href":"https:\/\/www.europesays.com\/fr\/wp-json\/wp\/v2\/types\/post"}],"author":[{"embeddable":true,"href":"https:\/\/www.europesays.com\/fr\/wp-json\/wp\/v2\/users\/2"}],"replies":[{"embeddable":true,"href":"https:\/\/www.europesays.com\/fr\/wp-json\/wp\/v2\/comments?post=443170"}],"version-history":[{"count":0,"href":"https:\/\/www.europesays.com\/fr\/wp-json\/wp\/v2\/posts\/443170\/revisions"}],"wp:featuredmedia":[{"embeddable":true,"href":"https:\/\/www.europesays.com\/fr\/wp-json\/wp\/v2\/media\/443171"}],"wp:attachment":[{"href":"https:\/\/www.europesays.com\/fr\/wp-json\/wp\/v2\/media?parent=443170"}],"wp:term":[{"taxonomy":"category","embeddable":true,"href":"https:\/\/www.europesays.com\/fr\/wp-json\/wp\/v2\/categories?post=443170"},{"taxonomy":"post_tag","embeddable":true,"href":"https:\/\/www.europesays.com\/fr\/wp-json\/wp\/v2\/tags?post=443170"}],"curies":[{"name":"wp","href":"https:\/\/api.w.org\/{rel}","templated":true}]}}