{"id":443173,"date":"2025-10-06T15:45:13","date_gmt":"2025-10-06T15:45:13","guid":{"rendered":"https:\/\/www.europesays.com\/fr\/443173\/"},"modified":"2025-10-06T15:45:13","modified_gmt":"2025-10-06T15:45:13","slug":"troisieme-des-championnats-deurope-lacte-de-naissance-de-paul-seixas-au-tres-haut-niveau","status":"publish","type":"post","link":"https:\/\/www.europesays.com\/fr\/443173\/","title":{"rendered":"troisi\u00e8me des championnats d&rsquo;Europe, l&rsquo;acte de naissance de Paul Seixas au tr\u00e8s haut niveau"},"content":{"rendered":"<p>Marseille, le 2\u00a0f\u00e9vrier dernier. Dans la mont\u00e9e vers Luminy, Paul Seixas joue la gagne d\u00e8s le premier final de sa carri\u00e8re professionnelle, <a href=\"https:\/\/www.laprovence.com\/article\/sports\/16917821955744\/cyclisme-valentin-ferron-etait-en-mission-sur-le-grand-prix-de-marseille-la-marseillaise\" target=\"_blank\" rel=\"noopener\">celui du Grand Prix de Marseille &#8211; La Marseillaise<\/a>. \u00c0 force de se regarder avec Kevin Vauquelin, Axel Laurance et Timo Kielich, le jeune Lyonnais ne prend \u00ab\u00a0que\u00a0\u00bb la 5e place, mais le ton est d\u00e9j\u00e0 donn\u00e9\u00a0: oui, il est bien le prodige du cyclisme fran\u00e7ais annonc\u00e9, m\u00eame si le grand public berc\u00e9 uniquement par le Tour de France va devoir attendre un peu avant de le d\u00e9couvrir.<\/p>\n<p>Huit mois plus tard, Paul Seixas n&rsquo;a toujours pas mis une roue sur la Grande Boucle, mais son nom n&rsquo;est d\u00e9j\u00e0 plus connu uniquement des acharn\u00e9s de\u00a0Pro Cycling Manager. Parce que le minot n&rsquo;a pas cess\u00e9 de progresser, toute l&rsquo;ann\u00e9e, qu&rsquo;on l&rsquo;a d\u00e9j\u00e0 aper\u00e7u sur le Crit\u00e9rium du Dauphin\u00e9 (8e du g\u00e9n\u00e9ral), <a href=\"https:\/\/www.laprovence.com\/article\/sports\/6369238163138\/cyclisme-paul-seixas-remporte-le-tour-de-lavenir-le-ciotaden-maxime-decomble-termine-cinquieme\" target=\"_blank\" rel=\"noopener\">qu&rsquo;il a remport\u00e9 le Tour de l&rsquo;Avenir fin ao\u00fbt<\/a> et surtout qu&rsquo;il a explos\u00e9 au plus haut niveau depuis une semaine. D\u00e9j\u00e0 sur les Mondiaux au Rwanda, il avait termin\u00e9 13e et premier Fran\u00e7ais en bataillant avec le haut du panier. Mais dimanche, \u00e0 domicile sur les championnats d&rsquo;Europe en Dr\u00f4me-Ard\u00e8che, il s&rsquo;est hiss\u00e9 \u00e0 un niveau r\u00e9serv\u00e9 \u00e0 une \u00e9lite tr\u00e8s ferm\u00e9e, <a href=\"https:\/\/www.laprovence.com\/article\/sports\/1771010081605515\/cyclisme-championnats-deurope-tadej-pogacar-seul-dans-son-monde-paul-seixas-bluffant\" target=\"_blank\" rel=\"noopener\">jusqu&rsquo;\u00e0 aller d\u00e9crocher une ma<\/a>&#8230;<\/p>\n","protected":false},"excerpt":{"rendered":"Marseille, le 2\u00a0f\u00e9vrier dernier. Dans la mont\u00e9e vers Luminy, Paul Seixas joue la gagne d\u00e8s le premier final&hellip;\n","protected":false},"author":2,"featured_media":443174,"comment_status":"","ping_status":"","sticky":false,"template":"","format":"standard","meta":{"footnotes":""},"categories":[1586],"tags":[17,11,3234,207,12082,154,1777,674,1011,27,56950,198,12,25,60,33762],"class_list":{"0":"post-443173","1":"post","2":"type-post","3":"status-publish","4":"format-standard","5":"has-post-thumbnail","7":"category-europe","8":"tag-17","9":"tag-actualites","10":"tag-championnats","11":"tag-cyclisme","12":"tag-deurope","13":"tag-des","14":"tag-eu","15":"tag-europe","16":"tag-fr","17":"tag-france","18":"tag-lacte","19":"tag-naissance","20":"tag-news","21":"tag-republique-francaise","22":"tag-sports","23":"tag-troisieme"},"share_on_mastodon":{"url":"https:\/\/pubeurope.com\/@fr\/115328000038688120","error":""},"_links":{"self":[{"href":"https:\/\/www.europesays.com\/fr\/wp-json\/wp\/v2\/posts\/443173","targetHints":{"allow":["GET"]}}],"collection":[{"href":"https:\/\/www.europesays.com\/fr\/wp-json\/wp\/v2\/posts"}],"about":[{"href":"https:\/\/www.europesays.com\/fr\/wp-json\/wp\/v2\/types\/post"}],"author":[{"embeddable":true,"href":"https:\/\/www.europesays.com\/fr\/wp-json\/wp\/v2\/users\/2"}],"replies":[{"embeddable":true,"href":"https:\/\/www.europesays.com\/fr\/wp-json\/wp\/v2\/comments?post=443173"}],"version-history":[{"count":0,"href":"https:\/\/www.europesays.com\/fr\/wp-json\/wp\/v2\/posts\/443173\/revisions"}],"wp:featuredmedia":[{"embeddable":true,"href":"https:\/\/www.europesays.com\/fr\/wp-json\/wp\/v2\/media\/443174"}],"wp:attachment":[{"href":"https:\/\/www.europesays.com\/fr\/wp-json\/wp\/v2\/media?parent=443173"}],"wp:term":[{"taxonomy":"category","embeddable":true,"href":"https:\/\/www.europesays.com\/fr\/wp-json\/wp\/v2\/categories?post=443173"},{"taxonomy":"post_tag","embeddable":true,"href":"https:\/\/www.europesays.com\/fr\/wp-json\/wp\/v2\/tags?post=443173"}],"curies":[{"name":"wp","href":"https:\/\/api.w.org\/{rel}","templated":true}]}}