{"id":443175,"date":"2025-10-06T15:46:11","date_gmt":"2025-10-06T15:46:11","guid":{"rendered":"https:\/\/www.europesays.com\/fr\/443175\/"},"modified":"2025-10-06T15:46:11","modified_gmt":"2025-10-06T15:46:11","slug":"quel-est-letat-du-droit-a-lavortement-dans-lue","status":"publish","type":"post","link":"https:\/\/www.europesays.com\/fr\/443175\/","title":{"rendered":"Quel est l&rsquo;\u00e9tat du droit \u00e0 l&rsquo;avortement dans l&rsquo;UE\u00a0?"},"content":{"rendered":"<p>          <img decoding=\"async\" class=\"c-ad__placeholder__logo\" src=\"https:\/\/static.euronews.com\/website\/images\/logos\/logo-euronews-stacked-outlined-72x72-grey-9.svg\" width=\"72\" height=\"72\" alt=\"\" loading=\"lazy\"\/><br \/>\n          PUBLICIT\u00c9<\/p>\n<p><strong>La Su\u00e8de<\/strong> (94,6 %), <strong>la France<\/strong> (85,2 %) et <strong>les Pays-Bas<\/strong> (80,3 %) sont les mieux class\u00e9s de l&rsquo;Union europ\u00e9enne en mati\u00e8re de droits \u00e0 l&rsquo;avortement, selon l&rsquo;Atlas europ\u00e9en des politiques de l&rsquo;avortement 2025.<\/p>\n<p>Les notes attribu\u00e9es \u00e0 ces pays sont li\u00e9es \u00e0 leurs solides protections juridiques qui d\u00e9p\u00e9nalisent totalement l&rsquo;avortement, \u00e0 la grande disponibilit\u00e9 des services, \u00e0 la couverture nationale des soins de sant\u00e9, \u00e0 l&rsquo;information en ligne pilot\u00e9e par le gouvernement et \u00e0 la lutte contre la d\u00e9sinformation.<\/p>\n<p>En revanche, <strong>Malte,<\/strong> avec 3,7 %<strong>, et la Pologne<\/strong>, avec 18,6 %, restent en bas du classement, l&rsquo;avortement \u00e9tant largement criminalis\u00e9 avec des sanctions strictes, et un acc\u00e8s aux soins cliniques restreint.<\/p>\n<p>En g\u00e9n\u00e9ral, les pays d&rsquo;Europe du Nord et de l&rsquo;Ouest sont mieux class\u00e9s dans l&rsquo;Atlas.<\/p>\n<p>Cependant, les experts en sant\u00e9 et droits sexuels et reproductifs qui ont \u00e9labor\u00e9 l&rsquo;Atlas ont mis en garde : \u00ab\u00a0Les femmes des zones rurales n&rsquo;auront pas le m\u00eame acc\u00e8s que les femmes des zones urbaines.\u00a0\u00bb<\/p>\n<p>Depuis l&rsquo;\u00e9dition pr\u00e9c\u00e9dente, en 2021, 15 pays europ\u00e9ens ont pris des mesures.<\/p>\n<p>Par exemple, <strong>la France<\/strong> a fait de l&rsquo;avortement un <a href=\"https:\/\/fr.euronews.com\/sante\/2024\/03\/04\/le-parlement-francais-a-approuve-linscription-de-lavortement-dans-la-constitution\" target=\"_blank\" rel=\"noopener\"><strong>droit constitutionnel<\/strong><\/a>, tandis que le Luxembourg et les Pays-Bas ont supprim\u00e9 les p\u00e9riodes d&rsquo;attente obligatoires.<\/p>\n<p>Le <strong>Danemark<\/strong> a quant \u00e0 lui \u00e9tendu les limites \u00e0 18 semaines et la Lituanie a l\u00e9galis\u00e9 l&rsquo;avortement m\u00e9dical.<\/p>\n<p>Cependant, seules <strong>la Finlande, la France et l&rsquo;Irlande<\/strong> autorisent les soins d&rsquo;avortement par t\u00e9l\u00e9m\u00e9decine, tandis que 13 \u00c9tats membres couvrent enti\u00e8rement l&rsquo;avortement dans le cadre de leur syst\u00e8me national de sant\u00e9.<\/p>\n<p>Il est important de noter que le <strong>Danemark, l&rsquo;Estonie, le Luxembourg, les Pays-Bas et la Su\u00e8de<\/strong> sont les seuls pays de l&rsquo;UE \u00e0 avoir totalement d\u00e9p\u00e9nalis\u00e9 l&rsquo;avortement, bien que cela soit recommand\u00e9 par l&rsquo;Organisation mondiale de la sant\u00e9 (OMS).<\/p>\n<p>\u00ab\u00a0Je pense qu&rsquo;il est important de souligner que l&rsquo;id\u00e9e d&rsquo;une d\u00e9p\u00e9nalisation totale n&rsquo;est pas une id\u00e9e gauchiste et f\u00e9ministe sortie de nulle part. Elle \u00e9mane de l&rsquo;OMS\u00a0\u00bb, a d\u00e9clar\u00e9 <strong>Neil Datta<\/strong>, directeur ex\u00e9cutif du Forum parlementaire europ\u00e9en pour les droits sexuels et reproductifs (EPF), lors du lancement de l&rsquo;Atlas.<\/p>\n<p>Les tendances n\u00e9gatives comprennent de nouvelles <strong>restrictions en Italie, \u00e0 Malte et en Slovaquie<\/strong>, telles que le harc\u00e8lement accru des fournisseurs d&rsquo;avortement et la diffusion de la d\u00e9sinformation par l&rsquo;\u00c9tat. Ces ph\u00e9nom\u00e8nes rendent l&rsquo;acc\u00e8s aux services d&rsquo;avortement plus difficile.<\/p>\n<p>Par exemple, en 2024, l&rsquo;Italie a adopt\u00e9 une loi autorisant <strong>les groupes pro-vie<\/strong> \u00e0 acc\u00e9der aux cliniques d&rsquo;avortement.<\/p>\n<p>La Su\u00e8de et la France sont les seuls pays o\u00f9 le gouvernement et les autorit\u00e9s publiques prennent des mesures contre la d\u00e9sinformation en mati\u00e8re d&rsquo;avortement.<\/p>\n<p>L&rsquo;\u00e9tude, r\u00e9alis\u00e9e par l&rsquo;EPF en collaboration avec des organisations nationales et des experts nationaux, a recueilli des donn\u00e9es dans 49 pays et territoires d&rsquo;Europe.<\/p>\n<p>Les donn\u00e9es ont \u00e9t\u00e9 analys\u00e9es selon quatre crit\u00e8res cl\u00e9s : le statut juridique, l&rsquo;acc\u00e8s, les soins cliniques la prestation de services et l&rsquo;information.<\/p>\n<p>L&rsquo;Atlas de cette ann\u00e9e comprend \u00e9galement des sous-cat\u00e9gories, telles que la t\u00e9l\u00e9m\u00e9decine, le lieu o\u00f9 l&rsquo;avortement est pratiqu\u00e9 et le niveau de protection juridique.<\/p>\n","protected":false},"excerpt":{"rendered":"PUBLICIT\u00c9 La Su\u00e8de (94,6 %), la France (85,2 %) et les Pays-Bas (80,3 %) sont les mieux class\u00e9s&hellip;\n","protected":false},"author":2,"featured_media":443176,"comment_status":"","ping_status":"","sticky":false,"template":"","format":"standard","meta":{"footnotes":""},"categories":[1586],"tags":[11,46743,1777,674,1779,4651,1011,27,12,25,71,1778,364],"class_list":{"0":"post-443175","1":"post","2":"type-post","3":"status-publish","4":"format-standard","5":"has-post-thumbnail","7":"category-europe","8":"tag-actualites","9":"tag-droit-a-lavortement","10":"tag-eu","11":"tag-europe","12":"tag-european-union","13":"tag-femmes","14":"tag-fr","15":"tag-france","16":"tag-news","17":"tag-republique-francaise","18":"tag-sante","19":"tag-ue","20":"tag-union-europeenne"},"share_on_mastodon":{"url":"https:\/\/pubeurope.com\/@fr\/115328004568019231","error":""},"_links":{"self":[{"href":"https:\/\/www.europesays.com\/fr\/wp-json\/wp\/v2\/posts\/443175","targetHints":{"allow":["GET"]}}],"collection":[{"href":"https:\/\/www.europesays.com\/fr\/wp-json\/wp\/v2\/posts"}],"about":[{"href":"https:\/\/www.europesays.com\/fr\/wp-json\/wp\/v2\/types\/post"}],"author":[{"embeddable":true,"href":"https:\/\/www.europesays.com\/fr\/wp-json\/wp\/v2\/users\/2"}],"replies":[{"embeddable":true,"href":"https:\/\/www.europesays.com\/fr\/wp-json\/wp\/v2\/comments?post=443175"}],"version-history":[{"count":0,"href":"https:\/\/www.europesays.com\/fr\/wp-json\/wp\/v2\/posts\/443175\/revisions"}],"wp:featuredmedia":[{"embeddable":true,"href":"https:\/\/www.europesays.com\/fr\/wp-json\/wp\/v2\/media\/443176"}],"wp:attachment":[{"href":"https:\/\/www.europesays.com\/fr\/wp-json\/wp\/v2\/media?parent=443175"}],"wp:term":[{"taxonomy":"category","embeddable":true,"href":"https:\/\/www.europesays.com\/fr\/wp-json\/wp\/v2\/categories?post=443175"},{"taxonomy":"post_tag","embeddable":true,"href":"https:\/\/www.europesays.com\/fr\/wp-json\/wp\/v2\/tags?post=443175"}],"curies":[{"name":"wp","href":"https:\/\/api.w.org\/{rel}","templated":true}]}}