{"id":443177,"date":"2025-10-06T15:47:11","date_gmt":"2025-10-06T15:47:11","guid":{"rendered":"https:\/\/www.europesays.com\/fr\/443177\/"},"modified":"2025-10-06T15:47:11","modified_gmt":"2025-10-06T15:47:11","slug":"lennart-monterlos-franco-allemand-detenu-en-iran-pour-espionnage-a-ete-acquitte-liberation","status":"publish","type":"post","link":"https:\/\/www.europesays.com\/fr\/443177\/","title":{"rendered":"Lennart Monterlos, Franco-Allemand d\u00e9tenu en Iran pour \u00abespionnage\u00bb, a \u00e9t\u00e9 acquitt\u00e9 \u2013 Lib\u00e9ration"},"content":{"rendered":"<p class=\"sc-cPiKLX AiZTS text-element\">Lennart Monterlos, Franco-Allemand de 19\u00a0ans <a href=\"https:\/\/www.liberation.fr\/international\/moyen-orient\/originaire-de-besancon-ecolo-fan-descalade-ce-que-lon-sait-de-lennart-monterlos-jeune-homme-de-19-ans-disparu-en-iran-20250707_F5453CSXQFDN5DXSCTRCY5W24U\/\" target=\"_blank\" rel=\"noopener\" title=\"https:\/\/www.liberation.fr\/international\/moyen-orient\/originaire-de-besancon-ecolo-fan-descalade-ce-que-lon-sait-de-lennart-monterlos-jeune-homme-de-19-ans-disparu-en-iran-20250707_F5453CSXQFDN5DXSCTRCY5W24U\/\">parti faire une randonn\u00e9e \u00e0 v\u00e9lo en Iran<\/a>, n\u2019avait plus donn\u00e9 signe de vie depuis le 16\u00a0juin. Accus\u00e9 d\u2019\u00abespionnage\u00bb et fait prisonnier par T\u00e9h\u00e9ran, il a finalement \u00e9t\u00e9 acquitt\u00e9, annonce ce lundi 6\u00a0octobre la justice iranienne. Il serait sur le point d\u2019\u00eatre rapatri\u00e9 en France, selon <a href=\"https:\/\/www.lemonde.fr\/international\/article\/2025\/10\/06\/le-cycliste-franco-allemand-lennart-monterlos-libere-par-l-iran-apres-pres-de-quatre-mois-de-detention_6644813_3210.html\" target=\"_blank\" rel=\"noreferrer noopener\" title=\"https:\/\/www.lemonde.fr\/international\/article\/2025\/10\/06\/le-cycliste-franco-allemand-lennart-monterlos-libere-par-l-iran-apres-pres-de-quatre-mois-de-detention_6644813_3210.html\">Le Monde<\/a>. <\/p>\n<p class=\"sc-cPiKLX AiZTS text-element\">Les autorit\u00e9s de T\u00e9h\u00e9ran n\u2019avaient jamais officiellement donn\u00e9 de justification \u00e0 ce chef d\u2019accusation depuis l\u2019arrestation du jeune originaire de Besan\u00e7on (Franche-Comt\u00e9) \u00e0 Bandar-Abbas, dans le sud de l\u2019Iran, il y a bient\u00f4t quatre mois. Le ministre iranien des Affaires \u00e9trang\u00e8res, Abbas Araghtchi, avait seulement d\u00e9clar\u00e9 en juillet qu\u2019il avait \u00abcommis un d\u00e9lit\u00bb, sans pr\u00e9ciser lequel. <\/p>\n<p class=\"sc-cPiKLX AiZTS text-element\">Le 11\u00a0septembre, Abbas Araghtchi avait d\u00e9clar\u00e9 qu\u2019un \u00abaccord\u00bb d\u2019\u00e9change de prisonniers entre l\u2019Iran et la France, <a href=\"https:\/\/www.liberation.fr\/international\/moyen-orient\/otages-francais-en-iran-un-accord-dechange-de-prisonniers-entre-la-france-et-teheran-dans-sa-phase-finale-20250912_SEE3O2MYZZAKHN3CXWCP2PBMJE\/?redirected=1\" target=\"_blank\" rel=\"noreferrer noopener\" title=\"https:\/\/www.liberation.fr\/international\/moyen-orient\/otages-francais-en-iran-un-accord-dechange-de-prisonniers-entre-la-france-et-teheran-dans-sa-phase-finale-20250912_SEE3O2MYZZAKHN3CXWCP2PBMJE\/?redirected=1\">approchait de sa \u00abphase finale\u00bb<\/a>. Le 24\u00a0septembre, Emmanuel Macron <a href=\"https:\/\/www.liberation.fr\/international\/moyen-orient\/cecile-kohler-jacques-paris-et-lennart-monterlos-macron-evoque-une-perspective-solide-pour-des-francais-detenus-en-iran-20250925_C75YJ3KXR5H37IAS3YWO5UVY5M\/\" target=\"_blank\" rel=\"noreferrer noopener\" title=\"https:\/\/www.liberation.fr\/international\/moyen-orient\/cecile-kohler-jacques-paris-et-lennart-monterlos-macron-evoque-une-perspective-solide-pour-des-francais-detenus-en-iran-20250925_C75YJ3KXR5H37IAS3YWO5UVY5M\/\">annon\u00e7ait une \u00abperspective solide\u00bb<\/a> pour le processus de lib\u00e9ration apr\u00e8s s\u2019\u00eatre entretenu avec le pr\u00e9sident iranien Massoud Pezeshkian \u00e0 New York \u00e0 l\u2019Assembl\u00e9e g\u00e9n\u00e9rale des Nations Unies. <\/p>\n<p class=\"sc-cPiKLX AiZTS text-element\">Depuis, aucune nouvelle n\u2019avait permis d\u2019entretenir l\u2019espoir d\u2019une lib\u00e9ration imminente du jeune cycliste. En r\u00e9action, la famille de Lennart Monterlos appelait la semaine derni\u00e8re \u00e0 une mobilisation pour sa lib\u00e9ration le samedi 18\u00a0octobre, \u00e0 Besan\u00e7on, alors qu\u2019elle ne s\u2019\u00e9tait pas exprim\u00e9e depuis mi-juillet. <\/p>\n<p class=\"sc-cPiKLX AiZTS text-element\">Mais la perspective d\u2019un \u00e9change de prisonniers concernait \u00e9galement deux autres ressortissants fran\u00e7ais. La d\u00e9cision d\u2019acquittement du jeune bisontin intervient alors que la France attend toujours la lib\u00e9ration de <a href=\"https:\/\/www.liberation.fr\/international\/moyen-orient\/otages-en-iran-ou-sont-cecile-kohler-et-jacques-paris-20250703_CRHSQZ2RYNDVDE6CNAT773ENDI\/\" target=\"_blank\" rel=\"noreferrer noopener\" title=\"https:\/\/www.liberation.fr\/international\/moyen-orient\/otages-en-iran-ou-sont-cecile-kohler-et-jacques-paris-20250703_CRHSQZ2RYNDVDE6CNAT773ENDI\/\">C\u00e9cile Kohler et Jacques Paris<\/a>, arr\u00eat\u00e9s le 7\u00a0mai 2022 au dernier jour d\u2019un voyage touristique. Les deux syndicalistes sont accus\u00e9s d\u2019espionnage pour le compte d\u2019Isra\u00ebl et sont depuis \u00abretenus comme otages d\u2019Etat\u00bb \u00e0 T\u00e9h\u00e9ran, selon les autorit\u00e9s fran\u00e7aises. Alors qu\u2019ils encourent la peine de mort, la France avait d\u00e9pos\u00e9 en mai une requ\u00eate contre T\u00e9h\u00e9ran devant la Cour internationale de justice. Le 25\u00a0septembre, la juridiction internationale avait annonc\u00e9 abandonner l\u2019affaire \u00e0 la demande de la France. <\/p>\n<p class=\"sc-cPiKLX AiZTS text-element\">Leur lib\u00e9ration est li\u00e9e pour T\u00e9h\u00e9ran \u00e0 celle d\u2019une ressortissante iranienne, Mahdieh Esfandiari, arr\u00eat\u00e9e en France en f\u00e9vrier pour avoir fait la promotion du terrorisme sur les r\u00e9seaux sociaux, selon la justice fran\u00e7aise. L\u2019Iran a demand\u00e9 \u00e0 plusieurs reprises sa lib\u00e9ration, estimant qu\u2019elle est injustement d\u00e9tenue. <\/p>\n<p class=\"sc-cPiKLX AiZTS text-element\">Sans mentionner les noms pr\u00e9cis de C\u00e9cile Kohler et Jacques Paris, le porte-parole de la diplomatie iranienne, Esma\u00efl Bagha\u00ef, a d\u00e9clar\u00e9 ce lundi octobre que \u00abla d\u00e9cision concernant la lib\u00e9ration de ces deux personnes et de Mme Esfandiari est en cours d\u2019examen par les autorit\u00e9s comp\u00e9tentes\u00bb. Avant d\u2019ajouter qu\u2019il esp\u00e9rait que les lib\u00e9rations se fassent \u00abprochainement\u00bb. <\/p>\n","protected":false},"excerpt":{"rendered":"Lennart Monterlos, Franco-Allemand de 19\u00a0ans parti faire une randonn\u00e9e \u00e0 v\u00e9lo en Iran, n\u2019avait plus donn\u00e9 signe de&hellip;\n","protected":false},"author":2,"featured_media":443178,"comment_status":"","ping_status":"","sticky":false,"template":"","format":"standard","meta":{"footnotes":""},"categories":[2],"tags":[11,1011,27,3019,12,25],"class_list":{"0":"post-443177","1":"post","2":"type-post","3":"status-publish","4":"format-standard","5":"has-post-thumbnail","7":"category-actualites","8":"tag-actualites","9":"tag-fr","10":"tag-france","11":"tag-iran","12":"tag-news","13":"tag-republique-francaise"},"share_on_mastodon":{"url":"https:\/\/pubeurope.com\/@fr\/115328007749359230","error":""},"_links":{"self":[{"href":"https:\/\/www.europesays.com\/fr\/wp-json\/wp\/v2\/posts\/443177","targetHints":{"allow":["GET"]}}],"collection":[{"href":"https:\/\/www.europesays.com\/fr\/wp-json\/wp\/v2\/posts"}],"about":[{"href":"https:\/\/www.europesays.com\/fr\/wp-json\/wp\/v2\/types\/post"}],"author":[{"embeddable":true,"href":"https:\/\/www.europesays.com\/fr\/wp-json\/wp\/v2\/users\/2"}],"replies":[{"embeddable":true,"href":"https:\/\/www.europesays.com\/fr\/wp-json\/wp\/v2\/comments?post=443177"}],"version-history":[{"count":0,"href":"https:\/\/www.europesays.com\/fr\/wp-json\/wp\/v2\/posts\/443177\/revisions"}],"wp:featuredmedia":[{"embeddable":true,"href":"https:\/\/www.europesays.com\/fr\/wp-json\/wp\/v2\/media\/443178"}],"wp:attachment":[{"href":"https:\/\/www.europesays.com\/fr\/wp-json\/wp\/v2\/media?parent=443177"}],"wp:term":[{"taxonomy":"category","embeddable":true,"href":"https:\/\/www.europesays.com\/fr\/wp-json\/wp\/v2\/categories?post=443177"},{"taxonomy":"post_tag","embeddable":true,"href":"https:\/\/www.europesays.com\/fr\/wp-json\/wp\/v2\/tags?post=443177"}],"curies":[{"name":"wp","href":"https:\/\/api.w.org\/{rel}","templated":true}]}}